{"id":110423,"date":"2017-03-13T22:37:35","date_gmt":"2017-03-14T00:37:35","guid":{"rendered":"http:\/\/aconteceunovale.com.br\/portal\/?p=110423"},"modified":"2017-03-13T22:55:08","modified_gmt":"2017-03-14T00:55:08","slug":"moradora-de-sao-joao-evangelista-faz-cha-de-bebe-para-a-filha-mas-nao-convidados-nao-comparecem","status":"publish","type":"post","link":"https:\/\/aconteceunovale.com.br\/portal\/?p=110423","title":{"rendered":"Moradora de S\u00e3o Jo\u00e3o Evangelista faz ch\u00e1 de beb\u00ea para a filha, mas convidados n\u00e3o comparecem"},"content":{"rendered":"<p>Mesa arrumada, painel com o nome da beb\u00ea Iris, bal\u00f5es e bolo de fraldas, mas nenhum convidado presente. O vazio da  festa feita pela artes\u00e3 Valdivina Ant\u00f4nia Alves, de 28 anos, ganhou a aten\u00e7\u00e3o dos internautas pelo Facebook nesta segunda-feira (13). <\/p>\n<p>A moradora de S\u00e3o Jo\u00e3o Evangelista, no Vale do Rio Doce, realizou o ch\u00e1 de beb\u00ea neste domingo (12), por\u00e9m ningu\u00e9m foi \u00e0 festa e al\u00e9m, da tristeza com a falta de prest\u00edgio, ela ainda acabou n\u00e3o ganhando nada para a beb\u00ea.<\/p>\n<p>\u201cEu fiquei mais triste por ningu\u00e9m ter vindo. S\u00f3 apareceu a minha m\u00e3e e dois sobrinhos meus. Fiz um tanto de coisa para comer, arrumei a mesa bonitinha, mas acabei ficando bem chateada pela falta da presen\u00e7a das pessoas\u201d, lamenta Valdivina.<\/p>\n<p>Ela \u00e9 m\u00e3e de outras tr\u00eas crian\u00e7as e, desempregada, est\u00e1 passando dificuldades para conseguir comprar o que a beb\u00ea, prestes a nascer, necessita. \u201cS\u00f3 meu marido que est\u00e1 trabalhando, mas o dinheiro dele mal d\u00e1 para pagar as contas. At\u00e9 agora eu s\u00f3 ganhei uma chupeta e uma banheira. Eu pe\u00e7o que quem puder fazer doa\u00e7\u00f5es para me ajudar\u201d, pede Valdivina.<\/p>\n<p>Segundo ela, na data do ch\u00e1 de beb\u00ea, n\u00e3o houve nenhum evento adverso na cidade que impedisse as pessoas de irem, como por exemplo chuva ou algum acidente. \u201cEu esperava que ao menos umas 10 pessoas viessem. Umas pessoas me disseram que esqueceram e outras que n\u00e3o puderam vir\u201d, destacou.<\/p>\n<p>Valdivina postou a foto da mesa vazia no Facebook e mais de 8 mil pessoas j\u00e1 curtiram a postagem que recebeu quase mil compartilhamentos. Tamb\u00e9m h\u00e1 muitos coment\u00e1rios de pessoas se propondo a ajudar. Quem puder fazer alguma doa\u00e7\u00e3o pode entrar em contato com Valdivina pelo telefone (33) 9 8762-2241.<\/p>\n<p><img decoding=\"async\" src=\"http:\/\/aconteceunovale.com.br\/portal\/wp-content\/uploads\/2017\/03\/cha_fraudas_sje.jpg\" alt=\"\" \/><em>Artes\u00e3 arrumou a casa, mas os convidados n\u00e3o apareceram (Foto: Reprodu\u00e7\u00e3o\/Facebook)<\/em><br \/>\n<\/br><\/p>\n<p><strong>VER PRIMEIRO<\/strong><\/p>\n<p><strong>Receba as not\u00edcias do Aconteceu no Vale em primeira m\u00e3o. Clique em curtir no endere\u00e7o <a href=\"https:\/\/www.facebook.com\/aconteceunovale\" target=\"_blank\"><font color=\"red\">www.facebook.com\/aconteceunovale<\/font><\/a> ou no box abaixo:<\/strong><\/p>\n<div class=\"fb-like\" data-href=\"https:\/\/www.facebook.com\/aconteceunovale\" data-width=\"120\" data-layout=\"standard\" data-action=\"like\" data-size=\"small\" data-show-faces=\"true\" data-share=\"true\"><\/div>\n<p><\/br><\/p>\n<p><em>(Fonte: O Tempo \/ Reportagem: Nat\u00e1lia Oliveira)<\/em><\/p>\n","protected":false},"excerpt":{"rendered":"<p>Mesa arrumada, painel com o nome da beb\u00ea Iris, bal\u00f5es e bolo de fraldas, mas nenhum convidado presente. O vazio da festa feita pela artes\u00e3 Valdivina Ant\u00f4nia Alves, de 28 anos, ganhou a aten\u00e7\u00e3o dos internautas pelo Facebook nesta segunda-feira (13). A moradora de S\u00e3o Jo\u00e3o Evangelista, no Vale do Rio Doce, realizou o ch\u00e1 [&hellip;]<\/p>\n","protected":false},"author":1,"featured_media":110424,"comment_status":"open","ping_status":"closed","sticky":false,"template":"","format":"standard","meta":{"amp_status":"","footnotes":""},"categories":[121],"tags":[142175,142173,142179,142177,142176,142180,162,142174,142172],"class_list":["post-110423","post","type-post","status-publish","format-standard","has-post-thumbnail","hentry","category-leste","tag-cha-de-bebe-sao-joao-evangelista","tag-cha-de-fraudas-valdivinia-alves","tag-mas-convidados-nao-comparecem","tag-mas-nao-convidados-nao-comparecem","tag-moradora-de-sao-joao-evangelista-faz-cha-de-bebe-para-a-filha","tag-moradora-de-sao-joao-evangelista-faz-cha-de-bebe-para-a-filha-mas-convidados-nao-comparecem","tag-sao-joao-evangelista","tag-valdivina-antonia-alves","tag-valdivinia-alves"],"_links":{"self":[{"href":"https:\/\/aconteceunovale.com.br\/portal\/index.php?rest_route=\/wp\/v2\/posts\/110423","targetHints":{"allow":["GET"]}}],"collection":[{"href":"https:\/\/aconteceunovale.com.br\/portal\/index.php?rest_route=\/wp\/v2\/posts"}],"about":[{"href":"https:\/\/aconteceunovale.com.br\/portal\/index.php?rest_route=\/wp\/v2\/types\/post"}],"author":[{"embeddable":true,"href":"https:\/\/aconteceunovale.com.br\/portal\/index.php?rest_route=\/wp\/v2\/users\/1"}],"replies":[{"embeddable":true,"href":"https:\/\/aconteceunovale.com.br\/portal\/index.php?rest_route=%2Fwp%2Fv2%2Fcomments&post=110423"}],"version-history":[{"count":0,"href":"https:\/\/aconteceunovale.com.br\/portal\/index.php?rest_route=\/wp\/v2\/posts\/110423\/revisions"}],"wp:featuredmedia":[{"embeddable":true,"href":"https:\/\/aconteceunovale.com.br\/portal\/index.php?rest_route=\/wp\/v2\/media\/110424"}],"wp:attachment":[{"href":"https:\/\/aconteceunovale.com.br\/portal\/index.php?rest_route=%2Fwp%2Fv2%2Fmedia&parent=110423"}],"wp:term":[{"taxonomy":"category","embeddable":true,"href":"https:\/\/aconteceunovale.com.br\/portal\/index.php?rest_route=%2Fwp%2Fv2%2Fcategories&post=110423"},{"taxonomy":"post_tag","embeddable":true,"href":"https:\/\/aconteceunovale.com.br\/portal\/index.php?rest_route=%2Fwp%2Fv2%2Ftags&post=110423"}],"curies":[{"name":"wp","href":"https:\/\/api.w.org\/{rel}","templated":true}]}}