{"id":110413,"date":"2017-03-13T21:32:41","date_gmt":"2017-03-13T23:32:41","guid":{"rendered":"http:\/\/aconteceunovale.com.br\/portal\/?p=110413"},"modified":"2017-03-13T21:32:41","modified_gmt":"2017-03-13T23:32:41","slug":"boa-perde-patrocinios-apos-contratar-goleiro-bruno","status":"publish","type":"post","link":"https:\/\/aconteceunovale.com.br\/portal\/?p=110413","title":{"rendered":"Boa perde patroc\u00ednios ap\u00f3s contratar goleiro Bruno"},"content":{"rendered":"<p>Cinco patrocinadores j\u00e1 anunciaram rompimento dos contratos com o Boa Esporte ap\u00f3s o clube mineiro negociar a contrata\u00e7\u00e3o do goleiro Bruno Fernandes. O atleta, que deixou a pris\u00e3o no m\u00eas passado, \u00e9 condenado em primeira inst\u00e2ncia pelo homic\u00eddio de Eliza Samudio, com quem teve um relacionamento e um filho. Um\u00a0<em>habeas corpus<\/em>\u00a0concedido pelo ministro Marco Aur\u00e9lio Mello, do Supremo Tribunal Federal (STF), lhe deu o direito de aguardar o julgamento dos recursos em liberdade.<\/p>\n<p>As empresas Nutrends Nutrition, fabricante de suplemento nutricional, e CardioCenter, cl\u00ednica cardiol\u00f3gica, j\u00e1 haviam anunciado o rompimento na semana passada. Hoje (13), foi a vez da Magsul, cl\u00ednica de resson\u00e2ncia magn\u00e9tica; do grupo Gois &#038; Silva, que atua no mercado financeiro; e da Kanxa, fornecedora de material esportivo. O Boa Esporte conta ainda com uma parceria com a prefeitura de Varginha (MG), munic\u00edpio onde fica a sede do clube.<\/p>\n<p>O an\u00fancio oficial da contrata\u00e7\u00e3o do goleiro ainda depende dos exames m\u00e9dicos e de detalhes burocr\u00e1ticos. As bases do contrato j\u00e1 foram acertadas, e a diretoria da equipe mineira espera apresentar o jogador ainda hoje ou amanh\u00e3 (14).<\/p>\n<p><img decoding=\"async\" src=\"http:\/\/aconteceunovale.com.br\/portal\/wp-content\/uploads\/2017\/03\/bruno_boa.jpg\" alt=\"\" \/><em>Bruno foi contratado pelo Boa Esporte (Foto: Divulga\u00e7\u00e3o)<\/em><br \/>\n<\/br><\/p>\n<p><strong>Internet<\/strong><\/p>\n<p>O descontentamento com a contrata\u00e7\u00e3o tamb\u00e9m levou\u00a0<em>hackers\u00a0<\/em>a invadir a p\u00e1gina virtual do clube. Em mensagem postada sobre um fundo preto, os invasores justificaram o ato como uma demonstra\u00e7\u00e3o de rep\u00fadio ao Boa Esporte e aos patrocinadores por apoiarem diretamente o feminic\u00eddio.<\/p>\n<p>Tamb\u00e9m foram apresentados alguns dados relacionados \u00e0 viol\u00eancia contra a mulher. &#8220;No Brasil, a taxa de feminic\u00eddios \u00e9 de 4,8 para 100 mil mulheres, a quinta maior no mundo, segundo dados da Organiza\u00e7\u00e3o Mundial da Sa\u00fade (OMS). Em 2015, o Mapa da Viol\u00eancia revelou que, de 2003 a 2013, o n\u00famero de assassinatos de mulheres negras cresceu 54%, passando de 1.864 para 2.875&#8221;, registra a mensagem.<\/p>\n<p><strong>Condena\u00e7\u00e3o<\/strong><\/p>\n<p>Bruno foi preso preventivamente em 2010, quando defendia o Flamengo e vivia bom momento na carreira. Um inqu\u00e9rito policial o apontou como principal suspeito de ter matado Eliza Samudio, que desapareceu aos 25 anos e foi considerada morta pela Justi\u00e7a. Seu corpo nunca foi encontrado.<\/p>\n<p>Em 2013, o Tribunal do J\u00fari da Comarca de Contagem (MG) condenou o goleiro a 22 anos e tr\u00eas meses de pris\u00e3o pelos crimes de homic\u00eddio triplamente qualificado, sequestro e oculta\u00e7\u00e3o de cad\u00e1ver. Um amigo de Bruno, Luiz Henrique Rom\u00e3o, conhecido como Macarr\u00e3o, tamb\u00e9m foi condenado.<\/p>\n<p>Segundo\u00a0decis\u00e3o do STF do ano passado, as penas devem come\u00e7ar a ser cumpridas ap\u00f3s condena\u00e7\u00e3o em segunda inst\u00e2ncia. No\u00a0<em>habeas corpus\u00a0<\/em>concedido no m\u00eas passado, o ministro Marco Aur\u00e9lio destacou que Bruno tinha condena\u00e7\u00e3o apenas em primeira inst\u00e2ncia e j\u00e1 somava seis anos e sete meses de pris\u00e3o preventiva, sem que seus recursos tivessem sido avaliados pela Justi\u00e7a. Por esse motivo, ele deveria ser solto para poder recorrer em liberdade.<\/p>\n<p>De acordo com o C\u00f3digo do Processo Penal, a pris\u00e3o preventiva deve atender aos princ\u00edpios da proporcionalidade e necessidade, n\u00e3o tendo prazo de dura\u00e7\u00e3o m\u00e1xima. No entanto, uma proposta de reforma da lei j\u00e1 aprovada no Senado e tramitando na C\u00e2mara dos Deputados sugere estabelecer o limite em 360 dias.<\/p>\n<p><strong>VER PRIMEIRO<\/strong><\/p>\n<p><strong>Receba as not\u00edcias do Aconteceu no Vale em primeira m\u00e3o. Clique em curtir no endere\u00e7o <a href=\"https:\/\/www.facebook.com\/aconteceunovale\" target=\"_blank\"><font color=\"red\">www.facebook.com\/aconteceunovale<\/font><\/a> ou no box abaixo:<\/strong><\/p>\n<div class=\"fb-like\" data-href=\"https:\/\/www.facebook.com\/aconteceunovale\" data-width=\"120\" data-layout=\"standard\" data-action=\"like\" data-size=\"small\" data-show-faces=\"true\" data-share=\"true\"><\/div>\n<p><\/br><\/p>\n<p><em>(Fonte: Ag\u00eancia Brasil)<\/em><\/p>\n","protected":false},"excerpt":{"rendered":"<p>Cinco patrocinadores j\u00e1 anunciaram rompimento dos contratos com o Boa Esporte ap\u00f3s o clube mineiro negociar a contrata\u00e7\u00e3o do goleiro Bruno Fernandes. O atleta, que deixou a pris\u00e3o no m\u00eas passado, \u00e9 condenado em primeira inst\u00e2ncia pelo homic\u00eddio de Eliza Samudio, com quem teve um relacionamento e um filho. Um\u00a0habeas corpus\u00a0concedido pelo ministro Marco Aur\u00e9lio [&hellip;]<\/p>\n","protected":false},"author":1,"featured_media":110414,"comment_status":"open","ping_status":"closed","sticky":false,"template":"","format":"standard","meta":{"amp_status":"","footnotes":""},"categories":[59,123],"tags":[26106,3146,142150,10545,142154,956,142151,1018,12348,21232,142156,3752,142152,142157,15964,15961,142155,131,142153,1489,223],"class_list":["post-110413","post","type-post","status-publish","format-standard","has-post-thumbnail","hentry","category-sports","category-gerais","tag-boa","tag-boa-esporte","tag-boa-perde-patrocinios-apos-contratar-goleiro-bruno","tag-bruno-fernandes","tag-cardiocenter","tag-contagem","tag-contratacao-do-goleiro-bruno-fernandes","tag-destaque","tag-eliza-samudio","tag-futebol","tag-gois-silva","tag-goleiro-bruno","tag-homicidio-de-eliza-samudio","tag-kanxa","tag-luiz-henrique-romao","tag-macarrao","tag-magsul","tag-minas-gerais","tag-nutrends-nutrition","tag-patrocinio","tag-varginha"],"_links":{"self":[{"href":"https:\/\/aconteceunovale.com.br\/portal\/index.php?rest_route=\/wp\/v2\/posts\/110413","targetHints":{"allow":["GET"]}}],"collection":[{"href":"https:\/\/aconteceunovale.com.br\/portal\/index.php?rest_route=\/wp\/v2\/posts"}],"about":[{"href":"https:\/\/aconteceunovale.com.br\/portal\/index.php?rest_route=\/wp\/v2\/types\/post"}],"author":[{"embeddable":true,"href":"https:\/\/aconteceunovale.com.br\/portal\/index.php?rest_route=\/wp\/v2\/users\/1"}],"replies":[{"embeddable":true,"href":"https:\/\/aconteceunovale.com.br\/portal\/index.php?rest_route=%2Fwp%2Fv2%2Fcomments&post=110413"}],"version-history":[{"count":0,"href":"https:\/\/aconteceunovale.com.br\/portal\/index.php?rest_route=\/wp\/v2\/posts\/110413\/revisions"}],"wp:featuredmedia":[{"embeddable":true,"href":"https:\/\/aconteceunovale.com.br\/portal\/index.php?rest_route=\/wp\/v2\/media\/110414"}],"wp:attachment":[{"href":"https:\/\/aconteceunovale.com.br\/portal\/index.php?rest_route=%2Fwp%2Fv2%2Fmedia&parent=110413"}],"wp:term":[{"taxonomy":"category","embeddable":true,"href":"https:\/\/aconteceunovale.com.br\/portal\/index.php?rest_route=%2Fwp%2Fv2%2Fcategories&post=110413"},{"taxonomy":"post_tag","embeddable":true,"href":"https:\/\/aconteceunovale.com.br\/portal\/index.php?rest_route=%2Fwp%2Fv2%2Ftags&post=110413"}],"curies":[{"name":"wp","href":"https:\/\/api.w.org\/{rel}","templated":true}]}}