{"id":110410,"date":"2017-03-13T21:01:11","date_gmt":"2017-03-13T23:01:11","guid":{"rendered":"http:\/\/aconteceunovale.com.br\/portal\/?p=110410"},"modified":"2017-03-13T21:01:11","modified_gmt":"2017-03-13T23:01:11","slug":"creas-regional-em-aguas-formosas-e-inaugurado","status":"publish","type":"post","link":"https:\/\/aconteceunovale.com.br\/portal\/?p=110410","title":{"rendered":"Creas Regional em \u00c1guas Formosas \u00e9 inaugurado"},"content":{"rendered":"<p>O\u00a0Governo de Minas Gerais, por meio da\u00a0Secretaria de Estado de Trabalho e Desenvolvimento Social (Sedese), inaugurou na sexta-feira (10\/3) a unidade do Centro de Refer\u00eancia Especializado de Assist\u00eancia Social Regional (Creas) do Territ\u00f3rio Mucuri.<\/p>\n<p>O local vai beneficiar uma popula\u00e7\u00e3o estimada em 42 mil pessoas, dos munic\u00edpios de Bert\u00f3polis, Cris\u00f3lita, Fronteira dos Vales, Santa Helena de Minas e Umburatiba, al\u00e9m de \u00c1guas Formosas. \u00a0A equipe regional, contratada pelo Estado, percorrer\u00e1 semanalmente esses munic\u00edpios, realizando os atendimentos e fazendo a interlocu\u00e7\u00e3o com a rede local de assist\u00eancia social.<\/p>\n<p>\u00c9 a primeira vez que o Governo do Estado assume, por meio da Sedese, a oferta de servi\u00e7os de Prote\u00e7\u00e3o Social Especial (PSE) de forma regionalizada para indiv\u00edduos e fam\u00edlias em situa\u00e7\u00e3o de risco pessoal ou social, e exerce o papel de articulador da prote\u00e7\u00e3o social em todo o Territ\u00f3rio de Desenvolvimento onde o Creas est\u00e1 localizado \u2013 29 munic\u00edpios do Mucuri.<\/p>\n<p>Representando o governador\u00a0Fernando Pimentel, a secret\u00e1ria de Estado de Trabalho e Desenvolvimento Social, Rosilene Rocha, destacou que os Creas regionais s\u00e3o fruto do processo participativo do Governo de Minas, uma conquista da popula\u00e7\u00e3o, que apresentou a demanda nos F\u00f3runs Regionais.<\/p>\n<p>\u201cA gente n\u00e3o consegue fazer tudo o que as cidades, as pessoas, demandam de n\u00f3s &#8211; muito menos em um tempo de gest\u00e3o que \u00e9 um tempo relativamente curto -, mas eu queria deixar aqui este compromisso em nome do governador. Voc\u00eas n\u00e3o esperem outra coisa do Governo de Minas, da Sedese, dos nossos parceiros, prefeitos e deputados que est\u00e3o nos ajudando na Assembleia: n\u00f3s vamos sempre vir consultar voc\u00eas, n\u00f3s n\u00e3o temos dinheiro para fazer tudo, mas as decis\u00f5es daquilo que vamos fazer saem daqui, dos F\u00f3runs e das consultas que n\u00f3s faremos \u00e0s comunidades\u201d, garantiu.<\/p>\n<p>A presidente do Conselho Estadual de Assist\u00eancia Social (Ceas), subsecret\u00e1ria de Assist\u00eancia Social, Simone Albuquerque, lembrou que a regionaliza\u00e7\u00e3o da prote\u00e7\u00e3o social \u00e9 tamb\u00e9m uma demanda das Confer\u00eancias Regionais de Assist\u00eancia Social, realizadas em 2015, e ressaltou a import\u00e2ncia das parcerias e do di\u00e1logo para o fortalecimento da pol\u00edtica de assist\u00eancia social.<\/p>\n<p>\u201cDestaco a atua\u00e7\u00e3o do Minist\u00e9rio P\u00fablico, que acompanha todas as reuni\u00f5es do Ceas e da Comiss\u00e3o Intergestores Bipartite (CIB), e que tem papel importante nesta conquista. Lembro aqui a dificuldade dos promotores, de n\u00e3o saberem para onde encaminhar os casos. Ent\u00e3o, queremos dar continuidade a esta parceria e abrir novas inst\u00e2ncias de di\u00e1logo. Vamos, todos os meses, reunir Creas Regional, sa\u00fade, educa\u00e7\u00e3o, Minist\u00e9rio P\u00fablico para, juntos, construir mais prote\u00e7\u00e3o para crian\u00e7as, jovens e mulheres dessa regi\u00e3o\u201d, assegurou Simone Albuquerque.<\/p>\n<p><img decoding=\"async\" src=\"http:\/\/aconteceunovale.com.br\/portal\/wp-content\/uploads\/2017\/03\/creas_aguas_formosas.jpg\" alt=\"\" \/><em>Creas Regional em \u00c1guas Formosas \u00e9 inaugurado (Foto: Divulga\u00e7\u00e3o\/Sedese)<\/em><br \/>\n<\/br><\/p>\n<p><strong>Como acessar o servi\u00e7o<\/strong><\/p>\n<p>A demanda pelo servi\u00e7o se d\u00e1 de forma espont\u00e2nea ou via encaminhamento pelos t\u00e9cnicos da Prote\u00e7\u00e3o Social Especial da Secretaria Municipal de Assist\u00eancia Social; pelo Judici\u00e1rio e pelos Conselhos Tutelares e Conselho Municipal da Assist\u00eancia Social; Conselho Municipal dos Direitos da Crian\u00e7a e do Adolescente; Conselho Municipal dos Direitos do Idoso, Conselho Municipal dos Direitos da Mulher e Conselho Municipal dos Direitos das Pessoas com Defici\u00eancia, dentre outros.<\/p>\n<p>Como nem sempre os casos de viol\u00eancia, abandono e abuso s\u00e3o denunciados, os t\u00e9cnicos da equipe do Creas tamb\u00e9m realizam a busca ativa, visitando as \u00e1reas de maior vulnerabilidade nos munic\u00edpios, como pra\u00e7as, entroncamentos de estradas, fronteiras, espa\u00e7os p\u00fablicos onde se realizam atividades laborais, locais de intensa circula\u00e7\u00e3o de pessoas e exist\u00eancia de com\u00e9rcio, terminais de \u00f4nibus e trens.<\/p>\n<p><strong>Creas\u00a0 M\u00e9dio e Baixo Jequitinhonha<\/strong><\/p>\n<p>Tamb\u00e9m na sexta-feira (10\/3),\u00a0o governador Fernando Pimentel inaugurou, em Almenara, a unidade regional Creas M\u00e9dio e Baixo Jequitinhonha, que vai atender aos munic\u00edpios de Bandeira, Mata Verde, Palm\u00f3polis, Rio do Prado e Rubim.<\/p>\n<p>O governador tamb\u00e9m autorizou, na solenidade, a implanta\u00e7\u00e3o de refer\u00eancias t\u00e9cnicas de prote\u00e7\u00e3o especial nos 11 munic\u00edpios abrangidos pelo servi\u00e7o ofertado nos Creas Regionais M\u00e9dio e Baixo Jequitinhonha e Mucuri.<\/p>\n<p>\u201cO despacho assinado pelo governador autoriza a Sedese a financiar os munic\u00edpios de abrang\u00eancia do servi\u00e7o, para que tenham um t\u00e9cnico de refer\u00eancia da Prote\u00e7\u00e3o Social Especial. Ent\u00e3o, n\u00f3s vamos come\u00e7ar a fazer repasses do Fundo Estadual para os Fundos Municipais, de um pouco mais de recurso para que os munic\u00edpios possam ter psic\u00f3logo ou assistente social, enfim, os t\u00e9cnicos nas cidades, para fazer o acompanhamento. \u00c9 muito importante para n\u00f3s que voc\u00eas tenham bons t\u00e9cnicos, servi\u00e7os de qualidade, porque \u00e9 isso que a popula\u00e7\u00e3o merece\u201d, afirmou a secret\u00e1ria Rosilene Rocha.<\/p>\n<p><strong>Fun\u00e7\u00e3o Protetiva do Estado<\/strong><\/p>\n<p>Os dois Creas regionais s\u00e3o os primeiros equipamentos estaduais criados para promover direitos e fortalecer fam\u00edlias na sua fun\u00e7\u00e3o protetiva.<\/p>\n<p>A subsecret\u00e1ria Simone Albuquerque explicou o papel do Estado, ao mencionar que as fam\u00edlias, algumas vezes, ficam envergonhadas e n\u00e3o sabem a quem recorrer ao enfrentar determinadas situa\u00e7\u00f5es.<\/p>\n<p>\u201cElas se perguntam: ser\u00e1 que n\u00f3s podemos procurar ajuda, atendimento, ser\u00e1 que somos culpadas? Ent\u00e3o, \u00e9 preciso que entendam que aqui \u00e9 um direito delas; elas n\u00e3o t\u00eam que sentir culpa. O estado \u00e9 respons\u00e1vel por proteger as fam\u00edlias, estar pr\u00f3ximas delas, ajud\u00e1-las nesta tarefa t\u00e3o importante, mas tamb\u00e9m t\u00e3o dif\u00edcil, que \u00e9 proteger os seus membros mais vulner\u00e1veis\u201d.<\/p>\n<p>A equipe do Creas \u00e9 composta por um coordenador, dois assistentes sociais, dois psic\u00f3logos, um advogado, quatro profissionais de n\u00edvel superior ou m\u00e9dio, dois auxiliares administrativos, um vigia, um motorista e um auxiliar de servi\u00e7os gerais.<\/p>\n<p>Segundo a subsecret\u00e1ria Simone Albuquerque, a equipe vai tecer uma rede de prote\u00e7\u00e3o aos indiv\u00edduos e fam\u00edlias fragilizados por situa\u00e7\u00f5es de viola\u00e7\u00e3o de direitos, como abandono, maus tratos e viol\u00eancia.<\/p>\n<p>\u201cVamos realizar reuni\u00f5es peri\u00f3dicas com secretarias municipais, Cogemas, Minist\u00e9rio P\u00fablico e entidades diversas; vamos criar uma experi\u00eancia de di\u00e1logo para construir uma rede de prote\u00e7\u00e3o regional, vamos fortalecer os mais simples e vulner\u00e1veis para proteg\u00ea-los dos mais fortes e intolerantes\u201d, assegurou.<\/p>\n<p>Estiveram presentes \u00e0 solenidade de inaugura\u00e7\u00e3o do Creas Regional Mucuri o vice-prefeito de \u00c1guas Formosas, Jos\u00e9 Duarte; o secret\u00e1rio de Assist\u00eancia Social de Machacalis, Diego Soares, representando o Cogemas; o chefe de gabinete Vagner Caetano, representando o deputado Andr\u00e9 Quint\u00e3o, al\u00e9m de diversas autoridades e moradores locais.<\/p>\n<p><strong>VER PRIMEIRO<\/strong><\/p>\n<p><strong>Receba as not\u00edcias do Aconteceu no Vale em primeira m\u00e3o. Clique em curtir no endere\u00e7o <a href=\"https:\/\/www.facebook.com\/aconteceunovale\" target=\"_blank\"><font color=\"red\">www.facebook.com\/aconteceunovale<\/font><\/a> ou no box abaixo:<\/strong><\/p>\n<div class=\"fb-like\" data-href=\"https:\/\/www.facebook.com\/aconteceunovale\" data-width=\"120\" data-layout=\"standard\" data-action=\"like\" data-size=\"small\" data-show-faces=\"true\" data-share=\"true\"><\/div>\n<p><\/br><\/p>\n<p><em>(Fonte: Ag\u00eancia Minas)<\/em><\/p>\n","protected":false},"excerpt":{"rendered":"<p>O\u00a0Governo de Minas Gerais, por meio da\u00a0Secretaria de Estado de Trabalho e Desenvolvimento Social (Sedese), inaugurou na sexta-feira (10\/3) a unidade do Centro de Refer\u00eancia Especializado de Assist\u00eancia Social Regional (Creas) do Territ\u00f3rio Mucuri. O local vai beneficiar uma popula\u00e7\u00e3o estimada em 42 mil pessoas, dos munic\u00edpios de Bert\u00f3polis, Cris\u00f3lita, Fronteira dos Vales, Santa Helena [&hellip;]<\/p>\n","protected":false},"author":1,"featured_media":110411,"comment_status":"open","ping_status":"closed","sticky":false,"template":"","format":"standard","meta":{"amp_status":"","footnotes":""},"categories":[122],"tags":[1536,142,1798,141661,141662,141664,141663,141666,142149,2453,510,6546,141660,141665,990,1812],"class_list":["post-110410","post","type-post","status-publish","format-standard","has-post-thumbnail","hentry","category-mucuri","tag-aguas-formosas","tag-almenara","tag-bertopolis","tag-centro-de-referencia-especializado-de-assistencia-social","tag-creas","tag-creas-regional-do-medio-e-baixo-jequitinhonha","tag-creas-regional-do-mucuri","tag-creas-regional-do-mucuri-sera-inaugurado-nesta-sexta","tag-creas-regional-em-aguas-formosas-e-inaugurado","tag-crisolita","tag-fronteira-dos-vales","tag-governo-de-minas","tag-governo-de-minas-inaugura-creas-regional-do-mucuri","tag-inauguracao-dos-creas-em-aguas-formosas","tag-santa-helena-de-minas","tag-umburatiba"],"_links":{"self":[{"href":"https:\/\/aconteceunovale.com.br\/portal\/index.php?rest_route=\/wp\/v2\/posts\/110410","targetHints":{"allow":["GET"]}}],"collection":[{"href":"https:\/\/aconteceunovale.com.br\/portal\/index.php?rest_route=\/wp\/v2\/posts"}],"about":[{"href":"https:\/\/aconteceunovale.com.br\/portal\/index.php?rest_route=\/wp\/v2\/types\/post"}],"author":[{"embeddable":true,"href":"https:\/\/aconteceunovale.com.br\/portal\/index.php?rest_route=\/wp\/v2\/users\/1"}],"replies":[{"embeddable":true,"href":"https:\/\/aconteceunovale.com.br\/portal\/index.php?rest_route=%2Fwp%2Fv2%2Fcomments&post=110410"}],"version-history":[{"count":0,"href":"https:\/\/aconteceunovale.com.br\/portal\/index.php?rest_route=\/wp\/v2\/posts\/110410\/revisions"}],"wp:featuredmedia":[{"embeddable":true,"href":"https:\/\/aconteceunovale.com.br\/portal\/index.php?rest_route=\/wp\/v2\/media\/110411"}],"wp:attachment":[{"href":"https:\/\/aconteceunovale.com.br\/portal\/index.php?rest_route=%2Fwp%2Fv2%2Fmedia&parent=110410"}],"wp:term":[{"taxonomy":"category","embeddable":true,"href":"https:\/\/aconteceunovale.com.br\/portal\/index.php?rest_route=%2Fwp%2Fv2%2Fcategories&post=110410"},{"taxonomy":"post_tag","embeddable":true,"href":"https:\/\/aconteceunovale.com.br\/portal\/index.php?rest_route=%2Fwp%2Fv2%2Ftags&post=110410"}],"curies":[{"name":"wp","href":"https:\/\/api.w.org\/{rel}","templated":true}]}}