{"id":110407,"date":"2017-03-13T20:54:31","date_gmt":"2017-03-13T22:54:31","guid":{"rendered":"http:\/\/aconteceunovale.com.br\/portal\/?p=110407"},"modified":"2017-03-13T20:54:31","modified_gmt":"2017-03-13T22:54:31","slug":"comunidade-rural-quilombola-de-januaria-tera-incentivo-para-agroindustria-familiar","status":"publish","type":"post","link":"https:\/\/aconteceunovale.com.br\/portal\/?p=110407","title":{"rendered":"Comunidade rural quilombola de Janu\u00e1ria ter\u00e1 incentivo para agroind\u00fastria familiar"},"content":{"rendered":"<p>Para ampliar a produ\u00e7\u00e3o artesanal das comunidades quilombolas rurais, o Governo de Minas Gerais, por meio da Secretaria de Estado de Desenvolvimento Agr\u00e1rio (Seda), ir\u00e1 apoiar a implanta\u00e7\u00e3o de pequenas agroind\u00fastrias familiares neste segmento.<\/p>\n<p>O an\u00fancio foi feito pelo secret\u00e1rio de Estado, Professor Neivaldo, durante o III Encontro de Comunidades Quilombolas, realizado pela Associa\u00e7\u00e3o dos Agricultores Familiares Quilombola de Alegre, na Comunidade de Alegre, na zona rural de Janu\u00e1ria, no Norte de Minas.<\/p>\n<p>\u201c\u00c9 muito importante agregar valor \u00e0 produ\u00e7\u00e3o nas comunidades rurais quilombolas, sobretudo para dar uma alternativa de renda \u00e0s fam\u00edlias do campo\u201d, disse o secret\u00e1rio de Estado Professor Neivaldo.<\/p>\n<p>Ele afirmou que a Seda ir\u00e1 implantar ainda neste ano uma pequena agroind\u00fastria familiar na comunidade rural de Alegre, a 16 quil\u00f4metros do centro de Janu\u00e1ria. O projeto piloto consiste na instala\u00e7\u00e3o de equipamentos para produ\u00e7\u00e3o de p\u00e3es, bolos e biscoitos para atender os consumidores da regi\u00e3o e os mercados institucionais, como escolas e hospitais.<\/p>\n<p>Al\u00e9m do projeto da mini padaria, a associa\u00e7\u00e3o tamb\u00e9m deve receber um Kit Feira, composto por 10 barracas, sessenta caixas, vinte jalecos e balan\u00e7a de precis\u00e3o, para organizar e potencializar a venda dos produtos.<\/p>\n<p>\u201cNossa comunidade tem condi\u00e7\u00f5es de ampliar nossa produ\u00e7\u00e3o e aumentar a renda com a chegada dos equipamentos\u201d, afirma a presidente da Associa\u00e7\u00e3o, Rosimeire Alves. Certificada como quilombola pela Funda\u00e7\u00e3o Palmares em 2012, Alegre \u00e9 formada por cerca de 500 fam\u00edlias e est\u00e1 localizada \u00e0s margens da MG 135, rodovia que liga Janu\u00e1ria a Manga.<\/p>\n<p>A terceira edi\u00e7\u00e3o do encontro teve a presen\u00e7a de fam\u00edlias das comunidades quilombolas e rurais de Alegre I e II, Riacho da Cruz, Agreste, Formosa, Barreiro, Barreirinho, V\u00e1rzea da Cruz, Riacho Novo, entre outras, e contou com missa, atra\u00e7\u00f5es culturais, feira de alimentos e artesanato da regi\u00e3o e sorteio de brindes.<\/p>\n<p><img decoding=\"async\" src=\"http:\/\/aconteceunovale.com.br\/portal\/wp-content\/uploads\/2017\/03\/comunidade_quilombola_januaria.jpg\" alt=\"\" \/><em>An\u00fancio foi feito durante o III Encontro de Comunidades Quilombolas (Divulga\u00e7\u00e3o\/Seda)<\/em><br \/>\n<\/br><\/p>\n<p><strong>VER PRIMEIRO<\/strong><\/p>\n<p><strong>Receba as not\u00edcias do Aconteceu no Vale em primeira m\u00e3o. Clique em curtir no endere\u00e7o <a href=\"https:\/\/www.facebook.com\/aconteceunovale\" target=\"_blank\"><font color=\"red\">www.facebook.com\/aconteceunovale<\/font><\/a> ou no box abaixo:<\/strong><\/p>\n<div class=\"fb-like\" data-href=\"https:\/\/www.facebook.com\/aconteceunovale\" data-width=\"120\" data-layout=\"standard\" data-action=\"like\" data-size=\"small\" data-show-faces=\"true\" data-share=\"true\"><\/div>\n<p><\/br><\/p>\n<p><em>(Fonte: Ag\u00eancia Minas)<\/em><\/p>\n","protected":false},"excerpt":{"rendered":"<p>Para ampliar a produ\u00e7\u00e3o artesanal das comunidades quilombolas rurais, o Governo de Minas Gerais, por meio da Secretaria de Estado de Desenvolvimento Agr\u00e1rio (Seda), ir\u00e1 apoiar a implanta\u00e7\u00e3o de pequenas agroind\u00fastrias familiares neste segmento. O an\u00fancio foi feito pelo secret\u00e1rio de Estado, Professor Neivaldo, durante o III Encontro de Comunidades Quilombolas, realizado pela Associa\u00e7\u00e3o dos [&hellip;]<\/p>\n","protected":false},"author":1,"featured_media":110408,"comment_status":"open","ping_status":"closed","sticky":false,"template":"","format":"standard","meta":{"amp_status":"","footnotes":""},"categories":[1236],"tags":[142144,142142,142145,71222,142143,142148,142141,20499,142140,205,142139,93855,80906,142147,42348,142146],"class_list":["post-110407","post","type-post","status-publish","format-standard","has-post-thumbnail","hentry","category-norte_de_minas","tag-agreste","tag-associacao-dos-agricultores-familiares-quilombola-de-alegre","tag-barreirinho","tag-barreiro","tag-comunidade-de-alegre","tag-comunidade-rural-quilombola-de-januaria-tera-incentivo-para-agroindustria-familiar","tag-encontro-de-comunidades-quilombolas","tag-formosa","tag-iii-encontro-de-comunidades-quilombolas","tag-januaria","tag-producao-artesanal-das-comunidades-quilombolas-rurais","tag-professor-neivaldo","tag-riacho-da-cruz","tag-riacho-novo","tag-seda","tag-varzea-da-cruz"],"_links":{"self":[{"href":"https:\/\/aconteceunovale.com.br\/portal\/index.php?rest_route=\/wp\/v2\/posts\/110407","targetHints":{"allow":["GET"]}}],"collection":[{"href":"https:\/\/aconteceunovale.com.br\/portal\/index.php?rest_route=\/wp\/v2\/posts"}],"about":[{"href":"https:\/\/aconteceunovale.com.br\/portal\/index.php?rest_route=\/wp\/v2\/types\/post"}],"author":[{"embeddable":true,"href":"https:\/\/aconteceunovale.com.br\/portal\/index.php?rest_route=\/wp\/v2\/users\/1"}],"replies":[{"embeddable":true,"href":"https:\/\/aconteceunovale.com.br\/portal\/index.php?rest_route=%2Fwp%2Fv2%2Fcomments&post=110407"}],"version-history":[{"count":0,"href":"https:\/\/aconteceunovale.com.br\/portal\/index.php?rest_route=\/wp\/v2\/posts\/110407\/revisions"}],"wp:featuredmedia":[{"embeddable":true,"href":"https:\/\/aconteceunovale.com.br\/portal\/index.php?rest_route=\/wp\/v2\/media\/110408"}],"wp:attachment":[{"href":"https:\/\/aconteceunovale.com.br\/portal\/index.php?rest_route=%2Fwp%2Fv2%2Fmedia&parent=110407"}],"wp:term":[{"taxonomy":"category","embeddable":true,"href":"https:\/\/aconteceunovale.com.br\/portal\/index.php?rest_route=%2Fwp%2Fv2%2Fcategories&post=110407"},{"taxonomy":"post_tag","embeddable":true,"href":"https:\/\/aconteceunovale.com.br\/portal\/index.php?rest_route=%2Fwp%2Fv2%2Ftags&post=110407"}],"curies":[{"name":"wp","href":"https:\/\/api.w.org\/{rel}","templated":true}]}}