{"id":110405,"date":"2017-03-13T20:41:17","date_gmt":"2017-03-13T22:41:17","guid":{"rendered":"http:\/\/aconteceunovale.com.br\/portal\/?p=110405"},"modified":"2017-03-13T20:41:17","modified_gmt":"2017-03-13T22:41:17","slug":"projeto-de-aviacao-regional-chega-ao-vale-do-jequitinhonha","status":"publish","type":"post","link":"https:\/\/aconteceunovale.com.br\/portal\/?p=110405","title":{"rendered":"Projeto de avia\u00e7\u00e3o regional chega ao Vale do Jequitinhonha"},"content":{"rendered":"<p>O Governo de Minas Gerais, por meio da Companhia de Desenvolvimento Econ\u00f4mico de Minas Gerais (Codemig) e da Secretaria de Transportes e Obras P\u00fablicas (Setop), est\u00e1 ampliando o projeto Voe Minas Gerais para incluir, entre os munic\u00edpios atendidos, mais uma cidade do Vale do Jequitinhonha. A partir desta segunda-feira (13\/3), Almenara passa a contar com seis voos semanais de liga\u00e7\u00e3o com Belo Horizonte, dois deles com escala em Diamantina.<\/p>\n<p>A inclus\u00e3o de Almenara no projeto ir\u00e1 permitir o atendimento aos territ\u00f3rios de desenvolvimento do M\u00e9dio e do Baixo Jequitinhonha e beneficiar\u00e1 diversas cidades da regi\u00e3o. Para viabilizar a inser\u00e7\u00e3o da nova rota ao projeto, o Governo Estadual reformou o aeroporto municipal Cirilo de Queiroz.<\/p>\n<p>Os voos de liga\u00e7\u00e3o entre a cidade e a capital ser\u00e3o oferecidos \u00e0s segundas, quartas e sextas-feiras, pelo valor de R$ 700,00 o bilhete. Das 18 cidades atendidas pelo projeto, Almenara \u00e9 o destino mais afastado de Belo Horizonte, com dist\u00e2ncia percorrida nesse trecho de 530 quil\u00f4metros. A rota a\u00e9rea sem escalas ser\u00e1 feita em uma hora e 50 minutos, enquanto o percurso por transporte terrestre exige, em m\u00e9dia, 10 horas de viagem.<\/p>\n<p>Os resultados dos seis primeiros meses de funcionamento do projeto Voe Minas Gerais demonstram que a demanda maior pelo servi\u00e7o a\u00e9reo est\u00e1 justamente nas localidades mais distantes. Exemplo disso \u00e9 o sucesso obtido na rota de Te\u00f3filo Otoni, que, \u00e0s sextas-feiras, apresenta uma taxa de ocupa\u00e7\u00e3o dos voos de cerca de 70%.<\/p>\n<p><strong>Voe Minas Gerais<\/strong><\/p>\n<p>O Voe Minas Gerais, Projeto de Integra\u00e7\u00e3o Regional de Minas Gerais \u2013 Modal A\u00e9reo, tem como objetivo promover o desenvolvimento econ\u00f4mico regionalizado, estimular os neg\u00f3cios locais, desenvolver o turismo, integrar as diversas regi\u00f5es do estado e facilitar o deslocamento de moradores do interior para Belo Horizonte, permitindo que tenham acesso r\u00e1pido a eventos e servi\u00e7os dispon\u00edveis na capital.<\/p>\n<p>O projeto foi lan\u00e7ado em agosto de 2016, ligando 12 cidades mineiras ao Aeroporto da Pampulha, na capital. Em novembro, outras cinco cidades foram inclu\u00eddas \u00e0s rotas, que passaram a ter, al\u00e9m de voos diretos para Belo Horizonte, op\u00e7\u00f5es de escala, com voos que ligam os munic\u00edpios do interior entre si.<\/p>\n<p>Agora, com a inclus\u00e3o de mais uma cidade, passam a ser 18 os munic\u00edpios atendidos: Almenara, Arax\u00e1, Curvelo, Diamantina, Divin\u00f3polis, Juiz de Fora, Lavras, Manhua\u00e7u, Muria\u00e9, Passos, Patos de Minas, Ponte Nova, Pouso Alegre, S\u00e3o Jo\u00e3o del-Rei, Te\u00f3filo Otoni, Ub\u00e1, Varginha e Vi\u00e7osa.<\/p>\n<p>A aeronave selecionada para o Voe Minas Gerais \u00e9 o modelo Cessna 208 Caravan, homologada pela ANAC para transporte de at\u00e9 nove passageiros. A empresa prestadora do servi\u00e7o \u00e9 a TWO-Flex e foi selecionada por meio de licita\u00e7\u00e3o p\u00fablica.<\/p>\n<p>Os resultados do primeiro semestre de funcionamento do Voe Minas Gerais mostram que h\u00e1 um interesse cada vez maior pela avia\u00e7\u00e3o regional e que os mineiros est\u00e3o descobrindo o transporte em aeronaves de pequeno porte, j\u00e1 consolidado em outras regi\u00f5es do pa\u00eds. A taxa m\u00e9dia de ocupa\u00e7\u00e3o dos voos tamb\u00e9m vem crescendo a cada m\u00eas: de 11% em outubro, 21% em novembro, 25% em dezembro e cerca de 30% em janeiro.<\/p>\n<p><strong>VER PRIMEIRO<\/strong><\/p>\n<p><strong>Receba as not\u00edcias do Aconteceu no Vale em primeira m\u00e3o. Clique em curtir no endere\u00e7o <a href=\"https:\/\/www.facebook.com\/aconteceunovale\" target=\"_blank\"><font color=\"red\">www.facebook.com\/aconteceunovale<\/font><\/a> ou no box abaixo:<\/strong><\/p>\n<div class=\"fb-like\" data-href=\"https:\/\/www.facebook.com\/aconteceunovale\" data-width=\"120\" data-layout=\"standard\" data-action=\"like\" data-size=\"small\" data-show-faces=\"true\" data-share=\"true\"><\/div>\n<p><\/br><\/p>\n<p><em>(Fonte: Ag\u00eancia Minas)<\/em><\/p>\n","protected":false},"excerpt":{"rendered":"<p>O Governo de Minas Gerais, por meio da Companhia de Desenvolvimento Econ\u00f4mico de Minas Gerais (Codemig) e da Secretaria de Transportes e Obras P\u00fablicas (Setop), est\u00e1 ampliando o projeto Voe Minas Gerais para incluir, entre os munic\u00edpios atendidos, mais uma cidade do Vale do Jequitinhonha. A partir desta segunda-feira (13\/3), Almenara passa a contar com [&hellip;]<\/p>\n","protected":false},"author":1,"featured_media":110132,"comment_status":"open","ping_status":"closed","sticky":false,"template":"","format":"standard","meta":{"amp_status":"","footnotes":""},"categories":[120],"tags":[77881,142,1504,27549,194,1017,28355,124977,124978,197,198,199,206,207,209,131,124972,124971,1502,124975,141686,141685,141684,141683,213,214,105855,217,216,142138,124973,141687,141680,218,124976,164,105857,219,223,18771,124974,141950,141682,141681],"class_list":["post-110405","post","type-post","status-publish","format-standard","has-post-thumbnail","hentry","category-jequi","tag-aeroporto-da-pampulha","tag-almenara","tag-araxa","tag-aviacao","tag-belo-horizonte","tag-bh","tag-codemig","tag-comprar-passagens-pirma","tag-comprar-passagens-voe-minas-gerais","tag-curvelo","tag-diamantina","tag-divinopolis","tag-juiz-de-fora","tag-lavras","tag-manhuacu","tag-minas-gerais","tag-minas-gerais-inaugura-rotas-aereas-ligando-bh-e-municipios-do-interior","tag-minas-gerais-inaugura-rotas-aereas-ligando-bh-e-municipios-do-interior-do-estado","tag-muriae","tag-pagina-voe-minas-gerais","tag-passagem-area-de-belo-horizonte-para-almenara","tag-passagem-area-de-bh-para-almenara","tag-passagem-de-belo-horizonte-para-almenara","tag-passagem-de-bh-para-almenara","tag-passos","tag-patos-de-minas","tag-pirma","tag-ponte-nova","tag-pouso-alegre","tag-projeto-de-aviacao-regional-chega-ao-vale-do-jequitinhonha","tag-projeto-de-integracao-regional-modal-aereo","tag-rota-aerea-ligando-bh-a-almenara-sera-inaugurada-nesta-sexta-feira","tag-rota-area-ligando-bh-a-almenara-sera-inaugurada-nesta-sexta-feira","tag-sao-joao-del-rei","tag-site-voe-minas-gerais","tag-teofilo-otoni","tag-two-taxi-aereo","tag-uba","tag-varginha","tag-vicosa","tag-voe-minas-gerais","tag-voo-de-almenara-para-belo-horizonte-custara-r-700","tag-voo-entre-belo-horizonte-e-almenara","tag-voo-entre-bh-e-almenara"],"_links":{"self":[{"href":"https:\/\/aconteceunovale.com.br\/portal\/index.php?rest_route=\/wp\/v2\/posts\/110405","targetHints":{"allow":["GET"]}}],"collection":[{"href":"https:\/\/aconteceunovale.com.br\/portal\/index.php?rest_route=\/wp\/v2\/posts"}],"about":[{"href":"https:\/\/aconteceunovale.com.br\/portal\/index.php?rest_route=\/wp\/v2\/types\/post"}],"author":[{"embeddable":true,"href":"https:\/\/aconteceunovale.com.br\/portal\/index.php?rest_route=\/wp\/v2\/users\/1"}],"replies":[{"embeddable":true,"href":"https:\/\/aconteceunovale.com.br\/portal\/index.php?rest_route=%2Fwp%2Fv2%2Fcomments&post=110405"}],"version-history":[{"count":0,"href":"https:\/\/aconteceunovale.com.br\/portal\/index.php?rest_route=\/wp\/v2\/posts\/110405\/revisions"}],"wp:featuredmedia":[{"embeddable":true,"href":"https:\/\/aconteceunovale.com.br\/portal\/index.php?rest_route=\/wp\/v2\/media\/110132"}],"wp:attachment":[{"href":"https:\/\/aconteceunovale.com.br\/portal\/index.php?rest_route=%2Fwp%2Fv2%2Fmedia&parent=110405"}],"wp:term":[{"taxonomy":"category","embeddable":true,"href":"https:\/\/aconteceunovale.com.br\/portal\/index.php?rest_route=%2Fwp%2Fv2%2Fcategories&post=110405"},{"taxonomy":"post_tag","embeddable":true,"href":"https:\/\/aconteceunovale.com.br\/portal\/index.php?rest_route=%2Fwp%2Fv2%2Ftags&post=110405"}],"curies":[{"name":"wp","href":"https:\/\/api.w.org\/{rel}","templated":true}]}}