{"id":110402,"date":"2017-03-13T20:36:00","date_gmt":"2017-03-13T22:36:00","guid":{"rendered":"http:\/\/aconteceunovale.com.br\/portal\/?p=110402"},"modified":"2017-03-13T20:36:00","modified_gmt":"2017-03-13T22:36:00","slug":"minas-gerais-mantem-expectativa-de-safra-recorde-de-graos-de-138-milhoes-de-toneladas","status":"publish","type":"post","link":"https:\/\/aconteceunovale.com.br\/portal\/?p=110402","title":{"rendered":"Minas Gerais mant\u00e9m expectativa de safra recorde de gr\u00e3os de 13,8 milh\u00f5es de toneladas"},"content":{"rendered":"<p>Minas Gerais mant\u00e9m a expectativa de safra recorde de 13,8 milh\u00f5es de toneladas de gr\u00e3os neste ano. O volume esperado para a safra 2016\/2017 \u00e9 16,9% superior em rela\u00e7\u00e3o \u00e0 safra passada. A \u00e1rea plantada, por sua vez, deve alcan\u00e7ar 4,1 milh\u00f5es hectares. Os n\u00fameros fazem parte do 6\u00ba levantamento de safra da Conab e foram analisados pela\u00a0Secretaria de Agricultura, Pecu\u00e1ria e Abastecimento (Seapa).<\/p>\n<p>A produ\u00e7\u00e3o mineira de milho est\u00e1 estimada em 7,9 milh\u00f5es de toneladas, com crescimento de 32,6% em compara\u00e7\u00e3o com \u00a0safra anterior. A \u00e1rea plantada com o gr\u00e3o deve abranger 1,2 milh\u00f5es de hectares (+6,3%) e a produtividade deve ser de 6.110 quilos por hectare (+24,7%).<\/p>\n<p>O milho Primeira Safra tem estimativa de produ\u00e7\u00e3o de 5,7 milh\u00f5es de toneladas, 11,6% superior ao ano passado, e \u00e1rea de 909,4 mil hectares, registrando crescimento de 8,6%. O milho primeira safra \u00e9 plantado, no estado, no per\u00edodo de outubro a dezembro e colhido entre os meses de fevereiro a junho.<\/p>\n<p>Segundo o superintendente de Abastecimento e Economia Agr\u00edcola da Seapa, Jo\u00e3o Ricardo Albanez, o cultivo desta cultura na Primeira Safra, tamb\u00e9m conhecida como Safra de Ver\u00e3o, \u00e9 uma tradi\u00e7\u00e3o dos produtores mineiros, com destaque nas regi\u00f5es do Tri\u00e2ngulo Mineiro e Regi\u00e3o Central. Nesta primeira safra, o gr\u00e3o ocupa a segunda posi\u00e7\u00e3o no ranking nacional, atr\u00e1s apenas do Rio Grande do Sul, que obteve 5,8 milh\u00f5es de toneladas.<\/p>\n<p>Para o milho Segunda Safra, a estimativa de produ\u00e7\u00e3o \u00e9 de 2,1 milh\u00f5es de toneladas, registrando aumento de 164,3% frente\u00a0\u00e0 safra anterior. Al\u00e9m disso, evidencia-se\u00a0que essa ser\u00e1 uma tend\u00eancia para esta cultura. O plantio do gr\u00e3o na segunda safra \u00e9 feito de janeiro a maio e colhido entre junho a setembro.<\/p>\n<p>\u201cO milho contribui com 57,2 % da safra de gr\u00e3os no estado e tem uma import\u00e2ncia estrat\u00e9gica para a pecu\u00e1ria mineira, pois tem uma participa\u00e7\u00e3o expressiva as formula\u00e7\u00f5es das ra\u00e7\u00f5es, e resultados positivos com a produ\u00e7\u00e3o deste cereal asseguram fontes de prote\u00ednas (carnes, ovos, leite)\u201d, explica o superintendente.<\/p>\n<p>A estimativa de feij\u00e3o para a safra 2016\/17 \u00e9 de 547,9 mil toneladas, com crescimento de 5,4% comparado \u00e0 safra 2015\/16. A \u00e1rea plantada registra aumento de 4,2% e a produtividade da cultura deve crescer 1,1%. Para o feij\u00e3o primeira safra estima-se 9% de crescimento da produ\u00e7\u00e3o, podendo chegar a 208,7 mil toneladas. A \u00e1rea plantada deve ser de 163,6 mil hectares, superior em 11,6% em rela\u00e7\u00e3o \u00e0 safra anterior.<\/p>\n<p>J\u00e1 na segunda safra, com previs\u00e3o de colheita para o final de maio e junho, a expectativa de produ\u00e7\u00e3o \u00e9 de 156, 4 mil toneladas, valor 4% superior a 2\u00aa safra do ano passado. O feij\u00e3o \u00e9 cultivado em tr\u00eas safras no estado, sendo que 38,1 % \u00e9 colhido na primeira safra; 28,5% na segunda e 33,4% na terceira, sendo que esta \u00faltima \u00e9 cultivada com irriga\u00e7\u00e3o.<\/p>\n<p><strong>Estimativa Safra Gr\u00e3os MG 2016\/2017<\/strong><\/p>\n<p>Milho \u2013 7,9 milh\u00f5es de toneladas (+32,6%)<br \/>\nSoja \u2013 4,6 milh\u00f5es de toneladas (-3,2%)<br \/>\nSorgo \u2013 525 mil toneladas (+50,7%)<br \/>\nFeij\u00e3o \u2013 547,9 mil toneladas (+5,4%)<br \/>\nArroz \u2013 15,1 mil toneladas (+0,7%)<br \/>\nTrigo \u2013 223 mil toneladas (+1,8%)<\/p>\n<p><img decoding=\"async\" src=\"http:\/\/aconteceunovale.com.br\/portal\/wp-content\/uploads\/2017\/03\/milho_mg.jpg\" alt=\"\" \/><em>Produ\u00e7\u00e3o mineira de milho est\u00e1 estimada em 7,9 mi de toneladas (Divulga\u00e7\u00e3o\/Seapa)<\/em><br \/>\n<\/br><\/p>\n<p><strong>VER PRIMEIRO<\/strong><\/p>\n<p><strong>Receba as not\u00edcias do Aconteceu no Vale em primeira m\u00e3o. Clique em curtir no endere\u00e7o <a href=\"https:\/\/www.facebook.com\/aconteceunovale\" target=\"_blank\"><font color=\"red\">www.facebook.com\/aconteceunovale<\/font><\/a> ou no box abaixo:<\/strong><\/p>\n<div class=\"fb-like\" data-href=\"https:\/\/www.facebook.com\/aconteceunovale\" data-width=\"120\" data-layout=\"standard\" data-action=\"like\" data-size=\"small\" data-show-faces=\"true\" data-share=\"true\"><\/div>\n<p><\/br><\/p>\n<p><em>(Fonte: Ag\u00eancia Minas)<\/em><\/p>\n","protected":false},"excerpt":{"rendered":"<p>Minas Gerais mant\u00e9m a expectativa de safra recorde de 13,8 milh\u00f5es de toneladas de gr\u00e3os neste ano. O volume esperado para a safra 2016\/2017 \u00e9 16,9% superior em rela\u00e7\u00e3o \u00e0 safra passada. A \u00e1rea plantada, por sua vez, deve alcan\u00e7ar 4,1 milh\u00f5es hectares. Os n\u00fameros fazem parte do 6\u00ba levantamento de safra da Conab e [&hellip;]<\/p>\n","protected":false},"author":1,"featured_media":110403,"comment_status":"open","ping_status":"closed","sticky":false,"template":"","format":"standard","meta":{"amp_status":"","footnotes":""},"categories":[123],"tags":[29230,142135,142137,142133,26490,142136,142134,55307,2746,27578,141656],"class_list":["post-110402","post","type-post","status-publish","format-standard","has-post-thumbnail","hentry","category-gerais","tag-joao-ricardo-albanez","tag-levantamento-de-safra-da-conab","tag-milho-primeira-safra","tag-minas-gerais-mantem-expectativa-de-safra-recorde-de-graos-de-13-8-milhoes-de-toneladas","tag-producao-de-graos-em-minas-gerais","tag-producao-mineira-de-milho","tag-safra-20162017-em-minas-gerais","tag-safra-de-graos-em-minas-gerais","tag-safra-recorde-de-graos-em-minas-gerais","tag-seapa","tag-superintendente-de-abastecimento-e-economia-agricola-da-seapa"],"_links":{"self":[{"href":"https:\/\/aconteceunovale.com.br\/portal\/index.php?rest_route=\/wp\/v2\/posts\/110402","targetHints":{"allow":["GET"]}}],"collection":[{"href":"https:\/\/aconteceunovale.com.br\/portal\/index.php?rest_route=\/wp\/v2\/posts"}],"about":[{"href":"https:\/\/aconteceunovale.com.br\/portal\/index.php?rest_route=\/wp\/v2\/types\/post"}],"author":[{"embeddable":true,"href":"https:\/\/aconteceunovale.com.br\/portal\/index.php?rest_route=\/wp\/v2\/users\/1"}],"replies":[{"embeddable":true,"href":"https:\/\/aconteceunovale.com.br\/portal\/index.php?rest_route=%2Fwp%2Fv2%2Fcomments&post=110402"}],"version-history":[{"count":0,"href":"https:\/\/aconteceunovale.com.br\/portal\/index.php?rest_route=\/wp\/v2\/posts\/110402\/revisions"}],"wp:featuredmedia":[{"embeddable":true,"href":"https:\/\/aconteceunovale.com.br\/portal\/index.php?rest_route=\/wp\/v2\/media\/110403"}],"wp:attachment":[{"href":"https:\/\/aconteceunovale.com.br\/portal\/index.php?rest_route=%2Fwp%2Fv2%2Fmedia&parent=110402"}],"wp:term":[{"taxonomy":"category","embeddable":true,"href":"https:\/\/aconteceunovale.com.br\/portal\/index.php?rest_route=%2Fwp%2Fv2%2Fcategories&post=110402"},{"taxonomy":"post_tag","embeddable":true,"href":"https:\/\/aconteceunovale.com.br\/portal\/index.php?rest_route=%2Fwp%2Fv2%2Ftags&post=110402"}],"curies":[{"name":"wp","href":"https:\/\/api.w.org\/{rel}","templated":true}]}}