{"id":110395,"date":"2017-03-13T13:20:56","date_gmt":"2017-03-13T15:20:56","guid":{"rendered":"http:\/\/aconteceunovale.com.br\/portal\/?p=110395"},"modified":"2017-03-13T13:20:56","modified_gmt":"2017-03-13T15:20:56","slug":"bombeiros-combatem-incendios-em-tres-veiculos-no-norte-de-minas","status":"publish","type":"post","link":"https:\/\/aconteceunovale.com.br\/portal\/?p=110395","title":{"rendered":"Bombeiros combatem inc\u00eandios em tr\u00eas ve\u00edculos no Norte de Minas"},"content":{"rendered":"<p>O Corpo de Bombeiros de Montes Claros registrou, durante o \u00faltimo fim de semana, inc\u00eandios em tr\u00eas ve\u00edculos na regi\u00e3o do Norte de Minas. Neste domingo (12), uma carga de carv\u00e3o pegou fogo pr\u00f3ximo ao trevo de Gr\u00e3o Mogol, na BR-251. O ve\u00edculo, com placa de Taiobeiras, entrou em combust\u00e3o, e o combate \u00e0s chamas durou cerca de duas horas. De acordo com os militares, mais de 5 mil litros de \u00e1gua foram gastos.<\/p>\n<p>O motorista informou aos bombeiros que a causa do inc\u00eandio est\u00e1 relacionada \u00e0 falhas mec\u00e2nicas do ve\u00edculo, uma vez que o fogo teria come\u00e7ado na turbina do caminh\u00e3o. A via ficou parcialmente interrompida no momento em que o inc\u00eandio era apagado. O ve\u00edculo ficou totalmente destru\u00eddo e foi liberado para que a Pol\u00edcia Rodovi\u00e1ria Federal fizesse a remo\u00e7\u00e3o. Ningu\u00e9m se feriu.<\/p>\n<p>Em Montes Claros, os bombeiros foram acionados para combater um inc\u00eandio em outro caminh\u00e3o, na madrugada desta segunda (13). O ve\u00edculo se encontrava em uma garagem localizada na regi\u00e3o de Interlagos, pr\u00f3ximo \u00e0 Lagoa da Pampulha.<\/p>\n<p>Segundo informa\u00e7\u00f5es do Corpo de Bombeiros, o ve\u00edculo foi encontrado j\u00e1 tomado pelas chamas, com a estrutura totalmente danificada. O dono da garagem n\u00e3o soube informar as causas do inc\u00eandio. No combate de cerca de 30 minutos, 800 litros de \u00e1gua foram gastos. O inc\u00eandio tamb\u00e9m n\u00e3o deixou v\u00edtimas.<\/p>\n<p>Ainda na cidade, um carro de passeio pegou fogo no C\u00f3rrego das Melancias. Os bombeiros foram acionados e, no local, constataram que o inc\u00eandio havia sido apagado por militares que estavam de folga e passavam pelo local.<\/p>\n<p>Eles perceberam que o motorista do ve\u00edculo passava por dificuldades para combater as chamas. As causas do inc\u00eandio n\u00e3o foram identificadas. Assim como nas outras ocorr\u00eancias, ningu\u00e9m ficou ferido.<\/p>\n<p><img decoding=\"async\" src=\"http:\/\/aconteceunovale.com.br\/portal\/wp-content\/uploads\/2017\/03\/incendio_caminhao_251.jpg\" alt=\"\" \/><em>Caminh\u00e3o com carga de carv\u00e3o pegou fogo na BR-251 (Foto: Divulga\u00e7\u00e3o\/Corpo de Bombeiros)<\/em><br \/>\n<\/br><\/p>\n<p><strong>VER PRIMEIRO<\/strong><\/p>\n<p><strong>Receba as not\u00edcias do Aconteceu no Vale em primeira m\u00e3o. Clique em curtir no endere\u00e7o <a href=\"https:\/\/www.facebook.com\/aconteceunovale\" target=\"_blank\"><font color=\"red\">www.facebook.com\/aconteceunovale<\/font><\/a> ou no box abaixo:<\/strong><\/p>\n<div class=\"fb-like\" data-href=\"https:\/\/www.facebook.com\/aconteceunovale\" data-width=\"120\" data-layout=\"standard\" data-action=\"like\" data-size=\"small\" data-show-faces=\"true\" data-share=\"true\"><\/div>\n<p><\/br><\/p>\n<p><em>(Fonte: G1 Grande Minas)<\/em><\/p>\n","protected":false},"excerpt":{"rendered":"<p>O Corpo de Bombeiros de Montes Claros registrou, durante o \u00faltimo fim de semana, inc\u00eandios em tr\u00eas ve\u00edculos na regi\u00e3o do Norte de Minas. Neste domingo (12), uma carga de carv\u00e3o pegou fogo pr\u00f3ximo ao trevo de Gr\u00e3o Mogol, na BR-251. O ve\u00edculo, com placa de Taiobeiras, entrou em combust\u00e3o, e o combate \u00e0s chamas [&hellip;]<\/p>\n","protected":false},"author":1,"featured_media":110396,"comment_status":"open","ping_status":"closed","sticky":false,"template":"","format":"standard","meta":{"amp_status":"","footnotes":""},"categories":[1236],"tags":[142115,142119,37851,1018,1153,142121,142118,142117,142120,137999,142116,210,419],"class_list":["post-110395","post","type-post","status-publish","format-standard","has-post-thumbnail","hentry","category-norte_de_minas","tag-bombeiros-combatem-incendios-em-tres-veiculos-no-norte-de-minas","tag-carga-de-carvao-pegou-fogo-proximo-ao-trevo-de-grao-mogol","tag-corpo-de-bombeiros-de-montes-claros","tag-destaque","tag-grao-mogol","tag-incendio-caminhao-de-taiobeiras","tag-incendio-em-caminhao-de-carvao-na-br-251","tag-incendio-em-caminhao-de-carvao-na-br251","tag-incendio-em-grao-mogol","tag-incendio-na-br-251","tag-incendios-no-norte-de-minas","tag-montes-claros","tag-taiobeiras"],"_links":{"self":[{"href":"https:\/\/aconteceunovale.com.br\/portal\/index.php?rest_route=\/wp\/v2\/posts\/110395","targetHints":{"allow":["GET"]}}],"collection":[{"href":"https:\/\/aconteceunovale.com.br\/portal\/index.php?rest_route=\/wp\/v2\/posts"}],"about":[{"href":"https:\/\/aconteceunovale.com.br\/portal\/index.php?rest_route=\/wp\/v2\/types\/post"}],"author":[{"embeddable":true,"href":"https:\/\/aconteceunovale.com.br\/portal\/index.php?rest_route=\/wp\/v2\/users\/1"}],"replies":[{"embeddable":true,"href":"https:\/\/aconteceunovale.com.br\/portal\/index.php?rest_route=%2Fwp%2Fv2%2Fcomments&post=110395"}],"version-history":[{"count":0,"href":"https:\/\/aconteceunovale.com.br\/portal\/index.php?rest_route=\/wp\/v2\/posts\/110395\/revisions"}],"wp:featuredmedia":[{"embeddable":true,"href":"https:\/\/aconteceunovale.com.br\/portal\/index.php?rest_route=\/wp\/v2\/media\/110396"}],"wp:attachment":[{"href":"https:\/\/aconteceunovale.com.br\/portal\/index.php?rest_route=%2Fwp%2Fv2%2Fmedia&parent=110395"}],"wp:term":[{"taxonomy":"category","embeddable":true,"href":"https:\/\/aconteceunovale.com.br\/portal\/index.php?rest_route=%2Fwp%2Fv2%2Fcategories&post=110395"},{"taxonomy":"post_tag","embeddable":true,"href":"https:\/\/aconteceunovale.com.br\/portal\/index.php?rest_route=%2Fwp%2Fv2%2Ftags&post=110395"}],"curies":[{"name":"wp","href":"https:\/\/api.w.org\/{rel}","templated":true}]}}