{"id":110388,"date":"2017-03-13T13:00:11","date_gmt":"2017-03-13T15:00:11","guid":{"rendered":"http:\/\/aconteceunovale.com.br\/portal\/?p=110388"},"modified":"2017-03-13T13:00:11","modified_gmt":"2017-03-13T15:00:11","slug":"confira-o-resultado-das-eleicoes-suplementares-em-11-municipios","status":"publish","type":"post","link":"https:\/\/aconteceunovale.com.br\/portal\/?p=110388","title":{"rendered":"Confira o resultado das elei\u00e7\u00f5es suplementares em 11 munic\u00edpios"},"content":{"rendered":"<p>Eleitores de 11 munic\u00edpios brasileiros voltaram \u00e0s urnas neste domingo (12) para eleger novos prefeitos em elei\u00e7\u00e3o suplementar. Esse tipo de elei\u00e7\u00e3o se faz necess\u00e1ria nos casos em que os candidatos mais votados em outubro de 2016 tiveram seus registros de candidatura cassados pela Justi\u00e7a Eleitoral.<\/p>\n<p>Confira, a seguir, o resultado das elei\u00e7\u00f5es em cada uma dessas cidades localizadas em quatro estados:<\/p>\n<p><strong>Amap\u00e1<\/strong><\/p>\n<p>O novo prefeito eleito no munic\u00edpio de Cal\u00e7oene \u00e9 Jones F\u00e1bio Cavalcante, que tem como vice \u00c2ngela Monteiro. Eles concorreram pela coliga\u00e7\u00e3o \u201cNovos Caminhos\u201d e alcan\u00e7aram 35,87% dos votos v\u00e1lidos, o que representa 1.958 votos.<\/p>\n<p><strong>Minas Gerais<\/strong><\/p>\n<p>Alvorada de Minas elegeu Vitor Hugo Ferreira dos Santos e Cristiano Tib\u00farcio como prefeito e vice-prefeito, respectivamente. Eles concorreram pela coliga\u00e7\u00e3o \u201cUnidos com a For\u00e7a do Povo\u201d e receberam 1.706 votos, ou seja, 57,13% do total de votos v\u00e1lidos.<\/p>\n<p>J\u00e1 o munic\u00edpio de Erv\u00e1lia elegeu Eloisio Antonio de Castro e Jos\u00e9 Mauro Godinho, da coliga\u00e7\u00e3o \u201cRumo aos Novos Tempos\u201d. Eles receberam 7.233 votos, o que representa 54,33% do total de votos v\u00e1lidos.<\/p>\n<p>S\u00e3o Bento do Abade ter\u00e1 uma mulher \u00e0 frente do executivo municipal. Jane Rezende e seu vice, Ad\u00e9lio, foram eleitos com 1.671 votos v\u00e1lidos, 48,96% dos votos. Eles concorreram pela coliga\u00e7\u00e3o \u201cRenovar para Crescer\u201d.<\/p>\n<p><strong>Rio Grande do Sul<\/strong><\/p>\n<p>Arvorezinha elegeu Rog\u00e9rio Fachinetto como prefeito e Elisabete Musselin como vice. Eles tiveram 3.913 votos, o que representa 50,84% do total. Concorreram pela coliga\u00e7\u00e3o \u201cQuero mais para o meu Povo\u201d.<\/p>\n<p>Buti\u00e1 ter\u00e1 como prefeito e vice Daniel Pereira de Almeida e Lu\u00eds Carlos Vieira, eleitos com 6.187 votos, representando 51,03% do total. Concorreram pela coliga\u00e7\u00e3o \u201cFrente Ampla\u201d.<\/p>\n<p>Gravata\u00ed elegeu Marco Alba e \u00c1ureo Tedesco com 48.211 votos. Eles receberam 40,04% do total de votos v\u00e1lidos e concorrem pela coliga\u00e7\u00e3o \u201cGravata\u00ed n\u00e3o pode Parar\u201d.<\/p>\n<p>Em Salto do Jacu\u00ed, Cl\u00e1udio Robinson e Jucemar Cec\u00edlia foram eleitos com 4.149 votos. Esse n\u00famero representa 62,24% do total de votos. A coliga\u00e7\u00e3o dos candidatos \u00e9 \u201cUnidos pelo Salto\u201d.<\/p>\n<p>O munic\u00edpio de S\u00e3o Vendelino ser\u00e1 representado pelo prefeito Evandro Scheider e pela vice Margarete Maria Gosenheimer. Eleitos com a maioria de 55,81%, eles receberam 1.109 votos.<\/p>\n<p>Por fim, o munic\u00edpio de S\u00e3o Vicente do Sul elegeu Paulo S\u00e9rgio Flores como prefeito e Vagner Totti Martins como vice. Eles receberam 2.883 votos, sendo 52,06% do total. Concorreram pela coliga\u00e7\u00e3o \u201cRenova\u00e7\u00e3o, trabalho e transpar\u00eancia\u201d.<\/p>\n<p><strong>Mato Grosso<\/strong><\/p>\n<p>Em Conquista D\u2019Oeste foi eleita Maria Lucia de Oliveira Porto para o cargo de prefeita e Daniel de Menezes como vice-prefeito. Concorrendo pela coliga\u00e7\u00e3o &#8220;A for\u00e7a vem do nosso povo\u201d eles tiveram 52,14% dos votos v\u00e1lidos com 1.110 votos.<\/p>\n<p>Os eleitores que n\u00e3o puderam comparecer \u00e0s urnas em cada um desses munic\u00edpios dever\u00e3o justificar a aus\u00eancia at\u00e9 o dia 11 de maio, ou seja, 60 dias ap\u00f3s a elei\u00e7\u00e3o, conforme determina a legisla\u00e7\u00e3o eleitoral.<\/p>\n<p><span style=\"color: #ff0000;\"><a href=\"http:\/\/www.tse.jus.br\/eleicoes\/eleicoes-suplementares\/calendario-das-eleicoes-suplementares-2017\" target=\"_blank\"><span style=\"color: #ff0000;\">Confira aqui<\/span><\/a><\/span> o calend\u00e1rio com as pr\u00f3ximas elei\u00e7\u00f5es suplementares em todo o pa\u00eds.<\/p>\n<p><strong>VER PRIMEIRO<\/strong><\/p>\n<p><strong>Receba as not\u00edcias do Aconteceu no Vale em primeira m\u00e3o. Clique em curtir no endere\u00e7o <a href=\"https:\/\/www.facebook.com\/aconteceunovale\" target=\"_blank\"><font color=\"red\">www.facebook.com\/aconteceunovale<\/font><\/a> ou no box abaixo:<\/strong><\/p>\n<div class=\"fb-like\" data-href=\"https:\/\/www.facebook.com\/aconteceunovale\" data-width=\"120\" data-layout=\"standard\" data-action=\"like\" data-size=\"small\" data-show-faces=\"true\" data-share=\"true\"><\/div>\n<p><\/br><\/p>\n<p><em>(Fonte: TSE)<\/em><\/p>\n","protected":false},"excerpt":{"rendered":"<p>Eleitores de 11 munic\u00edpios brasileiros voltaram \u00e0s urnas neste domingo (12) para eleger novos prefeitos em elei\u00e7\u00e3o suplementar. Esse tipo de elei\u00e7\u00e3o se faz necess\u00e1ria nos casos em que os candidatos mais votados em outubro de 2016 tiveram seus registros de candidatura cassados pela Justi\u00e7a Eleitoral. Confira, a seguir, o resultado das elei\u00e7\u00f5es em cada [&hellip;]<\/p>\n","protected":false},"author":1,"featured_media":110389,"comment_status":"open","ping_status":"closed","sticky":false,"template":"","format":"standard","meta":{"amp_status":"","footnotes":""},"categories":[6,40240],"tags":[972,142108,139620,139622,142107,139625,137166,137165,137164,137161,137163,989,137162,142074,142070,142078,142075,1500,142088,142071,139623,142073,142068,142077,142087,139626,139627,139628,137167,142069,142076,142072,1625,154,141290,139621,142067,139624],"class_list":["post-110388","post","type-post","status-publish","format-standard","has-post-thumbnail","hentry","category-br","category-politica-2","tag-alvorada-de-minas","tag-calendario-das-eleicoes-suplementares-2017","tag-carlos-frederico-caldeira-de-abreu","tag-cleber-bosco-padilha","tag-confira-o-resultado-das-eleicoes-suplementares-em-11-municipios","tag-cristiano-jose-de-aguiar","tag-danilio-clessio-ferreira","tag-eleicao-em-alvorada-de-minas","tag-eleicao-para-prefeito-em-alvorada-de-minas","tag-eleicoes-extemporaneas","tag-eleicoes-extemporaneas-em-alvorada-de-minas","tag-eleicoes-suplementares","tag-eleicoes-suplementares-em-alvorada-de-minas","tag-eleita-em-sao-bento-abade","tag-eleito-em-alvorada-de-minas","tag-eleito-em-ervalia","tag-eloisio-cunha-e-eleito-prefeito-de-ervalia","tag-ervalia","tag-ervalia-e-sao-bento-abade","tag-jane-irma-da-janete-e-eleita-prefeita-de-sao-bento-abade","tag-joao-pedro-de-oliveira-lima","tag-nova-prefeita-de-sao-bento-abade","tag-novo-prefeito-de-alvorada-de-minas","tag-novo-prefeito-de-ervalia","tag-novos-prefeitos-sao-eleitos-em-alvorada-de-minas","tag-partidos-definem-candidatos-para-as-eleicoes-suplementares-de-marco-em-alvorada-de-minas","tag-partidos-definem-candidatos-para-as-eleicoes-suplementares-de-marco-em-ervalia","tag-partidos-definem-candidatos-para-as-eleicoes-suplementares-de-marco-em-sao-bento-abade","tag-populacao-de-alvorada-de-minas-escolhera-novo-prefeito-em-marco","tag-prefeito-eleito-em-alvorada-de-minas","tag-prefeito-eleito-em-ervalia","tag-prefeito-eleito-em-sao-bento-abade","tag-sao-bento-abade","tag-serro","tag-tres-municipios-de-minas-gerais-realizam-novas-eleicoes-no-proximo-domingo","tag-vandeir-pimenta-moreira","tag-vitor-de-salvador-e-eleito-prefeito-de-alvorada-de-minas","tag-vitor-hugo-ferreira-dos-santos"],"_links":{"self":[{"href":"https:\/\/aconteceunovale.com.br\/portal\/index.php?rest_route=\/wp\/v2\/posts\/110388","targetHints":{"allow":["GET"]}}],"collection":[{"href":"https:\/\/aconteceunovale.com.br\/portal\/index.php?rest_route=\/wp\/v2\/posts"}],"about":[{"href":"https:\/\/aconteceunovale.com.br\/portal\/index.php?rest_route=\/wp\/v2\/types\/post"}],"author":[{"embeddable":true,"href":"https:\/\/aconteceunovale.com.br\/portal\/index.php?rest_route=\/wp\/v2\/users\/1"}],"replies":[{"embeddable":true,"href":"https:\/\/aconteceunovale.com.br\/portal\/index.php?rest_route=%2Fwp%2Fv2%2Fcomments&post=110388"}],"version-history":[{"count":0,"href":"https:\/\/aconteceunovale.com.br\/portal\/index.php?rest_route=\/wp\/v2\/posts\/110388\/revisions"}],"wp:featuredmedia":[{"embeddable":true,"href":"https:\/\/aconteceunovale.com.br\/portal\/index.php?rest_route=\/wp\/v2\/media\/110389"}],"wp:attachment":[{"href":"https:\/\/aconteceunovale.com.br\/portal\/index.php?rest_route=%2Fwp%2Fv2%2Fmedia&parent=110388"}],"wp:term":[{"taxonomy":"category","embeddable":true,"href":"https:\/\/aconteceunovale.com.br\/portal\/index.php?rest_route=%2Fwp%2Fv2%2Fcategories&post=110388"},{"taxonomy":"post_tag","embeddable":true,"href":"https:\/\/aconteceunovale.com.br\/portal\/index.php?rest_route=%2Fwp%2Fv2%2Ftags&post=110388"}],"curies":[{"name":"wp","href":"https:\/\/api.w.org\/{rel}","templated":true}]}}