{"id":110369,"date":"2017-03-12T22:24:40","date_gmt":"2017-03-13T00:24:40","guid":{"rendered":"http:\/\/aconteceunovale.com.br\/portal\/?p=110369"},"modified":"2017-03-12T22:24:40","modified_gmt":"2017-03-13T00:24:40","slug":"novos-prefeitos-sao-eleitos-em-alvorada-de-minas-ervalia-e-sao-bento-abade","status":"publish","type":"post","link":"https:\/\/aconteceunovale.com.br\/portal\/?p=110369","title":{"rendered":"Novos prefeitos s\u00e3o eleitos em Alvorada de Minas, Erv\u00e1lia e S\u00e3o Bento Abade"},"content":{"rendered":"<p>As tr\u00eas cidades mineiras que passaram por elei\u00e7\u00f5es suplementares neste domingo (12) j\u00e1 t\u00eam novos prefeitos eleitos. Em Alvorada de Minas (262\u00aa Zona Eleitoral, do Serro), foi eleito o candidato Vitor Hugo Ferreira dos Santos (SD), o Vitor de Salvador, vice Cristiano Tib\u00farcio (DEM), pela Coliga\u00e7\u00e3o \u201cUnidos com a For\u00e7a do Povo\u201d (SD\/PP\/DEM\/PDT),com 1.706 votos (57,13%); em Erv\u00e1lia (107\u00aa Zona Eleitoral, de Erv\u00e1lia), Eloisio Antonio de Castro (DEM), o Eloisio Cunha, vice Jos\u00e9 Mauro Godinho (PT), candidato pela Coliga\u00e7\u00e3o \u201cRumo aos Novos Tempos\u201d (DEM\/PT), ser\u00e1 o novo prefeito, com 7.233 votos (54,33%); e em S\u00e3o Bento Abade(272\u00aa Zona Eleitoral, de Tr\u00eas Cora\u00e7\u00f5es) venceu nas urnas a candidata Jane Rezende Silva Elizei (PT), a Jane irm\u00e3 da Janete, vice Ad\u00e9lio (PRTB), pela Coliga\u00e7\u00e3o \u201cRenovar para crescer\u201d (PRTB\/PT), com 1.671 votos (48,96%).<\/p>\n<p>Os tr\u00eas candidatos tiveram seus registros deferidos pela Justi\u00e7a Eleitoral. Os ju\u00edzes eleitorais de cada munic\u00edpio t\u00eam at\u00e9 o dia 31 de mar\u00e7o para diplomar os eleitos. A partir da diploma\u00e7\u00e3o, os candidatos podem tomar posse.<\/p>\n<p><img decoding=\"async\" src=\"http:\/\/aconteceunovale.com.br\/portal\/wp-content\/uploads\/2017\/03\/eleitos_mg.jpg\" alt=\"\" \/><em>Eleitos em Alvorada de Minas, Erv\u00e1lia e S\u00e3o Bento Abade (Divulga\u00e7\u00e3o)<\/em><br \/>\n<\/br><\/p>\n<p>A totaliza\u00e7\u00e3o dos votos foi encerrada \u00e0s 18h35\u201905\u2019\u2019 em Alvorada de Minas, \u00e0s 18h20\u201925\u2019\u2019 em Erv\u00e1lia e \u00e0s 18h20\u201930\u2019\u2019em S\u00e3o Bento Abade. As elei\u00e7\u00f5es suplementares nos tr\u00eas munic\u00edpios mineiros ocorreram de forma tranquila, sem ocorr\u00eancias policiais ou outros acontecimentos que pudessem comprometer a normalidade dos trabalhos. Apenas uma urna eletr\u00f4nica teve que ser substitu\u00edda: foi em Erv\u00e1lia, no in\u00edcio da tarde, por problema no terminal do eleitor.<\/p>\n<p>Em Alvorada de Minas, compareceram \u00e0s urnas 3.115 eleitores (73,40% do eleitorado). Foram 47 votos em branco (1,51%) e 82 votos nulos (2,63%).<\/p>\n<p>Em Erv\u00e1lia (foto), votaram 14.079 eleitores (85,79% do eleitorado). Foram 368 votos em branco (2,61%) e 397 votos nulos (2,82%).<\/p>\n<p>Em S\u00e3o Bento Abade, foram 3.497 eleitores (89,87% do eleitorado) que compareceram \u00e0s urnas. Foram 33 votos em branco (0,94%) e 51 votos nulos (1,46%).<\/p>\n<p>Os eleitores de Alvorada de Minas, Erv\u00e1lia e S\u00e3o Bento Abade que n\u00e3o compareceram \u00e0s urnas neste domingo t\u00eam at\u00e9 11 de maio \u2013 60 dias ap\u00f3s as elei\u00e7\u00f5es \u2013 para justificarem sua aus\u00eancia. A justificativa pode ser feita pessoalmente, nos cart\u00f3rios eleitorais dos munic\u00edpios (<span style=\"color: #ff0000;\"><a href=\"http:\/\/www.tre-mg.jus.br\/eleitor\/justificativa-eleitoral\/justificativa-eleitoral-1\" target=\"_blank\"><span style=\"color: #ff0000;\">confira a documenta\u00e7\u00e3o necess\u00e1ria<\/span><\/a><\/span>).<\/p>\n<p><strong>VER PRIMEIRO<\/strong><\/p>\n<p><strong>Receba as not\u00edcias do Aconteceu no Vale em primeira m\u00e3o. Clique em curtir no endere\u00e7o <a href=\"https:\/\/www.facebook.com\/aconteceunovale\" target=\"_blank\"><font color=\"red\">www.facebook.com\/aconteceunovale<\/font><\/a> ou no box abaixo:<\/strong><\/p>\n<div class=\"fb-like\" data-href=\"https:\/\/www.facebook.com\/aconteceunovale\" data-width=\"120\" data-layout=\"standard\" data-action=\"like\" data-size=\"small\" data-show-faces=\"true\" data-share=\"true\"><\/div>\n<p><\/br><\/p>\n<p><em>(Fonte: TRE-MG)<\/em><\/p>\n","protected":false},"excerpt":{"rendered":"<p>As tr\u00eas cidades mineiras que passaram por elei\u00e7\u00f5es suplementares neste domingo (12) j\u00e1 t\u00eam novos prefeitos eleitos. Em Alvorada de Minas (262\u00aa Zona Eleitoral, do Serro), foi eleito o candidato Vitor Hugo Ferreira dos Santos (SD), o Vitor de Salvador, vice Cristiano Tib\u00farcio (DEM), pela Coliga\u00e7\u00e3o \u201cUnidos com a For\u00e7a do Povo\u201d (SD\/PP\/DEM\/PDT),com 1.706 votos [&hellip;]<\/p>\n","protected":false},"author":1,"featured_media":110370,"comment_status":"open","ping_status":"closed","sticky":false,"template":"","format":"standard","meta":{"amp_status":"","footnotes":""},"categories":[123,40240],"tags":[972,139620,139622,139625,137166,137165,137164,137161,137163,989,137162,142074,142070,142078,142075,1500,142088,142071,139623,142073,142068,142077,142087,139626,139627,139628,137167,142069,142076,142072,1625,154,141290,139621,142067,139624],"class_list":["post-110369","post","type-post","status-publish","format-standard","has-post-thumbnail","hentry","category-gerais","category-politica-2","tag-alvorada-de-minas","tag-carlos-frederico-caldeira-de-abreu","tag-cleber-bosco-padilha","tag-cristiano-jose-de-aguiar","tag-danilio-clessio-ferreira","tag-eleicao-em-alvorada-de-minas","tag-eleicao-para-prefeito-em-alvorada-de-minas","tag-eleicoes-extemporaneas","tag-eleicoes-extemporaneas-em-alvorada-de-minas","tag-eleicoes-suplementares","tag-eleicoes-suplementares-em-alvorada-de-minas","tag-eleita-em-sao-bento-abade","tag-eleito-em-alvorada-de-minas","tag-eleito-em-ervalia","tag-eloisio-cunha-e-eleito-prefeito-de-ervalia","tag-ervalia","tag-ervalia-e-sao-bento-abade","tag-jane-irma-da-janete-e-eleita-prefeita-de-sao-bento-abade","tag-joao-pedro-de-oliveira-lima","tag-nova-prefeita-de-sao-bento-abade","tag-novo-prefeito-de-alvorada-de-minas","tag-novo-prefeito-de-ervalia","tag-novos-prefeitos-sao-eleitos-em-alvorada-de-minas","tag-partidos-definem-candidatos-para-as-eleicoes-suplementares-de-marco-em-alvorada-de-minas","tag-partidos-definem-candidatos-para-as-eleicoes-suplementares-de-marco-em-ervalia","tag-partidos-definem-candidatos-para-as-eleicoes-suplementares-de-marco-em-sao-bento-abade","tag-populacao-de-alvorada-de-minas-escolhera-novo-prefeito-em-marco","tag-prefeito-eleito-em-alvorada-de-minas","tag-prefeito-eleito-em-ervalia","tag-prefeito-eleito-em-sao-bento-abade","tag-sao-bento-abade","tag-serro","tag-tres-municipios-de-minas-gerais-realizam-novas-eleicoes-no-proximo-domingo","tag-vandeir-pimenta-moreira","tag-vitor-de-salvador-e-eleito-prefeito-de-alvorada-de-minas","tag-vitor-hugo-ferreira-dos-santos"],"_links":{"self":[{"href":"https:\/\/aconteceunovale.com.br\/portal\/index.php?rest_route=\/wp\/v2\/posts\/110369","targetHints":{"allow":["GET"]}}],"collection":[{"href":"https:\/\/aconteceunovale.com.br\/portal\/index.php?rest_route=\/wp\/v2\/posts"}],"about":[{"href":"https:\/\/aconteceunovale.com.br\/portal\/index.php?rest_route=\/wp\/v2\/types\/post"}],"author":[{"embeddable":true,"href":"https:\/\/aconteceunovale.com.br\/portal\/index.php?rest_route=\/wp\/v2\/users\/1"}],"replies":[{"embeddable":true,"href":"https:\/\/aconteceunovale.com.br\/portal\/index.php?rest_route=%2Fwp%2Fv2%2Fcomments&post=110369"}],"version-history":[{"count":0,"href":"https:\/\/aconteceunovale.com.br\/portal\/index.php?rest_route=\/wp\/v2\/posts\/110369\/revisions"}],"wp:featuredmedia":[{"embeddable":true,"href":"https:\/\/aconteceunovale.com.br\/portal\/index.php?rest_route=\/wp\/v2\/media\/110370"}],"wp:attachment":[{"href":"https:\/\/aconteceunovale.com.br\/portal\/index.php?rest_route=%2Fwp%2Fv2%2Fmedia&parent=110369"}],"wp:term":[{"taxonomy":"category","embeddable":true,"href":"https:\/\/aconteceunovale.com.br\/portal\/index.php?rest_route=%2Fwp%2Fv2%2Fcategories&post=110369"},{"taxonomy":"post_tag","embeddable":true,"href":"https:\/\/aconteceunovale.com.br\/portal\/index.php?rest_route=%2Fwp%2Fv2%2Ftags&post=110369"}],"curies":[{"name":"wp","href":"https:\/\/api.w.org\/{rel}","templated":true}]}}