{"id":110366,"date":"2017-03-12T21:23:40","date_gmt":"2017-03-12T23:23:40","guid":{"rendered":"http:\/\/aconteceunovale.com.br\/portal\/?p=110366"},"modified":"2017-03-12T21:23:40","modified_gmt":"2017-03-12T23:23:40","slug":"america-de-teofilo-otoni-empata-com-a-urt-em-patos-de-minas","status":"publish","type":"post","link":"https:\/\/aconteceunovale.com.br\/portal\/?p=110366","title":{"rendered":"Am\u00e9rica de Te\u00f3filo Otoni empata com a URT em Patos de Minas"},"content":{"rendered":"<p>A URT buscou, atacou muito, especialmente no segundo tempo, mas n\u00e3o conseguiu sair do empate, em 1 a 1, diante do Am\u00e9rica de Te\u00f3filo Otoni, neste domingo, 12 de mar\u00e7o, pela s\u00e9tima rodada do Campeonato Mineiro. Os gols sa\u00edram no primeiro tempo, em dois chutes fortes. Diego Rosa pelo Am\u00e9rica, ap\u00f3s recuperar uma bola que sobrou na entrada da grande \u00e1rea, e Fabinho, nos acr\u00e9scimos, aos 46 minutos da etapa inicial.<\/p>\n<p>Com o placar, o Am\u00e9rica-TO segue na lanterna do estadual, com tr\u00eas pontos. A URT tamb\u00e9m permanece na posi\u00e7\u00e3o que come\u00e7ou a rodada, em sexto, agora com 10 pontos somados.<\/p>\n<p>Pela oitava rodada do Mineiro, a URT recebe o Villa Nova, no dia 19, \u00e0s 16h. J\u00e1 o Am\u00e9rica enfrenta seu &#8220;xar\u00e1&#8221; Am\u00e9rica-MG, tamb\u00e9m no dia 19, por\u00e9m \u00e0s 18h30, em Coronel Fabriciano.<\/p>\n<p><img decoding=\"async\" src=\"http:\/\/aconteceunovale.com.br\/portal\/wp-content\/uploads\/2017\/03\/urt_america_1.jpg\" alt=\"\" \/><em>URT e Am\u00e9rica-TO empataram em Patos de Minas (Foto: PH Studio\/Divulga\u00e7\u00e3o Am\u00e9rica-TO)<\/em><br \/>\n<\/br><\/p>\n<p><strong>Primeiro tempo<\/strong><\/p>\n<p>O primeiro tempo de partida em Patos de Minas teve o time da casa buscando mais o ataque. Dick, estreante, e Allan tentavam organizar as jogadas de ataque. Do lado do Am\u00e9rica-TO, chegadas t\u00edmidas, mas, na primeira delas de mais perigo, o placar foi aberto. O zagueiro Diego Rosa, recuperando uma bola que sobrou na boca da \u00e1rea da URT, ap\u00f3s cruzamento, chutou forte, no canto direito, aos 17 minutos.<\/p>\n<p>Ap\u00f3s conseguir seu gol, o Mec\u00e3o voltou a somente defender. A URT cresceu e passou a atacar mais e pressionar o time advers\u00e1rio. As jogadas mais agudas e chutes de fora da \u00e1rea se destacavam no time de Patos, que conseguiu empatar nos acr\u00e9scimos do primeiro tempo. Aos 46 minutos, na bomba do lateral Fabinho, a bola foi no canto esquerdo de Marcelo, que n\u00e3o teve chances de impedir o empate.<\/p>\n<p><strong>Segundo tempo<\/strong><\/p>\n<p>O segundo tempo da partida, foi jogo de um time s\u00f3. Jogando em casa, a URT conseguiu manter o controle da posse de bola quase durante todo o tempo complementar. O time de Patos de Minas chegava com muita frequ\u00eancia, assustava, mas n\u00e3o conseguia concluir suas jogadas em gol. O Am\u00e9rica-TO se dedicou somente ao setor defensivo e n\u00e3o arriscava o ataque, nem mesmo quando tinha a posse de bola mais tranquila. At\u00e9 os \u00faltimos segundos, a URT jogou dentro do campo do Mec\u00e3o, mas nada de gol.<\/p>\n<p><strong>VER PRIMEIRO<\/strong><\/p>\n<p><strong>Receba as not\u00edcias do Aconteceu no Vale em primeira m\u00e3o. Clique em curtir no endere\u00e7o <a href=\"https:\/\/www.facebook.com\/aconteceunovale\" target=\"_blank\"><font color=\"red\">www.facebook.com\/aconteceunovale<\/font><\/a> ou no box abaixo:<\/strong><\/p>\n<div class=\"fb-like\" data-href=\"https:\/\/www.facebook.com\/aconteceunovale\" data-width=\"120\" data-layout=\"standard\" data-action=\"like\" data-size=\"small\" data-show-faces=\"true\" data-share=\"true\"><\/div>\n<p><\/br><\/p>\n<p><em>(Fonte: Globo Esporte)<\/em><\/p>\n","protected":false},"excerpt":{"rendered":"<p>A URT buscou, atacou muito, especialmente no segundo tempo, mas n\u00e3o conseguiu sair do empate, em 1 a 1, diante do Am\u00e9rica de Te\u00f3filo Otoni, neste domingo, 12 de mar\u00e7o, pela s\u00e9tima rodada do Campeonato Mineiro. Os gols sa\u00edram no primeiro tempo, em dois chutes fortes. Diego Rosa pelo Am\u00e9rica, ap\u00f3s recuperar uma bola que [&hellip;]<\/p>\n","protected":false},"author":1,"featured_media":110367,"comment_status":"open","ping_status":"closed","sticky":false,"template":"","format":"standard","meta":{"amp_status":"","footnotes":""},"categories":[59,122],"tags":[2064,142085,2065,4404,130282,214,82368,142082,164,34534,142086],"class_list":["post-110366","post","type-post","status-publish","format-standard","has-post-thumbnail","hentry","category-sports","category-mucuri","tag-america-de-teofilo-otoni","tag-america-de-teofilo-otoni-empata-com-a-urt-em-patos-de-minas","tag-america-to","tag-campeonato-mineiro","tag-campeonato-mineiro-2017","tag-patos-de-minas","tag-setima-rodada-do-campeonato-mineiro","tag-setima-rodada-do-campeonato-mineiro-2017","tag-teofilo-otoni","tag-urt","tag-urt-e-america-to-empataram-em-patos-de-minas"],"_links":{"self":[{"href":"https:\/\/aconteceunovale.com.br\/portal\/index.php?rest_route=\/wp\/v2\/posts\/110366","targetHints":{"allow":["GET"]}}],"collection":[{"href":"https:\/\/aconteceunovale.com.br\/portal\/index.php?rest_route=\/wp\/v2\/posts"}],"about":[{"href":"https:\/\/aconteceunovale.com.br\/portal\/index.php?rest_route=\/wp\/v2\/types\/post"}],"author":[{"embeddable":true,"href":"https:\/\/aconteceunovale.com.br\/portal\/index.php?rest_route=\/wp\/v2\/users\/1"}],"replies":[{"embeddable":true,"href":"https:\/\/aconteceunovale.com.br\/portal\/index.php?rest_route=%2Fwp%2Fv2%2Fcomments&post=110366"}],"version-history":[{"count":0,"href":"https:\/\/aconteceunovale.com.br\/portal\/index.php?rest_route=\/wp\/v2\/posts\/110366\/revisions"}],"wp:featuredmedia":[{"embeddable":true,"href":"https:\/\/aconteceunovale.com.br\/portal\/index.php?rest_route=\/wp\/v2\/media\/110367"}],"wp:attachment":[{"href":"https:\/\/aconteceunovale.com.br\/portal\/index.php?rest_route=%2Fwp%2Fv2%2Fmedia&parent=110366"}],"wp:term":[{"taxonomy":"category","embeddable":true,"href":"https:\/\/aconteceunovale.com.br\/portal\/index.php?rest_route=%2Fwp%2Fv2%2Fcategories&post=110366"},{"taxonomy":"post_tag","embeddable":true,"href":"https:\/\/aconteceunovale.com.br\/portal\/index.php?rest_route=%2Fwp%2Fv2%2Ftags&post=110366"}],"curies":[{"name":"wp","href":"https:\/\/api.w.org\/{rel}","templated":true}]}}