{"id":110359,"date":"2017-03-12T20:29:57","date_gmt":"2017-03-12T22:29:57","guid":{"rendered":"http:\/\/aconteceunovale.com.br\/portal\/?p=110359"},"modified":"2017-03-12T20:29:57","modified_gmt":"2017-03-12T22:29:57","slug":"eloisio-cunha-e-eleito-prefeito-de-ervalia","status":"publish","type":"post","link":"https:\/\/aconteceunovale.com.br\/portal\/?p=110359","title":{"rendered":"Elo\u00edsio Cunha \u00e9 eleito prefeito de Erv\u00e1lia"},"content":{"rendered":"<p>O comerciante Elo\u00edsio Ant\u00f4nio de Castro, o Elo\u00edsio Cunha (DEM), de 48 anos, est\u00e1 eleito prefeito de Erv\u00e1lia (MG). Com 100% das se\u00e7\u00f5es apuradas, o candidato recebeu 7.233 (54,33%) dos votos v\u00e1lidos e venceu Alex Ruela de Almeida (PSDB), que obteve 6.081 (45,67%).<\/p>\n<p>Elo\u00edsio Cunha disputou a elei\u00e7\u00e3o suplementar de Erv\u00e1lia, neste domingo (12\/03\/2017), pela coliga\u00e7\u00e3o &#8220;Rumo aos novos tempos&#8221;, formada pelo Democratas (DEM) e Partido dos Trabalhadores (PT). O vice da chapa \u00e9 o tamb\u00e9m comerciante Jos\u00e9 Mauro Godinho, o Mauro Godinho (PT), de 57 anos.<\/p>\n<p>De acordo com informa\u00e7\u00f5es divulgadas pelo Tribunal Superior Eleitoral (TSE), Erv\u00e1lia possui 16.411 eleitores. Destes, 2.332 (14,21%) n\u00e3o compareceram para votar neste domingo. 368 (2,61%) votaram em branco e outros 397 (2,82%) anularam o voto.<\/p>\n<p>Confira a apura\u00e7\u00e3o completa em <a href=\"http:\/\/eleicoesnobrasil.com.br\/\" target=\"_blank\">www.eleicoesnobrasil.com.br<\/a>.<\/p>\n<p><img decoding=\"async\" src=\"http:\/\/aconteceunovale.com.br\/portal\/wp-content\/uploads\/2017\/03\/prefeito_ervalia.jpg\" alt=\"\" \/><em>Elo\u00edsio Cunha e Mauro Godinho (Foto: Divulga\u00e7\u00e3o)<\/em><br \/>\n<\/br><\/p>\n<p><strong>VER PRIMEIRO<\/strong><\/p>\n<p><strong>Receba as not\u00edcias do Aconteceu no Vale em primeira m\u00e3o. Clique em curtir no endere\u00e7o <a href=\"https:\/\/www.facebook.com\/aconteceunovale\" target=\"_blank\"><font color=\"red\">www.facebook.com\/aconteceunovale<\/font><\/a> ou no box abaixo:<\/strong><\/p>\n<div class=\"fb-like\" data-href=\"https:\/\/www.facebook.com\/aconteceunovale\" data-width=\"120\" data-layout=\"standard\" data-action=\"like\" data-size=\"small\" data-show-faces=\"true\" data-share=\"true\"><\/div>\n<p><\/br><\/p>\n","protected":false},"excerpt":{"rendered":"<p>O comerciante Elo\u00edsio Ant\u00f4nio de Castro, o Elo\u00edsio Cunha (DEM), de 48 anos, est\u00e1 eleito prefeito de Erv\u00e1lia (MG). Com 100% das se\u00e7\u00f5es apuradas, o candidato recebeu 7.233 (54,33%) dos votos v\u00e1lidos e venceu Alex Ruela de Almeida (PSDB), que obteve 6.081 (45,67%). Elo\u00edsio Cunha disputou a elei\u00e7\u00e3o suplementar de Erv\u00e1lia, neste domingo (12\/03\/2017), pela [&hellip;]<\/p>\n","protected":false},"author":1,"featured_media":110360,"comment_status":"open","ping_status":"closed","sticky":false,"template":"","format":"standard","meta":{"amp_status":"","footnotes":""},"categories":[123,40240],"tags":[972,139620,139622,139625,137166,137165,137164,137161,137163,989,137162,142074,142070,142078,142075,1500,142071,139623,142073,142068,142077,139626,139627,139628,137167,142069,142076,142072,1625,154,141290,139621,142067,139624],"class_list":["post-110359","post","type-post","status-publish","format-standard","has-post-thumbnail","hentry","category-gerais","category-politica-2","tag-alvorada-de-minas","tag-carlos-frederico-caldeira-de-abreu","tag-cleber-bosco-padilha","tag-cristiano-jose-de-aguiar","tag-danilio-clessio-ferreira","tag-eleicao-em-alvorada-de-minas","tag-eleicao-para-prefeito-em-alvorada-de-minas","tag-eleicoes-extemporaneas","tag-eleicoes-extemporaneas-em-alvorada-de-minas","tag-eleicoes-suplementares","tag-eleicoes-suplementares-em-alvorada-de-minas","tag-eleita-em-sao-bento-abade","tag-eleito-em-alvorada-de-minas","tag-eleito-em-ervalia","tag-eloisio-cunha-e-eleito-prefeito-de-ervalia","tag-ervalia","tag-jane-irma-da-janete-e-eleita-prefeita-de-sao-bento-abade","tag-joao-pedro-de-oliveira-lima","tag-nova-prefeita-de-sao-bento-abade","tag-novo-prefeito-de-alvorada-de-minas","tag-novo-prefeito-de-ervalia","tag-partidos-definem-candidatos-para-as-eleicoes-suplementares-de-marco-em-alvorada-de-minas","tag-partidos-definem-candidatos-para-as-eleicoes-suplementares-de-marco-em-ervalia","tag-partidos-definem-candidatos-para-as-eleicoes-suplementares-de-marco-em-sao-bento-abade","tag-populacao-de-alvorada-de-minas-escolhera-novo-prefeito-em-marco","tag-prefeito-eleito-em-alvorada-de-minas","tag-prefeito-eleito-em-ervalia","tag-prefeito-eleito-em-sao-bento-abade","tag-sao-bento-abade","tag-serro","tag-tres-municipios-de-minas-gerais-realizam-novas-eleicoes-no-proximo-domingo","tag-vandeir-pimenta-moreira","tag-vitor-de-salvador-e-eleito-prefeito-de-alvorada-de-minas","tag-vitor-hugo-ferreira-dos-santos"],"_links":{"self":[{"href":"https:\/\/aconteceunovale.com.br\/portal\/index.php?rest_route=\/wp\/v2\/posts\/110359","targetHints":{"allow":["GET"]}}],"collection":[{"href":"https:\/\/aconteceunovale.com.br\/portal\/index.php?rest_route=\/wp\/v2\/posts"}],"about":[{"href":"https:\/\/aconteceunovale.com.br\/portal\/index.php?rest_route=\/wp\/v2\/types\/post"}],"author":[{"embeddable":true,"href":"https:\/\/aconteceunovale.com.br\/portal\/index.php?rest_route=\/wp\/v2\/users\/1"}],"replies":[{"embeddable":true,"href":"https:\/\/aconteceunovale.com.br\/portal\/index.php?rest_route=%2Fwp%2Fv2%2Fcomments&post=110359"}],"version-history":[{"count":0,"href":"https:\/\/aconteceunovale.com.br\/portal\/index.php?rest_route=\/wp\/v2\/posts\/110359\/revisions"}],"wp:featuredmedia":[{"embeddable":true,"href":"https:\/\/aconteceunovale.com.br\/portal\/index.php?rest_route=\/wp\/v2\/media\/110360"}],"wp:attachment":[{"href":"https:\/\/aconteceunovale.com.br\/portal\/index.php?rest_route=%2Fwp%2Fv2%2Fmedia&parent=110359"}],"wp:term":[{"taxonomy":"category","embeddable":true,"href":"https:\/\/aconteceunovale.com.br\/portal\/index.php?rest_route=%2Fwp%2Fv2%2Fcategories&post=110359"},{"taxonomy":"post_tag","embeddable":true,"href":"https:\/\/aconteceunovale.com.br\/portal\/index.php?rest_route=%2Fwp%2Fv2%2Ftags&post=110359"}],"curies":[{"name":"wp","href":"https:\/\/api.w.org\/{rel}","templated":true}]}}