{"id":110356,"date":"2017-03-12T20:15:20","date_gmt":"2017-03-12T22:15:20","guid":{"rendered":"http:\/\/aconteceunovale.com.br\/portal\/?p=110356"},"modified":"2017-03-12T20:15:20","modified_gmt":"2017-03-12T22:15:20","slug":"jane-irma-da-janete-e-eleita-prefeita-de-sao-bento-abade","status":"publish","type":"post","link":"https:\/\/aconteceunovale.com.br\/portal\/?p=110356","title":{"rendered":"Jane Irm\u00e3 da Janete \u00e9 eleita prefeita de S\u00e3o Bento Abade"},"content":{"rendered":"<p>A agente administrativo Jane Rezende Silva Elizei, a Jane Irm\u00e3 da Janete (PT), de 45 anos, est\u00e1 eleita prefeita de S\u00e3o Bento Abade (MG). Com 100% das se\u00e7\u00f5es apuradas, a candidata recebeu 1.671 (48,96%) dos votos v\u00e1lidos e venceu Eneias Machado de Souza (PTB), que obteve 1.543 (45,21%). Jos\u00e9 Roberto Furtado, o Non\u00f4 (PDT), ficou em terceiro lugar com 199 (5,83%) votos.<\/p>\n<p>Jane Irm\u00e3 da Janete disputou a elei\u00e7\u00e3o suplementar de S\u00e3o Bento Abade, neste domingo (12\/03\/2017), pela coliga\u00e7\u00e3o &#8220;Renovar para cresccer&#8221;, formada pelo Partido dos Trabalhadores (PT) e Partido Renovador Trabalhista Brasileiro (PRTB). O vice da chapa \u00e9 o trabalhador rural Ad\u00e9lio Brasileiro de Castro (PRTB), de 67 anos.<\/p>\n<p>De acordo com informa\u00e7\u00f5es divulgadas pelo Tribunal Superior Eleitoral (TSE), S\u00e3o Bento Abade possui 3891 eleitores. Destes, 394 (10,13%) n\u00e3o compareceram para votar neste domingo. 33 (0,94%) votaram em branco e outros 51 (1,46%) anularam o voto.<\/p>\n<p>Confira a apura\u00e7\u00e3o completa em <a href=\"http:\/\/eleicoesnobrasil.com.br\/\" target=\"_blank\">www.eleicoesnobrasil.com.br<\/a>.<\/p>\n<p><img decoding=\"async\" src=\"http:\/\/aconteceunovale.com.br\/portal\/wp-content\/uploads\/2017\/03\/prefeito_sbabade.jpg\" alt=\"\" \/><em>Jane Irm\u00e3 da Janete e Ad\u00e9lio (Foto: Divulga\u00e7\u00e3o)<\/em><br \/>\n<\/br><\/p>\n<p><strong>VER PRIMEIRO<\/strong><\/p>\n<p><strong>Receba as not\u00edcias do Aconteceu no Vale em primeira m\u00e3o. Clique em curtir no endere\u00e7o <a href=\"https:\/\/www.facebook.com\/aconteceunovale\" target=\"_blank\"><font color=\"red\">www.facebook.com\/aconteceunovale<\/font><\/a> ou no box abaixo:<\/strong><\/p>\n<div class=\"fb-like\" data-href=\"https:\/\/www.facebook.com\/aconteceunovale\" data-width=\"120\" data-layout=\"standard\" data-action=\"like\" data-size=\"small\" data-show-faces=\"true\" data-share=\"true\"><\/div>\n<p><\/br><\/p>\n","protected":false},"excerpt":{"rendered":"<p>A agente administrativo Jane Rezende Silva Elizei, a Jane Irm\u00e3 da Janete (PT), de 45 anos, est\u00e1 eleita prefeita de S\u00e3o Bento Abade (MG). Com 100% das se\u00e7\u00f5es apuradas, a candidata recebeu 1.671 (48,96%) dos votos v\u00e1lidos e venceu Eneias Machado de Souza (PTB), que obteve 1.543 (45,21%). Jos\u00e9 Roberto Furtado, o Non\u00f4 (PDT), ficou [&hellip;]<\/p>\n","protected":false},"author":1,"featured_media":110357,"comment_status":"open","ping_status":"closed","sticky":false,"template":"","format":"standard","meta":{"amp_status":"","footnotes":""},"categories":[123,40240],"tags":[972,139620,139622,139625,137166,137165,137164,137161,137163,989,137162,142074,142070,1500,142071,139623,142073,142068,139626,139627,139628,137167,142069,142072,1625,154,141290,139621,142067,139624],"class_list":["post-110356","post","type-post","status-publish","format-standard","has-post-thumbnail","hentry","category-gerais","category-politica-2","tag-alvorada-de-minas","tag-carlos-frederico-caldeira-de-abreu","tag-cleber-bosco-padilha","tag-cristiano-jose-de-aguiar","tag-danilio-clessio-ferreira","tag-eleicao-em-alvorada-de-minas","tag-eleicao-para-prefeito-em-alvorada-de-minas","tag-eleicoes-extemporaneas","tag-eleicoes-extemporaneas-em-alvorada-de-minas","tag-eleicoes-suplementares","tag-eleicoes-suplementares-em-alvorada-de-minas","tag-eleita-em-sao-bento-abade","tag-eleito-em-alvorada-de-minas","tag-ervalia","tag-jane-irma-da-janete-e-eleita-prefeita-de-sao-bento-abade","tag-joao-pedro-de-oliveira-lima","tag-nova-prefeita-de-sao-bento-abade","tag-novo-prefeito-de-alvorada-de-minas","tag-partidos-definem-candidatos-para-as-eleicoes-suplementares-de-marco-em-alvorada-de-minas","tag-partidos-definem-candidatos-para-as-eleicoes-suplementares-de-marco-em-ervalia","tag-partidos-definem-candidatos-para-as-eleicoes-suplementares-de-marco-em-sao-bento-abade","tag-populacao-de-alvorada-de-minas-escolhera-novo-prefeito-em-marco","tag-prefeito-eleito-em-alvorada-de-minas","tag-prefeito-eleito-em-sao-bento-abade","tag-sao-bento-abade","tag-serro","tag-tres-municipios-de-minas-gerais-realizam-novas-eleicoes-no-proximo-domingo","tag-vandeir-pimenta-moreira","tag-vitor-de-salvador-e-eleito-prefeito-de-alvorada-de-minas","tag-vitor-hugo-ferreira-dos-santos"],"_links":{"self":[{"href":"https:\/\/aconteceunovale.com.br\/portal\/index.php?rest_route=\/wp\/v2\/posts\/110356","targetHints":{"allow":["GET"]}}],"collection":[{"href":"https:\/\/aconteceunovale.com.br\/portal\/index.php?rest_route=\/wp\/v2\/posts"}],"about":[{"href":"https:\/\/aconteceunovale.com.br\/portal\/index.php?rest_route=\/wp\/v2\/types\/post"}],"author":[{"embeddable":true,"href":"https:\/\/aconteceunovale.com.br\/portal\/index.php?rest_route=\/wp\/v2\/users\/1"}],"replies":[{"embeddable":true,"href":"https:\/\/aconteceunovale.com.br\/portal\/index.php?rest_route=%2Fwp%2Fv2%2Fcomments&post=110356"}],"version-history":[{"count":0,"href":"https:\/\/aconteceunovale.com.br\/portal\/index.php?rest_route=\/wp\/v2\/posts\/110356\/revisions"}],"wp:featuredmedia":[{"embeddable":true,"href":"https:\/\/aconteceunovale.com.br\/portal\/index.php?rest_route=\/wp\/v2\/media\/110357"}],"wp:attachment":[{"href":"https:\/\/aconteceunovale.com.br\/portal\/index.php?rest_route=%2Fwp%2Fv2%2Fmedia&parent=110356"}],"wp:term":[{"taxonomy":"category","embeddable":true,"href":"https:\/\/aconteceunovale.com.br\/portal\/index.php?rest_route=%2Fwp%2Fv2%2Fcategories&post=110356"},{"taxonomy":"post_tag","embeddable":true,"href":"https:\/\/aconteceunovale.com.br\/portal\/index.php?rest_route=%2Fwp%2Fv2%2Ftags&post=110356"}],"curies":[{"name":"wp","href":"https:\/\/api.w.org\/{rel}","templated":true}]}}