{"id":110353,"date":"2017-03-12T19:50:49","date_gmt":"2017-03-12T21:50:49","guid":{"rendered":"http:\/\/aconteceunovale.com.br\/portal\/?p=110353"},"modified":"2017-03-12T19:50:49","modified_gmt":"2017-03-12T21:50:49","slug":"vitor-de-salvador-e-eleito-prefeito-de-alvorada-de-minas","status":"publish","type":"post","link":"https:\/\/aconteceunovale.com.br\/portal\/?p=110353","title":{"rendered":"Vitor de Salvador \u00e9 eleito prefeito de Alvorada de Minas"},"content":{"rendered":"<p>O agr\u00f4nomo Vitor Hugo Ferreira dos Santos, o Vitor de Salvador (SD), de 36 anos, est\u00e1 eleito prefeito de Alvorada de Minas (MG). Com 100% das se\u00e7\u00f5es apuradas, o candidato recebeu 1.706 (57,13%) dos votos v\u00e1lidos e desbancou Cleber do Esporte (PT do B), que obteve 787 (26,36%). Carlos de Abreu (PMDB) ficou em terceiro lugar com 493 (16,51%) votos.<\/p>\n<p>Vitor de Salvador disputou a elei\u00e7\u00e3o suplementar de Alvorada de Minas, neste domingo (12\/03\/2017), pela coliga\u00e7\u00e3o &#8220;Unidos com a for\u00e7a do povo&#8221;, formada pelos partidos Solidariedade (SD), Democratas (DEM), Partido Progressista (PP) e Partido Democr\u00e1tico Trabalhista (PDT). O vice da chapa \u00e9 o produtor agropecu\u00e1rio Cristiano Jos\u00e9 de Aguiar, o Cristiano de Tib\u00farcio (DEM), de 43 anos.<\/p>\n<p>De acordo com informa\u00e7\u00f5es divulgadas pelo Tribunal Superior Eleitoral (TSE), Alvorada de Minas possui 4244 eleitores. Destes, 1126 (26,60) n\u00e3o compareceram para votar neste domingo. 47 (1,51%) votaram em branco e outros 82 (2,63%) anularam o voto.<\/p>\n<p>Confira a apura\u00e7\u00e3o completa em <a href=\"http:\/\/eleicoesnobrasil.com.br\/\" target=\"_blank\">www.eleicoesnobrasil.com.br<\/a>.<\/p>\n<p><img decoding=\"async\" src=\"http:\/\/aconteceunovale.com.br\/portal\/wp-content\/uploads\/2017\/03\/prefeito_alvorada_de_minas.jpg\" alt=\"\" \/><em>Vitor de Salvador e Cristiano Tib\u00farcio (Foto: Divulga\u00e7\u00e3o)<\/em><br \/>\n<\/br><\/p>\n<p><strong>VER PRIMEIRO<\/strong><\/p>\n<p><strong>Receba as not\u00edcias do Aconteceu no Vale em primeira m\u00e3o. Clique em curtir no endere\u00e7o <a href=\"https:\/\/www.facebook.com\/aconteceunovale\" target=\"_blank\"><font color=\"red\">www.facebook.com\/aconteceunovale<\/font><\/a> ou no box abaixo:<\/strong><\/p>\n<div class=\"fb-like\" data-href=\"https:\/\/www.facebook.com\/aconteceunovale\" data-width=\"120\" data-layout=\"standard\" data-action=\"like\" data-size=\"small\" data-show-faces=\"true\" data-share=\"true\"><\/div>\n<p><\/br><\/p>\n","protected":false},"excerpt":{"rendered":"<p>O agr\u00f4nomo Vitor Hugo Ferreira dos Santos, o Vitor de Salvador (SD), de 36 anos, est\u00e1 eleito prefeito de Alvorada de Minas (MG). Com 100% das se\u00e7\u00f5es apuradas, o candidato recebeu 1.706 (57,13%) dos votos v\u00e1lidos e desbancou Cleber do Esporte (PT do B), que obteve 787 (26,36%). Carlos de Abreu (PMDB) ficou em terceiro [&hellip;]<\/p>\n","protected":false},"author":1,"featured_media":110354,"comment_status":"open","ping_status":"closed","sticky":false,"template":"","format":"standard","meta":{"amp_status":"","footnotes":""},"categories":[123,40240],"tags":[972,139620,139622,139625,137166,137165,137164,137161,137163,989,137162,142070,1500,139623,142068,139626,139627,139628,137167,142069,1625,154,141290,139621,142067,139624],"class_list":["post-110353","post","type-post","status-publish","format-standard","has-post-thumbnail","hentry","category-gerais","category-politica-2","tag-alvorada-de-minas","tag-carlos-frederico-caldeira-de-abreu","tag-cleber-bosco-padilha","tag-cristiano-jose-de-aguiar","tag-danilio-clessio-ferreira","tag-eleicao-em-alvorada-de-minas","tag-eleicao-para-prefeito-em-alvorada-de-minas","tag-eleicoes-extemporaneas","tag-eleicoes-extemporaneas-em-alvorada-de-minas","tag-eleicoes-suplementares","tag-eleicoes-suplementares-em-alvorada-de-minas","tag-eleito-em-alvorada-de-minas","tag-ervalia","tag-joao-pedro-de-oliveira-lima","tag-novo-prefeito-de-alvorada-de-minas","tag-partidos-definem-candidatos-para-as-eleicoes-suplementares-de-marco-em-alvorada-de-minas","tag-partidos-definem-candidatos-para-as-eleicoes-suplementares-de-marco-em-ervalia","tag-partidos-definem-candidatos-para-as-eleicoes-suplementares-de-marco-em-sao-bento-abade","tag-populacao-de-alvorada-de-minas-escolhera-novo-prefeito-em-marco","tag-prefeito-eleito-em-alvorada-de-minas","tag-sao-bento-abade","tag-serro","tag-tres-municipios-de-minas-gerais-realizam-novas-eleicoes-no-proximo-domingo","tag-vandeir-pimenta-moreira","tag-vitor-de-salvador-e-eleito-prefeito-de-alvorada-de-minas","tag-vitor-hugo-ferreira-dos-santos"],"_links":{"self":[{"href":"https:\/\/aconteceunovale.com.br\/portal\/index.php?rest_route=\/wp\/v2\/posts\/110353","targetHints":{"allow":["GET"]}}],"collection":[{"href":"https:\/\/aconteceunovale.com.br\/portal\/index.php?rest_route=\/wp\/v2\/posts"}],"about":[{"href":"https:\/\/aconteceunovale.com.br\/portal\/index.php?rest_route=\/wp\/v2\/types\/post"}],"author":[{"embeddable":true,"href":"https:\/\/aconteceunovale.com.br\/portal\/index.php?rest_route=\/wp\/v2\/users\/1"}],"replies":[{"embeddable":true,"href":"https:\/\/aconteceunovale.com.br\/portal\/index.php?rest_route=%2Fwp%2Fv2%2Fcomments&post=110353"}],"version-history":[{"count":0,"href":"https:\/\/aconteceunovale.com.br\/portal\/index.php?rest_route=\/wp\/v2\/posts\/110353\/revisions"}],"wp:featuredmedia":[{"embeddable":true,"href":"https:\/\/aconteceunovale.com.br\/portal\/index.php?rest_route=\/wp\/v2\/media\/110354"}],"wp:attachment":[{"href":"https:\/\/aconteceunovale.com.br\/portal\/index.php?rest_route=%2Fwp%2Fv2%2Fmedia&parent=110353"}],"wp:term":[{"taxonomy":"category","embeddable":true,"href":"https:\/\/aconteceunovale.com.br\/portal\/index.php?rest_route=%2Fwp%2Fv2%2Fcategories&post=110353"},{"taxonomy":"post_tag","embeddable":true,"href":"https:\/\/aconteceunovale.com.br\/portal\/index.php?rest_route=%2Fwp%2Fv2%2Ftags&post=110353"}],"curies":[{"name":"wp","href":"https:\/\/api.w.org\/{rel}","templated":true}]}}