{"id":110347,"date":"2017-03-12T11:39:07","date_gmt":"2017-03-12T13:39:07","guid":{"rendered":"http:\/\/aconteceunovale.com.br\/portal\/?p=110347"},"modified":"2017-03-12T11:39:07","modified_gmt":"2017-03-12T13:39:07","slug":"tres-municipios-de-minas-gerais-realizam-novas-eleicoes-neste-domingo","status":"publish","type":"post","link":"https:\/\/aconteceunovale.com.br\/portal\/?p=110347","title":{"rendered":"Tr\u00eas munic\u00edpios de Minas Gerais realizam novas elei\u00e7\u00f5es neste domingo"},"content":{"rendered":"<p>A popula\u00e7\u00e3o das cidades mineiras Alvorada de Minas, Erv\u00e1lia e S\u00e3o Bento Abade volta \u00e0s urnas hoje (12) para escolher seus prefeitos e vice-prefeitos. As elei\u00e7\u00f5es municipais est\u00e3o sendo realizadas novamente nestes locais porque a Justi\u00e7a Eleitoral anulou o pleito ocorrido no ano passado. A vota\u00e7\u00e3o ocorrer\u00e1 entre 8h e 17h.<\/p>\n<p>Segundo o artigo 224 do C\u00f3digo Eleitoral, devem ocorrer novas elei\u00e7\u00f5es caso haja indeferimento do registro de candidato eleito em pleito majorit\u00e1rio. Em Alvorada de Minas, Danilio da Sa\u00fade (SD) venceu a disputa no ano passado. No entanto, ele teve seu registro indeferido por n\u00e3o ter se afastado das fun\u00e7\u00f5es de secret\u00e1rio municipal e por ter praticado atos como servidor p\u00fablico em per\u00edodo vedado. No munic\u00edpio h\u00e1 4.267 eleitores. Disputam a nova elei\u00e7\u00e3o tr\u00eas candidatos: Carlos de Abreu (PMDB), Cl\u00e9ber do Esporte (PTdoB) e Vitor de Salvador (SD).<\/p>\n<p>O registro de Edson Rezende (DEM), candidato mais votado no ano passado em Erv\u00e1lia, tamb\u00e9m foi indeferido. A decis\u00e3o da Justi\u00e7a Eleitoral se deu em raz\u00e3o de suas contas p\u00fablicas terem sido rejeitadas. Os 16.742 eleitores da cidade dever\u00e3o agora optar entre Alex Ruela de Almeida (PSDB) e Eloisio Cunha (DEM).<\/p>\n<p>J\u00e1 em S\u00e3o Bento Abade, Janete Rezende Silva (PSDC) havia sido a mais votada no ano passado. O indeferimento de seu registro tamb\u00e9m ocorreu em decorr\u00eancia da rejei\u00e7\u00e3o das suas contas p\u00fablicas. No novo pleito, a cidade com 3.895 eleitores conta com tr\u00eas candidatos. Uma delas \u00e9 a irm\u00e3 de Janete,  Jane Rezende Silva Elizei (PT). Os outros dois candidatos s\u00e3o Eneias Machado de Souza (PTB) e Jos\u00e9 Roberto Furtado (PDT), tamb\u00e9m conhecido como Non\u00f4.<\/p>\n<p><strong>VER PRIMEIRO<\/strong><\/p>\n<p><strong>Receba as not\u00edcias do Aconteceu no Vale em primeira m\u00e3o. Clique em curtir no endere\u00e7o <a href=\"https:\/\/www.facebook.com\/aconteceunovale\" target=\"_blank\"><font color=\"red\">www.facebook.com\/aconteceunovale<\/font><\/a> ou no box abaixo:<\/strong><\/p>\n<div class=\"fb-like\" data-href=\"https:\/\/www.facebook.com\/aconteceunovale\" data-width=\"120\" data-layout=\"standard\" data-action=\"like\" data-size=\"small\" data-show-faces=\"true\" data-share=\"true\"><\/div>\n<p><\/br><\/p>\n<p><em>(Ag\u00eancia Brasil)<\/em><\/p>\n","protected":false},"excerpt":{"rendered":"<p>A popula\u00e7\u00e3o das cidades mineiras Alvorada de Minas, Erv\u00e1lia e S\u00e3o Bento Abade volta \u00e0s urnas hoje (12) para escolher seus prefeitos e vice-prefeitos. As elei\u00e7\u00f5es municipais est\u00e3o sendo realizadas novamente nestes locais porque a Justi\u00e7a Eleitoral anulou o pleito ocorrido no ano passado. A vota\u00e7\u00e3o ocorrer\u00e1 entre 8h e 17h. Segundo o artigo 224 [&hellip;]<\/p>\n","protected":false},"author":1,"featured_media":92935,"comment_status":"open","ping_status":"closed","sticky":false,"template":"","format":"standard","meta":{"amp_status":"","footnotes":""},"categories":[123,40240],"tags":[972,139620,139622,139625,137166,137165,137164,137161,137163,989,137162,1500,139623,139626,139627,139628,137167,1625,154,141290,139621,139624],"class_list":["post-110347","post","type-post","status-publish","format-standard","has-post-thumbnail","hentry","category-gerais","category-politica-2","tag-alvorada-de-minas","tag-carlos-frederico-caldeira-de-abreu","tag-cleber-bosco-padilha","tag-cristiano-jose-de-aguiar","tag-danilio-clessio-ferreira","tag-eleicao-em-alvorada-de-minas","tag-eleicao-para-prefeito-em-alvorada-de-minas","tag-eleicoes-extemporaneas","tag-eleicoes-extemporaneas-em-alvorada-de-minas","tag-eleicoes-suplementares","tag-eleicoes-suplementares-em-alvorada-de-minas","tag-ervalia","tag-joao-pedro-de-oliveira-lima","tag-partidos-definem-candidatos-para-as-eleicoes-suplementares-de-marco-em-alvorada-de-minas","tag-partidos-definem-candidatos-para-as-eleicoes-suplementares-de-marco-em-ervalia","tag-partidos-definem-candidatos-para-as-eleicoes-suplementares-de-marco-em-sao-bento-abade","tag-populacao-de-alvorada-de-minas-escolhera-novo-prefeito-em-marco","tag-sao-bento-abade","tag-serro","tag-tres-municipios-de-minas-gerais-realizam-novas-eleicoes-no-proximo-domingo","tag-vandeir-pimenta-moreira","tag-vitor-hugo-ferreira-dos-santos"],"_links":{"self":[{"href":"https:\/\/aconteceunovale.com.br\/portal\/index.php?rest_route=\/wp\/v2\/posts\/110347","targetHints":{"allow":["GET"]}}],"collection":[{"href":"https:\/\/aconteceunovale.com.br\/portal\/index.php?rest_route=\/wp\/v2\/posts"}],"about":[{"href":"https:\/\/aconteceunovale.com.br\/portal\/index.php?rest_route=\/wp\/v2\/types\/post"}],"author":[{"embeddable":true,"href":"https:\/\/aconteceunovale.com.br\/portal\/index.php?rest_route=\/wp\/v2\/users\/1"}],"replies":[{"embeddable":true,"href":"https:\/\/aconteceunovale.com.br\/portal\/index.php?rest_route=%2Fwp%2Fv2%2Fcomments&post=110347"}],"version-history":[{"count":0,"href":"https:\/\/aconteceunovale.com.br\/portal\/index.php?rest_route=\/wp\/v2\/posts\/110347\/revisions"}],"wp:featuredmedia":[{"embeddable":true,"href":"https:\/\/aconteceunovale.com.br\/portal\/index.php?rest_route=\/wp\/v2\/media\/92935"}],"wp:attachment":[{"href":"https:\/\/aconteceunovale.com.br\/portal\/index.php?rest_route=%2Fwp%2Fv2%2Fmedia&parent=110347"}],"wp:term":[{"taxonomy":"category","embeddable":true,"href":"https:\/\/aconteceunovale.com.br\/portal\/index.php?rest_route=%2Fwp%2Fv2%2Fcategories&post=110347"},{"taxonomy":"post_tag","embeddable":true,"href":"https:\/\/aconteceunovale.com.br\/portal\/index.php?rest_route=%2Fwp%2Fv2%2Ftags&post=110347"}],"curies":[{"name":"wp","href":"https:\/\/api.w.org\/{rel}","templated":true}]}}