{"id":110332,"date":"2017-03-12T11:26:35","date_gmt":"2017-03-12T13:26:35","guid":{"rendered":"http:\/\/aconteceunovale.com.br\/portal\/?p=110332"},"modified":"2017-03-12T22:37:05","modified_gmt":"2017-03-13T00:37:05","slug":"bandidos-aterrorizam-populacao-durante-ataque-a-bancos-em-medina-no-vale-do-jequitinhonha","status":"publish","type":"post","link":"https:\/\/aconteceunovale.com.br\/portal\/?p=110332","title":{"rendered":"Bandidos aterrorizam popula\u00e7\u00e3o durante ataque a bancos em Medina, no Vale do Jequitinhonha"},"content":{"rendered":"<p>Criminosos assustaram a popula\u00e7\u00e3o de Medina, no Vale do Jequitinhonha, na madrugada deste domingo (12\/03\/2017). Segundo a Pol\u00edcia Militar (PM), pelo menos oito assaltantes invadiram ag\u00eancias de tr\u00eas bancos do munic\u00edpio e promoveram cerca de 40 minutos de tiroteio enquanto tentavam roubar dinheiro dos caixas eletr\u00f4nicos do Bradesco, Banco do Brasil e Caixa Econ\u00f4mica Federal.<\/p>\n<p>As primeiras informa\u00e7\u00f5es d\u00e3o conta de que na pra\u00e7a da cidade eram oito ladr\u00f5es. Eles teriam conseguido explodir caixas no Bradesco e no banco do Brasil, mas no primeiro houve a libera\u00e7\u00e3o de uma fuma\u00e7a t\u00f3xica, que pode ter atrapalhado os planos do bando. A princ\u00edpio, n\u00e3o houve explos\u00e3o de terminal eletr\u00f4nico na ag\u00eancia da Caixa, apenas danos nas vidra\u00e7as da ag\u00eancia, segundo a delegada de Pedra Azul, Maria Aparecida Motta Martins.<\/p>\n<p>O n\u00famero de bandidos pode ser maior porque a PM informou que houve v\u00e1rios relatos de disparos generalizados no entorno da cidade enquanto os criminosos tentavam roubar os bancos, informa\u00e7\u00e3o confirmada tamb\u00e9m pela Pol\u00edcia Civil. Im\u00f3veis como a delegacia e at\u00e9 o quartel da PM foram alvejados, segundo o major Walter Ramos, comandante da 26\u00aa Companhia Independente da PM.<\/p>\n<p>Um morador da cidade acabou levando um tiro no bra\u00e7o, mas, segundo o major, o disparo foi de rasp\u00e3o e ele foi socorrida para uma unidade de sa\u00fade local e n\u00e3o corre o risco de morrer. Policiais militares ainda est\u00e3o fazendo levantamentos e at\u00e9 o momento ningu\u00e9m foi preso. Dois ve\u00edculos usados pela quadrilha, uma caminhonete Amarok e um HB20, foram apreendidos. N\u00e3o foi divulgado se os assaltantes conseguiram roubar dinheiro dos caixas eletr\u00f4nicos.<\/p>\n<p><strong>FOTOS<\/strong><\/p>\n<p><img decoding=\"async\" src=\"http:\/\/aconteceunovale.com.br\/portal\/wp-content\/uploads\/2017\/03\/roubo_bancos_medina_1.jpg\" alt=\"\" \/><\/p>\n<p><img decoding=\"async\" src=\"http:\/\/aconteceunovale.com.br\/portal\/wp-content\/uploads\/2017\/03\/roubo_bancos_medina_2.jpg\" alt=\"\" \/><\/p>\n<p><img decoding=\"async\" src=\"http:\/\/aconteceunovale.com.br\/portal\/wp-content\/uploads\/2017\/03\/roubo_bancos_medina_3.jpg\" alt=\"\" \/><\/p>\n<p><img decoding=\"async\" src=\"http:\/\/aconteceunovale.com.br\/portal\/wp-content\/uploads\/2017\/03\/roubo_bancos_medina_4.jpg\" alt=\"\" \/><\/p>\n<p><img decoding=\"async\" src=\"http:\/\/aconteceunovale.com.br\/portal\/wp-content\/uploads\/2017\/03\/roubo_bancos_medina_5.jpg\" alt=\"\" \/><\/p>\n<p><img decoding=\"async\" src=\"http:\/\/aconteceunovale.com.br\/portal\/wp-content\/uploads\/2017\/03\/roubo_bancos_medina_6.jpg\" alt=\"\" \/><\/p>\n<p><img decoding=\"async\" src=\"http:\/\/aconteceunovale.com.br\/portal\/wp-content\/uploads\/2017\/03\/roubo_bancos_medina_7.jpg\" alt=\"\" \/><\/p>\n<p><img decoding=\"async\" src=\"http:\/\/aconteceunovale.com.br\/portal\/wp-content\/uploads\/2017\/03\/roubo_bancos_medina_8.jpg\" alt=\"\" \/><\/p>\n<p><img decoding=\"async\" src=\"http:\/\/aconteceunovale.com.br\/portal\/wp-content\/uploads\/2017\/03\/roubo_bancos_medina_9.jpg\" alt=\"\" \/><\/p>\n<p><img decoding=\"async\" src=\"http:\/\/aconteceunovale.com.br\/portal\/wp-content\/uploads\/2017\/03\/roubo_bancos_medina_10.jpg\" alt=\"\" \/><\/p>\n<p><img decoding=\"async\" src=\"http:\/\/aconteceunovale.com.br\/portal\/wp-content\/uploads\/2017\/03\/roubo_bancos_medina_11.jpg\" alt=\"\" \/><\/p>\n<p><img decoding=\"async\" src=\"http:\/\/aconteceunovale.com.br\/portal\/wp-content\/uploads\/2017\/03\/roubo_bancos_medina_12.jpg\" alt=\"\" \/><\/p>\n<p><img decoding=\"async\" src=\"http:\/\/aconteceunovale.com.br\/portal\/wp-content\/uploads\/2017\/03\/roubo_bancos_medina_13.jpg\" alt=\"\" \/><\/p>\n<p><strong>VER PRIMEIRO<\/strong><\/p>\n<p><strong>Receba as not\u00edcias do Aconteceu no Vale em primeira m\u00e3o. Clique em curtir no endere\u00e7o <a href=\"https:\/\/www.facebook.com\/aconteceunovale\" target=\"_blank\"><font color=\"red\">www.facebook.com\/aconteceunovale<\/font><\/a> ou no box abaixo:<\/strong><\/p>\n<div class=\"fb-like\" data-href=\"https:\/\/www.facebook.com\/aconteceunovale\" data-width=\"120\" data-layout=\"standard\" data-action=\"like\" data-size=\"small\" data-show-faces=\"true\" data-share=\"true\"><\/div>\n<p><\/br><\/p>\n<p><em>(Fonte: Estado de Minas \/ Fotos: Enviadas por leitores do Aconteceu no Vale)<\/em><\/p>\n","protected":false},"excerpt":{"rendered":"<p>Criminosos assustaram a popula\u00e7\u00e3o de Medina, no Vale do Jequitinhonha, na madrugada deste domingo (12\/03\/2017). Segundo a Pol\u00edcia Militar (PM), pelo menos oito assaltantes invadiram ag\u00eancias de tr\u00eas bancos do munic\u00edpio e promoveram cerca de 40 minutos de tiroteio enquanto tentavam roubar dinheiro dos caixas eletr\u00f4nicos do Bradesco, Banco do Brasil e Caixa Econ\u00f4mica Federal. [&hellip;]<\/p>\n","protected":false},"author":1,"featured_media":110335,"comment_status":"open","ping_status":"closed","sticky":false,"template":"","format":"standard","meta":{"amp_status":"","footnotes":""},"categories":[120],"tags":[142039,142050,142044,142051,74939,142047,142038,142048,142089,1018,142046,142053,142042,142045,142041,75668,389,142040,142049,142043,142052,74940],"class_list":["post-110332","post","type-post","status-publish","format-standard","has-post-thumbnail","hentry","category-jequi","tag-assalto-a-banco-em-medina","tag-assalto-banco-do-brasil-medina","tag-assalto-bradesco-medina","tag-assalto-caixa-medina","tag-assalto-medina","tag-banco-do-brasil-em-medina","tag-bandidos-aterrorizam-populacao-durante-ataque-a-bancos-em-medina","tag-bradesco-em-medina","tag-delegada-de-pedra-azul","tag-destaque","tag-explosao-caixa-eletronico-banco-do-brasil-em-medina","tag-explosao-caixa-eletronico-caixa-medina","tag-explosao-de-banco-em-medina","tag-explosao-de-caixa-eletronico-bradesco-medina","tag-explosao-de-caixa-eletronico-em-medina","tag-maria-aparecida-motta-martins","tag-medina","tag-roubo-a-banco-em-medina","tag-roubo-banco-do-brasil-medina","tag-roubo-bradesco-medina","tag-roubo-caixa-medina","tag-roubo-medina"],"_links":{"self":[{"href":"https:\/\/aconteceunovale.com.br\/portal\/index.php?rest_route=\/wp\/v2\/posts\/110332","targetHints":{"allow":["GET"]}}],"collection":[{"href":"https:\/\/aconteceunovale.com.br\/portal\/index.php?rest_route=\/wp\/v2\/posts"}],"about":[{"href":"https:\/\/aconteceunovale.com.br\/portal\/index.php?rest_route=\/wp\/v2\/types\/post"}],"author":[{"embeddable":true,"href":"https:\/\/aconteceunovale.com.br\/portal\/index.php?rest_route=\/wp\/v2\/users\/1"}],"replies":[{"embeddable":true,"href":"https:\/\/aconteceunovale.com.br\/portal\/index.php?rest_route=%2Fwp%2Fv2%2Fcomments&post=110332"}],"version-history":[{"count":0,"href":"https:\/\/aconteceunovale.com.br\/portal\/index.php?rest_route=\/wp\/v2\/posts\/110332\/revisions"}],"wp:featuredmedia":[{"embeddable":true,"href":"https:\/\/aconteceunovale.com.br\/portal\/index.php?rest_route=\/wp\/v2\/media\/110335"}],"wp:attachment":[{"href":"https:\/\/aconteceunovale.com.br\/portal\/index.php?rest_route=%2Fwp%2Fv2%2Fmedia&parent=110332"}],"wp:term":[{"taxonomy":"category","embeddable":true,"href":"https:\/\/aconteceunovale.com.br\/portal\/index.php?rest_route=%2Fwp%2Fv2%2Fcategories&post=110332"},{"taxonomy":"post_tag","embeddable":true,"href":"https:\/\/aconteceunovale.com.br\/portal\/index.php?rest_route=%2Fwp%2Fv2%2Ftags&post=110332"}],"curies":[{"name":"wp","href":"https:\/\/api.w.org\/{rel}","templated":true}]}}