{"id":110322,"date":"2017-03-12T10:29:54","date_gmt":"2017-03-12T12:29:54","guid":{"rendered":"http:\/\/aconteceunovale.com.br\/portal\/?p=110322"},"modified":"2017-03-12T10:29:54","modified_gmt":"2017-03-12T12:29:54","slug":"dois-jovens-sao-encontrados-mortos-perto-de-curral-em-montes-claros","status":"publish","type":"post","link":"https:\/\/aconteceunovale.com.br\/portal\/?p=110322","title":{"rendered":"Dois jovens s\u00e3o encontrados mortos perto de curral em Montes Claros"},"content":{"rendered":"<p>Dois jovens foram encontrados mortos no in\u00edcio da manh\u00e3 deste domingo (12\/3), em um matagal no Bairro Monte Carmelo, em Montes Claros, na regi\u00e3o Norte de Minas Gerais. De acordo com informa\u00e7\u00f5es da Pol\u00edcia Militar (PM), um homem que trabalha em um curral, pr\u00f3ximo ao local do crime, percebeu os corpos dos rapazes, por volta das 6h30, e acionou a corpora\u00e7\u00e3o.<\/p>\n<p>No local, foram constatadas marcas de sangue em pedras e possivelmente as v\u00edtimas foram mortas a pedradas. Os corpos foram levados para o Instituto M\u00e9dico Legal (IML) da cidade.<\/p>\n<p>Os dois jovens ainda n\u00e3o foram identificados. De acordo com a pol\u00edcia, eles aparentam ter entre 20 a 25 anos. A per\u00edcia compareceu ao local. Possivelmente, a morte ocorreu durante a madrugada deste domingo em fun\u00e7\u00e3o da rigidez cadav\u00e9rica dos corpos.<\/p>\n<p>A motiva\u00e7\u00e3o dos homic\u00eddios ainda \u00e9 desconhecida. Equipes de militares, incluindo o setor de intelig\u00eancia, realizam rastreamentos com intuito de localizar e prender suspeitos do duplo homic\u00eddio.<\/p>\n<p><img decoding=\"async\" src=\"http:\/\/aconteceunovale.com.br\/portal\/wp-content\/uploads\/2017\/03\/mortos_curral_moc.jpg\" alt=\"\" \/><em>Pol\u00edcia foi chamada \u00e0s 6h30 deste domingo (Foto: Pol\u00edcia Militar\/Divulga\u00e7\u00e3o)<\/em><br \/>\n<\/br><\/p>\n<p><strong>Assalto no Bairro Renascen\u00e7a<\/strong><\/p>\n<p>Criminosos invadiram e assaltaram uma casa na tarde de sexta-feira (10) em Montes Claros. O crime foi na Avenida Jo\u00e3o Batista Cordeiro, no Bairro Renascen\u00e7a, e tr\u00eas homens participaram da a\u00e7\u00e3o, segundo a Pol\u00edcia Militar.<\/p>\n<p>A PM informou tamb\u00e9m que os assaltantes levaram R$ 200 e o celular de uma moradora. Eles fugiram por um matagal. V\u00e1rias equipes de PM foram acionadas, mas, at\u00e9 a manh\u00e3 deste s\u00e1bado, nenhum suspeito havia sido preso.<\/p>\n<p><img decoding=\"async\" src=\"http:\/\/aconteceunovale.com.br\/portal\/wp-content\/uploads\/2017\/03\/assaltos_moc_1.jpg\" alt=\"\" \/><em>Suspeitos foram perseguidos pela pol\u00edcia (Foto: 3\u00aa Copaer\/Divulga\u00e7\u00e3o)<\/em><br \/>\n<\/br><\/p>\n<p><strong>Preso com r\u00e9plica de arma<\/strong><\/p>\n<p>Tamb\u00e9m em Montes Claros, um rapaz de 22 anos foi preso com uma r\u00e9plica de arma de fogo. De acordo com a PM, o rapaz tentou abordar duas mulheres na Pra\u00e7a da Matriz, mas n\u00e3o conseguiu assalt\u00e1-las.<\/p>\n<p>Em seguida ele abordou outras v\u00edtimas, no Bairro Todos os Santos e Vila Bras\u00edlia. Ele levou das v\u00edtimas uma bolsa e uma correntinha de ouro.<\/p>\n<p>Militares localizaram o autor ainda na Vila Bras\u00edlia, com uma r\u00e9plica de pistola e os materiais roubados.<\/p>\n<p><img decoding=\"async\" src=\"http:\/\/aconteceunovale.com.br\/portal\/wp-content\/uploads\/2017\/03\/assaltos_moc_2.jpg\" alt=\"\" \/><em>Material apreendido pela pol\u00edcia (Foto: Pol\u00edcia Militar\/Divulga\u00e7\u00e3o)<\/em><br \/>\n<\/br><\/p>\n<p><strong>PM apreende meio quilo de crack<\/strong><\/p>\n<p>A Pol\u00edcia Militar apreendeu, na manh\u00e3 de sexta-feira (10), entorpecentes escondidos em um barrac\u00e3o na Vila S\u00e3o Francisco de Assis, em Montes Claros. A apreens\u00e3o aconteceu depois de uma den\u00fancia an\u00f4nima, por volta das nove horas.<\/p>\n<p>De acordo com a Pol\u00edcia Militar, foram apreendidos dois tabletes e 44 buchas de maconha, meio quilo de crack, em barras e em pedras, duas balan\u00e7as de precis\u00e3o e duas facas. As drogas estavam dentro de uma bolsa, escondida em um sof\u00e1.<\/p>\n<p>No local, ningu\u00e9m foi preso. O material apreendido ser\u00e1 entregue na delegacia.<\/p>\n<p><img decoding=\"async\" src=\"http:\/\/aconteceunovale.com.br\/portal\/wp-content\/uploads\/2017\/03\/drogas_moc.jpg\" alt=\"\" \/><em>Drogas estavam em uma bolsa escondida dentro de um sof\u00e1 (Foto: PM\/Divulga\u00e7\u00e3o)<\/em><br \/>\n<\/br><\/p>\n<p><strong>VER PRIMEIRO<\/strong><\/p>\n<p><strong>Receba as not\u00edcias do Aconteceu no Vale em primeira m\u00e3o. Clique em curtir no endere\u00e7o <a href=\"https:\/\/www.facebook.com\/aconteceunovale\" target=\"_blank\"><font color=\"red\">www.facebook.com\/aconteceunovale<\/font><\/a> ou no box abaixo:<\/strong><\/p>\n<div class=\"fb-like\" data-href=\"https:\/\/www.facebook.com\/aconteceunovale\" data-width=\"120\" data-layout=\"standard\" data-action=\"like\" data-size=\"small\" data-show-faces=\"true\" data-share=\"true\"><\/div>\n<p><\/br><\/p>\n<p><em>(Fonte: G1 Grande Minas)<\/em><\/p>\n","protected":false},"excerpt":{"rendered":"<p>Dois jovens foram encontrados mortos no in\u00edcio da manh\u00e3 deste domingo (12\/3), em um matagal no Bairro Monte Carmelo, em Montes Claros, na regi\u00e3o Norte de Minas Gerais. De acordo com informa\u00e7\u00f5es da Pol\u00edcia Militar (PM), um homem que trabalha em um curral, pr\u00f3ximo ao local do crime, percebeu os corpos dos rapazes, por volta [&hellip;]<\/p>\n","protected":false},"author":1,"featured_media":110323,"comment_status":"open","ping_status":"closed","sticky":false,"template":"","format":"standard","meta":{"amp_status":"","footnotes":""},"categories":[1236],"tags":[39614,141983,141980,1018,141986,141985,141982,141984,210,73284,141981,73285],"class_list":["post-110322","post","type-post","status-publish","format-standard","has-post-thumbnail","hentry","category-norte_de_minas","tag-assassinatos-em-montes-claros","tag-assassinatos-no-bairro-monte-carmelo","tag-bairro-monte-carmelo","tag-destaque","tag-dois-jovens-sao-encontrados-mortos-perto-de-curral-em-montes-claros","tag-duplo-homicidio-em-montes-claros","tag-duplo-homicidio-no-bairro-monte-carmelo","tag-homicidios-no-bairro-monte-carmelo","tag-montes-claros","tag-mortos-em-montes-claros","tag-mortos-no-bairro-monte-carmelo","tag-violencia-em-montes-claros"],"_links":{"self":[{"href":"https:\/\/aconteceunovale.com.br\/portal\/index.php?rest_route=\/wp\/v2\/posts\/110322","targetHints":{"allow":["GET"]}}],"collection":[{"href":"https:\/\/aconteceunovale.com.br\/portal\/index.php?rest_route=\/wp\/v2\/posts"}],"about":[{"href":"https:\/\/aconteceunovale.com.br\/portal\/index.php?rest_route=\/wp\/v2\/types\/post"}],"author":[{"embeddable":true,"href":"https:\/\/aconteceunovale.com.br\/portal\/index.php?rest_route=\/wp\/v2\/users\/1"}],"replies":[{"embeddable":true,"href":"https:\/\/aconteceunovale.com.br\/portal\/index.php?rest_route=%2Fwp%2Fv2%2Fcomments&post=110322"}],"version-history":[{"count":0,"href":"https:\/\/aconteceunovale.com.br\/portal\/index.php?rest_route=\/wp\/v2\/posts\/110322\/revisions"}],"wp:featuredmedia":[{"embeddable":true,"href":"https:\/\/aconteceunovale.com.br\/portal\/index.php?rest_route=\/wp\/v2\/media\/110323"}],"wp:attachment":[{"href":"https:\/\/aconteceunovale.com.br\/portal\/index.php?rest_route=%2Fwp%2Fv2%2Fmedia&parent=110322"}],"wp:term":[{"taxonomy":"category","embeddable":true,"href":"https:\/\/aconteceunovale.com.br\/portal\/index.php?rest_route=%2Fwp%2Fv2%2Fcategories&post=110322"},{"taxonomy":"post_tag","embeddable":true,"href":"https:\/\/aconteceunovale.com.br\/portal\/index.php?rest_route=%2Fwp%2Fv2%2Ftags&post=110322"}],"curies":[{"name":"wp","href":"https:\/\/api.w.org\/{rel}","templated":true}]}}