{"id":110319,"date":"2017-03-11T23:57:57","date_gmt":"2017-03-12T01:57:57","guid":{"rendered":"http:\/\/aconteceunovale.com.br\/portal\/?p=110319"},"modified":"2017-03-11T23:57:57","modified_gmt":"2017-03-12T01:57:57","slug":"motorista-morre-apos-caminhao-carregado-de-farinha-tombar-na-br-251-no-norte-de-minas","status":"publish","type":"post","link":"https:\/\/aconteceunovale.com.br\/portal\/?p=110319","title":{"rendered":"Motorista morre ap\u00f3s caminh\u00e3o carregado de farinha tombar na BR-251, no Norte de Minas"},"content":{"rendered":"<p>Um homem de 33 anos morreu na manh\u00e3 deste s\u00e1bado (11\/3) ap\u00f3s o ve\u00edculo que ele estava tombar na altura do km 334 da BR-251, pr\u00f3ximo a Salinas, na regi\u00e3o Norte de Minas. Segundo o Corpo de Bombeiros, o motorista do caminh\u00e3o carregado de farinha, com placa de Ocau\u00e7u (SP), teria perdido o controle direcional ao passar em uma curva.<\/p>\n<p>Em seguida, o ve\u00edculo subiu em um barranco e capotou na pista. M\u00e9dicos do Servi\u00e7o de Atendimento M\u00f3vel de Urg\u00eancia (SAMU) constataram o \u00f3bito e a guarni\u00e7\u00e3o do Corpo de Bombeiros foi acionada para desencarceramento do corpo, que ficou preso \u00e0s ferragens.<\/p>\n<p>O tr\u00e2nsito ficou interrompido, nos dois sentidos, por cerca de cinco horas, mas j\u00e1 nesta tarde de s\u00e1bado foi liberado.<\/p>\n<p><img decoding=\"async\" src=\"http:\/\/aconteceunovale.com.br\/portal\/wp-content\/uploads\/2017\/03\/acidente_caminhao_farinha_251.jpeg\" alt=\"\" \/><em>Acidente aconteceu no km 334 da BR-251 (Foto: Corpo de Bombeiros\/Divulga\u00e7\u00e3o)<\/em><br \/>\n<\/br><\/p>\n<p><strong>VER PRIMEIRO<\/strong><\/p>\n<p><strong>Receba as not\u00edcias do Aconteceu no Vale em primeira m\u00e3o. Clique em curtir no endere\u00e7o <a href=\"https:\/\/www.facebook.com\/aconteceunovale\" target=\"_blank\"><font color=\"red\">www.facebook.com\/aconteceunovale<\/font><\/a> ou no box abaixo:<\/strong><\/p>\n<div class=\"fb-like\" data-href=\"https:\/\/www.facebook.com\/aconteceunovale\" data-width=\"120\" data-layout=\"standard\" data-action=\"like\" data-size=\"small\" data-show-faces=\"true\" data-share=\"true\"><\/div>\n<p><\/br><\/p>\n<p><em>(Com G1 Grande Minas)<\/em><\/p>\n","protected":false},"excerpt":{"rendered":"<p>Um homem de 33 anos morreu na manh\u00e3 deste s\u00e1bado (11\/3) ap\u00f3s o ve\u00edculo que ele estava tombar na altura do km 334 da BR-251, pr\u00f3ximo a Salinas, na regi\u00e3o Norte de Minas. Segundo o Corpo de Bombeiros, o motorista do caminh\u00e3o carregado de farinha, com placa de Ocau\u00e7u (SP), teria perdido o controle direcional [&hellip;]<\/p>\n","protected":false},"author":1,"featured_media":110320,"comment_status":"open","ping_status":"closed","sticky":false,"template":"","format":"standard","meta":{"amp_status":"","footnotes":""},"categories":[1236],"tags":[141975,141977,141978,13619,1396,80801,50058,1018,141979,141973,141974,141976],"class_list":["post-110319","post","type-post","status-publish","format-standard","has-post-thumbnail","hentry","category-norte_de_minas","tag-acidente-com-caminhao-de-farinha-na-br-251","tag-acidente-com-caminhao-de-ocaucu","tag-acidente-com-motorista-de-ocaucu","tag-acidente-em-salinas","tag-acidente-na-br-251","tag-acidente-perto-de-salinas","tag-capotamento-de-caminhao-na-br-251","tag-destaque","tag-morte-de-caminhoneiro-de-ocaucu","tag-motorista-morre-apos-caminhao-carregado-de-farinha-tombar-na-br-251","tag-motorista-morre-apos-caminhao-carregado-de-farinha-tombar-na-br-251-em-salinas","tag-ocaucu"],"_links":{"self":[{"href":"https:\/\/aconteceunovale.com.br\/portal\/index.php?rest_route=\/wp\/v2\/posts\/110319","targetHints":{"allow":["GET"]}}],"collection":[{"href":"https:\/\/aconteceunovale.com.br\/portal\/index.php?rest_route=\/wp\/v2\/posts"}],"about":[{"href":"https:\/\/aconteceunovale.com.br\/portal\/index.php?rest_route=\/wp\/v2\/types\/post"}],"author":[{"embeddable":true,"href":"https:\/\/aconteceunovale.com.br\/portal\/index.php?rest_route=\/wp\/v2\/users\/1"}],"replies":[{"embeddable":true,"href":"https:\/\/aconteceunovale.com.br\/portal\/index.php?rest_route=%2Fwp%2Fv2%2Fcomments&post=110319"}],"version-history":[{"count":0,"href":"https:\/\/aconteceunovale.com.br\/portal\/index.php?rest_route=\/wp\/v2\/posts\/110319\/revisions"}],"wp:featuredmedia":[{"embeddable":true,"href":"https:\/\/aconteceunovale.com.br\/portal\/index.php?rest_route=\/wp\/v2\/media\/110320"}],"wp:attachment":[{"href":"https:\/\/aconteceunovale.com.br\/portal\/index.php?rest_route=%2Fwp%2Fv2%2Fmedia&parent=110319"}],"wp:term":[{"taxonomy":"category","embeddable":true,"href":"https:\/\/aconteceunovale.com.br\/portal\/index.php?rest_route=%2Fwp%2Fv2%2Fcategories&post=110319"},{"taxonomy":"post_tag","embeddable":true,"href":"https:\/\/aconteceunovale.com.br\/portal\/index.php?rest_route=%2Fwp%2Fv2%2Ftags&post=110319"}],"curies":[{"name":"wp","href":"https:\/\/api.w.org\/{rel}","templated":true}]}}