{"id":110317,"date":"2017-03-11T22:47:15","date_gmt":"2017-03-12T00:47:15","guid":{"rendered":"http:\/\/aconteceunovale.com.br\/portal\/?p=110317"},"modified":"2017-03-11T22:47:15","modified_gmt":"2017-03-12T00:47:15","slug":"briga-em-bar-termina-com-homem-morto-a-machadadas-em-pocrane-no-vale-do-rio-doce","status":"publish","type":"post","link":"https:\/\/aconteceunovale.com.br\/portal\/?p=110317","title":{"rendered":"Briga em bar termina com homem morto a machadadas em Pocrane, no Vale do Rio Doce"},"content":{"rendered":"<p>Embriagados ap\u00f3s beberem por horas em um bar, dois homens protagonizaram uma \u00e1rdua discuss\u00e3o que acabou terminando em um homic\u00eddio na madrugada deste s\u00e1bado (11), no bairro C\u00f4nego Ricardo, em Pocrane, no Vale do Rio Doce.<\/p>\n<p>A briga entre os dois se iniciou por conta de um ma\u00e7o de cigarros. Revoltado, um dos homens, este de 37 anos, pegou um machado e golpeou Jos\u00e9 Maria Nunes, de 46. Ap\u00f3s tr\u00eas machadadas na cabe\u00e7a e uma no peito, a v\u00edtima faleceu veio a \u00f3bito. <\/p>\n<p>O assassino foi preso em flagrante. O crime ser\u00e1 investigado pela Pol\u00edcia Civil.<\/p>\n<p><strong>VER PRIMEIRO<\/strong><\/p>\n<p><strong>Receba as not\u00edcias do Aconteceu no Vale em primeira m\u00e3o. Clique em curtir no endere\u00e7o <a href=\"https:\/\/www.facebook.com\/aconteceunovale\" target=\"_blank\"><font color=\"red\">www.facebook.com\/aconteceunovale<\/font><\/a> ou no box abaixo:<\/strong><\/p>\n<div class=\"fb-like\" data-href=\"https:\/\/www.facebook.com\/aconteceunovale\" data-width=\"120\" data-layout=\"standard\" data-action=\"like\" data-size=\"small\" data-show-faces=\"true\" data-share=\"true\"><\/div>\n<p><\/br><\/p>\n<p><em>(Com informa\u00e7\u00f5es da PM e O Tempo)<\/em><\/p>\n","protected":false},"excerpt":{"rendered":"<p>Embriagados ap\u00f3s beberem por horas em um bar, dois homens protagonizaram uma \u00e1rdua discuss\u00e3o que acabou terminando em um homic\u00eddio na madrugada deste s\u00e1bado (11), no bairro C\u00f4nego Ricardo, em Pocrane, no Vale do Rio Doce. A briga entre os dois se iniciou por conta de um ma\u00e7o de cigarros. Revoltado, um dos homens, este [&hellip;]<\/p>\n","protected":false},"author":1,"featured_media":108467,"comment_status":"open","ping_status":"closed","sticky":false,"template":"","format":"standard","meta":{"amp_status":"","footnotes":""},"categories":[121],"tags":[50015,141972,141971,50012,141970,50016,2147],"class_list":["post-110317","post","type-post","status-publish","format-standard","has-post-thumbnail","hentry","category-leste","tag-assassinado-em-pocrane","tag-briga-em-bar-termina-com-homem-morto-a-machadadas-em-pocrane","tag-ezequiel-pedro-alves","tag-homicidio-em-pocrane","tag-jose-maria-nunes","tag-morto-em-pocrane","tag-pocrane"],"_links":{"self":[{"href":"https:\/\/aconteceunovale.com.br\/portal\/index.php?rest_route=\/wp\/v2\/posts\/110317","targetHints":{"allow":["GET"]}}],"collection":[{"href":"https:\/\/aconteceunovale.com.br\/portal\/index.php?rest_route=\/wp\/v2\/posts"}],"about":[{"href":"https:\/\/aconteceunovale.com.br\/portal\/index.php?rest_route=\/wp\/v2\/types\/post"}],"author":[{"embeddable":true,"href":"https:\/\/aconteceunovale.com.br\/portal\/index.php?rest_route=\/wp\/v2\/users\/1"}],"replies":[{"embeddable":true,"href":"https:\/\/aconteceunovale.com.br\/portal\/index.php?rest_route=%2Fwp%2Fv2%2Fcomments&post=110317"}],"version-history":[{"count":0,"href":"https:\/\/aconteceunovale.com.br\/portal\/index.php?rest_route=\/wp\/v2\/posts\/110317\/revisions"}],"wp:featuredmedia":[{"embeddable":true,"href":"https:\/\/aconteceunovale.com.br\/portal\/index.php?rest_route=\/wp\/v2\/media\/108467"}],"wp:attachment":[{"href":"https:\/\/aconteceunovale.com.br\/portal\/index.php?rest_route=%2Fwp%2Fv2%2Fmedia&parent=110317"}],"wp:term":[{"taxonomy":"category","embeddable":true,"href":"https:\/\/aconteceunovale.com.br\/portal\/index.php?rest_route=%2Fwp%2Fv2%2Fcategories&post=110317"},{"taxonomy":"post_tag","embeddable":true,"href":"https:\/\/aconteceunovale.com.br\/portal\/index.php?rest_route=%2Fwp%2Fv2%2Ftags&post=110317"}],"curies":[{"name":"wp","href":"https:\/\/api.w.org\/{rel}","templated":true}]}}