{"id":110308,"date":"2017-03-11T22:07:40","date_gmt":"2017-03-12T00:07:40","guid":{"rendered":"http:\/\/aconteceunovale.com.br\/portal\/?p=110308"},"modified":"2017-03-11T22:07:40","modified_gmt":"2017-03-12T00:07:40","slug":"estatal-e-acionada-na-justica-apos-promessa-de-construir-ponte-no-municipio-de-aracuai","status":"publish","type":"post","link":"https:\/\/aconteceunovale.com.br\/portal\/?p=110308","title":{"rendered":"Estatal \u00e9 acionada na Justi\u00e7a ap\u00f3s promessa de construir ponte no munic\u00edpio de Ara\u00e7ua\u00ed"},"content":{"rendered":"<p>A promessa feita pela Cemig (Companhia Energ\u00e9tica de Minas Gerais) de construir uma ponte sobre o Rio Jequitinhonha, em Itira, distrito de Ara\u00e7ua\u00ed, no Vale do Jequitinhonha,  tem sido alvo de preocupa\u00e7\u00f5es, revolta, indigna\u00e7\u00e3o e reclama\u00e7\u00f5es de moradores da regi\u00e3o. O caso ser\u00e1 decidido agora pela Justi\u00e7a.<\/p>\n<p>A constru\u00e7\u00e3o da ponte est\u00e1 inclu\u00edda nas medidas compensat\u00f3rias exigidas pelo governo do Estado, para liberar a constru\u00e7\u00e3o da Hidrel\u00e9trica de Irap\u00e9, conclu\u00edda em 2006, entre os munic\u00edpios de Gr\u00e3o Mogol e Berilo, a montante do distrito de Itira. Com a entrada da hidrel\u00e9trica em funcionamento, houve uma baixa das \u00e1guas, perda das praias e muita lama acumulada no local, onde o rio Jequitinhonha se encontra com o Ara\u00e7ua\u00ed.<\/p>\n<p><img decoding=\"async\" src=\"http:\/\/aconteceunovale.com.br\/portal\/wp-content\/uploads\/2017\/03\/ponte_itira_1.jpg\" alt=\"\" \/><em>Moradores se arriscam em barcos prec\u00e1rios (Foto: Elton Franco\/Gazeta de Ara\u00e7ua\u00ed)<\/em><br \/>\n<\/br><\/p>\n<p>O promotor Lu\u00eds Gustavo Bortoncello, da Coordenadoria Regional das Promotorias de Justi\u00e7a do Meio Ambiente das bacias dos Rios Jequitinhonha e Mucuri, afirmou que vai notificar a Cemig para assinar um Termo de Ajustamento de Conduta (TAC) para que a Cemig cumpra a exig\u00eancia de construir a ponte de 100 metros, cuja obra est\u00e1 or\u00e7ada em R$ 15 milh\u00f5es.<\/p>\n<p><img decoding=\"async\" src=\"http:\/\/aconteceunovale.com.br\/portal\/wp-content\/uploads\/2017\/03\/ponte_itira_2.jpg\" alt=\"\" \/><em>Promotor diz que Cemig tem obriga\u00e7\u00e3o de construir a ponte (Foto: Gazeta de Ara\u00e7ua\u00ed)<\/em><br \/>\n<\/br><\/p>\n<p>A informa\u00e7\u00e3o foi repassada pelo promotor, durante reuni\u00e3o realizada na tarde da \u00faltima quarta-feira (8) no distrito de Itira, com moradores do lugar e lideran\u00e7as pol\u00edticas de Ara\u00e7ua\u00ed.<\/p>\n<p>\u201cSe a Cemig n\u00e3o cumprir a promessa, vamos ajuizar uma A\u00e7\u00e3o Civil P\u00fablica contra a empresa\u201d, advertiu o promotor.<\/p>\n<p>Para ele, a constru\u00e7\u00e3o da Barragem de Irap\u00e9 provocou  impactos ambientais, socioculturais e econ\u00f4micos na regi\u00e3o, principalmente nas comunidades ribeirinhas, localizadas abaixo da barragem. \u201cA Cemig est\u00e1 descumprindo a obriga\u00e7\u00e3o de construir a ponte\u201d, destacou o promotor.<\/p>\n<p>Ele disse ainda que h\u00e1 uma previs\u00e3o de iniciar as obras em dezembro de 2017, e que as obras dever\u00e3o ser conclu\u00eddas em mar\u00e7o de 2019.<\/p>\n<p><img decoding=\"async\" src=\"http:\/\/aconteceunovale.com.br\/portal\/wp-content\/uploads\/2017\/03\/ponte_itira_3.jpg\" alt=\"\" \/><em>Reuni\u00e3o com moradores e lideran\u00e7as pol\u00edticas (Foto: Gazeta de Ara\u00e7ua\u00ed)<\/em><br \/>\n<\/br><\/p>\n<p><strong>Cemig d\u00e1 explica\u00e7\u00f5es<\/strong><\/p>\n<p>Procurada pela reportagem, a assessoria de Imprensa da Cemig, expediu nota esclarecendo  que durante a elabora\u00e7\u00e3o do projeto de constru\u00e7\u00e3o da ponte, foram identificadas interfer\u00eancias significativas com a comunidade de Itira referentes \u00e0 fase da execu\u00e7\u00e3o das obras e ao tr\u00e1fego de ve\u00edculos na comunidade.<\/p>\n<p>Ainda segundo a nota da Cemig, foi estudado e proposto um novo local para a implanta\u00e7\u00e3o da ponte visando o menor impacto na \u00e1rea urbana e propiciando um tra\u00e7ado rodovi\u00e1rio melhor e mais seguro. \u201cDevido a esse imprevisto, o prazo para a realiza\u00e7\u00e3o do empreendimento foi ampliado\u201d, diz a nota.<\/p>\n<p>A Cemig diz ainda que o processo de licenciamento ambiental e de desapropria\u00e7\u00e3o das \u00e1reas dos acessos de interliga\u00e7\u00e3o da ponte com a estrada existente nas duas margens, bem como as demais atividades s\u00f3cio ambientais necess\u00e1rias se encontram em andamento. <\/p>\n<p>\u201cTudo isso j\u00e1 foi feito. J\u00e1 desapropriaram as \u00e1reas\u201d, informou o radialista Elton Franco, filho do lugar.<\/p>\n<p>Ela reclama que a \u00fanica balsa que transportava ve\u00edculos, h\u00e1 10 anos est\u00e1 apodrecendo em uma das margens do rio. \u201c\u00c9 um descaso muito grande das autoridades com o povo do lugar\u201d, desabafou o radialista.<\/p>\n<p><img decoding=\"async\" src=\"http:\/\/aconteceunovale.com.br\/portal\/wp-content\/uploads\/2017\/03\/ponte_itira_4.jpg\" alt=\"\" \/><em>Radialista Elton Franco e o barqueiro Jos\u00e9 Aparecido (Foto: Gazeta de Ara\u00e7ua\u00ed)<\/em><br \/>\n<\/br><\/p>\n<p><strong>Novela<\/strong><\/p>\n<p>O sonho de ver uma ponte constru\u00edda no local, \u00e9 uma luta antiga dos moradores de Itira e dos  produtores rurais que vivem na outra margem do rio.  Depois que a Cemig concluiu a Hidrel\u00e9trica de Irap\u00e9, surgiu a esperan\u00e7a de que finalmente o problema seria resolvido, mas ele se arrasta h\u00e1 anos.<\/p>\n<p>&#8220;Os chef\u00f5es da Cemig deveriam vir aqui para ver nosso sofrimento. Quando o rio est\u00e1 vazio,j\u00e1 chegamos a atravessar crian\u00e7as nos bra\u00e7os,porque os bancos de areia n\u00e3o deixam os barcos navegarem. Se atrasamos nossas contas, eles v\u00e3o l\u00e1 e cortam.\u00c9 um desrespeito com a gente&#8221;, desabafa o lavrador Jo\u00e3o C\u00e9lio Siqueira, de 57 anos, Todos os dias ele atravessa o rio e precisa caminhar mais 8 km para chegar \u00e0 fazenda onde trabalha.<\/p>\n<p>&#8220;Estamos correndo risco. Dia desses fui obrigado a atravessar em um dos barcos, 500 litros de \u00f3leo para o trator. Quando o rio enche, temos de buscar outros caminhos, porque a travessia fica perigosa&#8221;, destaca o produtor rural Cleber Fonseca, de 29 anos.<\/p>\n<p><img decoding=\"async\" src=\"http:\/\/aconteceunovale.com.br\/portal\/wp-content\/uploads\/2017\/03\/ponte_itira_5.jpg\" alt=\"\" \/><em>Moradores se arriscam em barcos prec\u00e1rios (Foto: Gazeta de Ara\u00e7ua\u00ed)<\/em><br \/>\n<\/br><\/p>\n<p><strong>&#8220;Roncador&#8221;<\/strong><\/p>\n<p>Na tentativa de minimizar os problemas gerados no lugar, a Cemig fez a obra de um enrocamento em uma das margens &#8211; uma esp\u00e9cie de ancoradouro, que os moradores chamam de roncador. Mas o que deveria ser uma solu\u00e7\u00e3o virou dor de cabe\u00e7a. &#8220;Ficou pior que antes&#8221;, denunciam os moradores. &#8220;N\u00e3o serve para nada&#8221;, destacam.<\/p>\n<p>De acordo com a Cemig, o enrocamento foi constru\u00eddo com o objetivo de adequar o atracadouro existente. Por\u00e9m, em dezembro de 2013 houve um evento chuvoso de grandes propor\u00e7\u00f5es no rio Ara\u00e7ua\u00ed ocasionando a destrui\u00e7\u00e3o da estrutura<\/p>\n<p>A obra, constru\u00edda  pela Empresa Almeida Toscano, de Belo Horizonte, deu um preju\u00edzo de  R$ 360 mil aos cofres p\u00fablicos.<\/p>\n<p><strong>Onde fica Itira<\/strong><\/p>\n<p>Itira, tamb\u00e9m conhecida como Barra do Pontal, j\u00e1 foi um dos principais portos do Vale do Jequitinhonha Os canoeiros utilizavam os rios como estrada. Os alimentos chegavam por ali vindos da Bahia. Ainda hoje o porto  \u00e9 utilizado pelos moradores e fazendeiros para terem acesso ao lado esquerdo do Jequitinhonha.<\/p>\n<p>Foi ali que Ara\u00e7ua\u00ed nasceu, no encontro dos rios Jequitinhonha e Ara\u00e7ua\u00ed. A sede do futuro munic\u00edpio foi transferida para os encontros do rio Ara\u00e7ua\u00ed com o C\u00f3rrego Calhau, a 18 km dali,  em fun\u00e7\u00e3o da expuls\u00e3o das meretrizes pelo Padre Jos\u00e9 Moura Murta. Elas subiram o rio em busca de um novo porto seguro. Entretanto, Itira resistiu.<\/p>\n<p>Quem chega  ao lugar,  logo percebe que o clima de simplicidade predomina, com ruas de terra batida e casas de alvenaria de constru\u00e7\u00e3o r\u00fastica, \u00e0 esquerda e \u00e0 direita.<\/p>\n<p>No centro, a secular Igreja de Nosso Senhor da Boa Vida, constru\u00edda pelos escravos.O clima distante dos  barulhos costumeiros das grandes cidades \u00e9 contagiante. \u00c9 exatamente esta tranquilidade que encanta os turistas<\/p>\n<p>Itira tem cerca de 1.800 habitantes e pelo menos 800 moradias. O lugar ficou conhecido mundialmente por dar lugar, em 1998, ao cen\u00e1rio do filme Kenoma, dirigido por Eliane Caff\u00e9. O filme conta a hist\u00f3ria de um artes\u00e3o em um pequeno povoado que tenta construir a sonhada m\u00e1quina de movimento perp\u00e9tuo. Entre os atores principais, Jose Dumont, Mariana Lima, Enrique Dias e Jonas Bloch.<\/p>\n<p><img decoding=\"async\" src=\"http:\/\/aconteceunovale.com.br\/portal\/wp-content\/uploads\/2017\/03\/ponte_itira_6.jpg\" alt=\"\" \/><em>Igreja Senhor da Boa Vida, constru\u00edda pelos escravos (Foto: Gazeta de Ara\u00e7ua\u00ed)<\/em><br \/>\n<\/br><\/p>\n<p><img decoding=\"async\" src=\"http:\/\/aconteceunovale.com.br\/portal\/wp-content\/uploads\/2017\/03\/ponte_itira_7.jpg\" alt=\"\" \/><em>Casar\u00e3o onde supostamente viveu a fundadora de Ara\u00e7ua\u00ed (Foto: Gazeta de Ara\u00e7ua\u00ed)<\/em><br \/>\n<\/br><\/p>\n<p><strong>VER PRIMEIRO<\/strong><\/p>\n<p><strong>Receba as not\u00edcias do Aconteceu no Vale em primeira m\u00e3o. Clique em curtir no endere\u00e7o <a href=\"https:\/\/www.facebook.com\/aconteceunovale\" target=\"_blank\"><font color=\"red\">www.facebook.com\/aconteceunovale<\/font><\/a> ou no box abaixo:<\/strong><\/p>\n<div class=\"fb-like\" data-href=\"https:\/\/www.facebook.com\/aconteceunovale\" data-width=\"120\" data-layout=\"standard\" data-action=\"like\" data-size=\"small\" data-show-faces=\"true\" data-share=\"true\"><\/div>\n<p><\/br><\/p>\n<p><em>(Fonte: Gazeta de Ara\u00e7ua\u00ed)<\/em><\/p>\n","protected":false},"excerpt":{"rendered":"<p>A promessa feita pela Cemig (Companhia Energ\u00e9tica de Minas Gerais) de construir uma ponte sobre o Rio Jequitinhonha, em Itira, distrito de Ara\u00e7ua\u00ed, no Vale do Jequitinhonha, tem sido alvo de preocupa\u00e7\u00f5es, revolta, indigna\u00e7\u00e3o e reclama\u00e7\u00f5es de moradores da regi\u00e3o. O caso ser\u00e1 decidido agora pela Justi\u00e7a. A constru\u00e7\u00e3o da ponte est\u00e1 inclu\u00edda nas medidas [&hellip;]<\/p>\n","protected":false},"author":1,"featured_media":110309,"comment_status":"open","ping_status":"closed","sticky":false,"template":"","format":"standard","meta":{"amp_status":"","footnotes":""},"categories":[120],"tags":[186,841,347,141962,18567,141954,141956,141960,1018,141965,141963,141968,141955,1153,13642,29253,141961,141969,141966,141964,141951,141959,141967,141957,141958,141953,141952,232],"class_list":["post-110308","post","type-post","status-publish","format-standard","has-post-thumbnail","hentry","category-jequi","tag-aracuai","tag-berilo","tag-cemig","tag-cleber-fonseca","tag-companhia-energetica-de-minas-gerais","tag-construcao-de-ponte-em-aracuai","tag-construcao-de-ponte-em-itira","tag-coordenadoria-regional-das-promotorias-de-justica-do-meio-ambiente-das-bacias-dos-rios-jequitinhonha-e-mucuri","tag-destaque","tag-eliane-caffe","tag-elton-franco","tag-enrique-dias","tag-estatal-e-acionada-na-justica-apos-promessa-de-construir-ponte-no-municipio-de-aracuai","tag-grao-mogol","tag-hidreletrica-de-irape","tag-itira","tag-joao-celio-siqueira","tag-jonas-bloch","tag-jose-dumont","tag-kenoma","tag-luciana-teixeira","tag-luis-gustavo-bortoncello","tag-mariana-lima","tag-ponte-em-itira","tag-ponte-sobre-o-rio-jequitinhonha-em-itira","tag-processo-cemig-em-aracuai","tag-promessa-da-cemig-em-aracuai","tag-rio-jequitinhonha"],"_links":{"self":[{"href":"https:\/\/aconteceunovale.com.br\/portal\/index.php?rest_route=\/wp\/v2\/posts\/110308","targetHints":{"allow":["GET"]}}],"collection":[{"href":"https:\/\/aconteceunovale.com.br\/portal\/index.php?rest_route=\/wp\/v2\/posts"}],"about":[{"href":"https:\/\/aconteceunovale.com.br\/portal\/index.php?rest_route=\/wp\/v2\/types\/post"}],"author":[{"embeddable":true,"href":"https:\/\/aconteceunovale.com.br\/portal\/index.php?rest_route=\/wp\/v2\/users\/1"}],"replies":[{"embeddable":true,"href":"https:\/\/aconteceunovale.com.br\/portal\/index.php?rest_route=%2Fwp%2Fv2%2Fcomments&post=110308"}],"version-history":[{"count":0,"href":"https:\/\/aconteceunovale.com.br\/portal\/index.php?rest_route=\/wp\/v2\/posts\/110308\/revisions"}],"wp:featuredmedia":[{"embeddable":true,"href":"https:\/\/aconteceunovale.com.br\/portal\/index.php?rest_route=\/wp\/v2\/media\/110309"}],"wp:attachment":[{"href":"https:\/\/aconteceunovale.com.br\/portal\/index.php?rest_route=%2Fwp%2Fv2%2Fmedia&parent=110308"}],"wp:term":[{"taxonomy":"category","embeddable":true,"href":"https:\/\/aconteceunovale.com.br\/portal\/index.php?rest_route=%2Fwp%2Fv2%2Fcategories&post=110308"},{"taxonomy":"post_tag","embeddable":true,"href":"https:\/\/aconteceunovale.com.br\/portal\/index.php?rest_route=%2Fwp%2Fv2%2Ftags&post=110308"}],"curies":[{"name":"wp","href":"https:\/\/api.w.org\/{rel}","templated":true}]}}