{"id":110301,"date":"2017-03-11T13:33:11","date_gmt":"2017-03-11T15:33:11","guid":{"rendered":"http:\/\/aconteceunovale.com.br\/portal\/?p=110301"},"modified":"2017-03-11T13:33:11","modified_gmt":"2017-03-11T15:33:11","slug":"voo-de-almenara-para-belo-horizonte-custara-r-700","status":"publish","type":"post","link":"https:\/\/aconteceunovale.com.br\/portal\/?p=110301","title":{"rendered":"Voo de Almenara para Belo Horizonte custar\u00e1 R$ 700"},"content":{"rendered":"<p>A partir de segunda-feira, 13 de mar\u00e7o, o Programa Voe Minas ter\u00e1 duas partidas semanais de Almenara para Belo Horizonte. Durante cerim\u00f4nia nessa sexta-feira (10), o governador Fernando Pimentel assinou despacho incluindo o munic\u00edpio na a\u00e7\u00e3o desenvolvida pelo Governo de Minas Gerais, por meio da Companhia de Desenvolvimento de Minas Gerais (Codemig) e da Secretaria de Estado de Transportes e Obras P\u00fablicas. Nesta sexta-feira, pela manh\u00e3, tamb\u00e9m foi realizado o voo inaugural, operado pela Two T\u00e1xi A\u00e9reo, ligando os aeroportos Cirilo de Queiroz e da Pampulha.<\/p>\n<p>\u201cCom Almenara, agora s\u00e3o 18 munic\u00edpios atendidos com voos regionais da Codemig. Eram cidades que antes n\u00e3o tinham transporte a\u00e9reo regular. O avi\u00e3o est\u00e1 a\u00ed e vai servir \u00e0 popula\u00e7\u00e3o, o que tamb\u00e9m \u00e9 importante em casos de urg\u00eancias\u201d, destacou Pimentel.<\/p>\n<p><strong>Passagens<\/strong><\/p>\n<p>A Codemig j\u00e1 divulgou no site do programa os valores das passagens para o trecho BH-Almenara-BH. Ser\u00e3o quatro voos semanais ligando as duas cidades, sendo que o trajeto de ida custar\u00e1 R$ 700,00 e o de volta ter\u00e1 o valor de R$ 600,00.<\/p>\n<p>As vendas dos vouchers de voo s\u00e3o feitas pelo site <strong><a href=\"http:\/\/www.voeminasgerais.com.br\" target=\"_blank\">www.voeminasgerais.com.br<\/a><\/strong>. As viagens s\u00e3o oferecidas em avi\u00f5es de pequeno porte, modelo Cessna Grand Caravan 208 B, homologados pela Ag\u00eancia Nacional de Avia\u00e7\u00e3o Civil (ANAC) para o transporte de at\u00e9 nove passageiros.<\/p>\n<p><strong>Hor\u00e1rios<\/strong><\/p>\n<p><em>&#8211; Segunda-feira<\/em><\/p>\n<table border=\"1\" cellspacing=\"0\" cellpadding=\"0\">\n<tbody>\n<tr>\n<td valign=\"top\" width=\"293\"><b>Sa\u00edda<\/b><\/td>\n<td valign=\"top\" width=\"293\"><b>Chegada<\/b><\/td>\n<\/tr>\n<tr>\n<td valign=\"top\" width=\"293\">BH &#8211; Pampulha (PLU) &#8211; 09:05<\/td>\n<td valign=\"top\" width=\"293\">Almenara (AMJ) &#8211; 10:55<\/td>\n<\/tr>\n<tr>\n<td valign=\"top\" width=\"293\">Almenara (AMJ) &#8211; 11:15<\/td>\n<td valign=\"top\" width=\"293\">BH &#8211; Pampulha (PLU) &#8211; 13:05<\/td>\n<\/tr>\n<\/tbody>\n<\/table>\n<p><em>&#8211; Quarta-feira<\/em><\/p>\n<table border=\"1\" cellspacing=\"0\" cellpadding=\"0\">\n<tbody>\n<tr>\n<td valign=\"top\" width=\"293\"><b>Sa\u00edda<\/b><\/td>\n<td valign=\"top\" width=\"293\"><b>Chegada<\/b><\/td>\n<\/tr>\n<tr>\n<td valign=\"top\" width=\"293\">BH &#8211; Pampulha (PLU) \u2013 07:40<\/td>\n<td valign=\"top\" width=\"293\">Almenara (AMJ) \u2013 09:30<\/td>\n<\/tr>\n<tr>\n<td valign=\"top\" width=\"293\">Almenara (AMJ) \u2013 09:50<\/td>\n<td valign=\"top\" width=\"293\">BH &#8211; Pampulha (PLU) \u2013 12:10<\/td>\n<\/tr>\n<\/tbody>\n<\/table>\n<p><img decoding=\"async\" src=\"http:\/\/aconteceunovale.com.br\/portal\/wp-content\/uploads\/2017\/03\/voo_almenara_two.jpg\" alt=\"\" \/><em>Valores divulgados no site da empresa a\u00e9rea (Divulga\u00e7\u00e3o)<\/em><br \/>\n<\/br><\/p>\n<p><strong>PIRMA e Avia\u00e7\u00e3o<\/strong><\/p>\n<p>O Projeto de Integra\u00e7\u00e3o Regional de Minas Gerais \u2013 Modal A\u00e9reo busca fomentar os neg\u00f3cios regionais, desenvolver o turismo e facilitar o deslocamento de moradores do interior a Belo Horizonte, permitindo que tenham acesso r\u00e1pido a eventos e servi\u00e7os dispon\u00edveis na capital.  Para Minas Gerais, que possui uma \u00e1rea total de quase 600 mil quil\u00f4metros quadrados, o investimento na regionaliza\u00e7\u00e3o por meio do transporte a\u00e9reo \u00e9 estrat\u00e9gico contribui para a redu\u00e7\u00e3o das desigualdades nos 17 territ\u00f3rios de desenvolvimento definidos pelo Governo do Estado.<\/p>\n<p>Segundo informa\u00e7\u00f5es da ANAC, Minas Gerais conta atualmente com 121 aer\u00f3dromos privados e 86 p\u00fablicos. A administra\u00e7\u00e3o, manuten\u00e7\u00e3o e explora\u00e7\u00e3o dos aer\u00f3dromos p\u00fablicos s\u00e3o atribui\u00e7\u00f5es da Uni\u00e3o. A Setop vem trabalhando em processos de delega\u00e7\u00e3o Uni\u00e3o \u2013 Estado, possibilitando investimentos do Governo estadual em reformas, melhorias e posterior delega\u00e7\u00e3o aos munic\u00edpios ou empresas, para opera\u00e7\u00e3o e manuten\u00e7\u00e3o.<\/p>\n<p><strong>VER PRIMEIRO<\/strong><\/p>\n<p><strong>Receba as not\u00edcias do Aconteceu no Vale em primeira m\u00e3o. Clique em curtir no endere\u00e7o <a href=\"https:\/\/www.facebook.com\/aconteceunovale\" target=\"_blank\"><font color=\"red\">www.facebook.com\/aconteceunovale<\/font><\/a> ou no box abaixo:<\/strong><\/p>\n<div class=\"fb-like\" data-href=\"https:\/\/www.facebook.com\/aconteceunovale\" data-width=\"120\" data-layout=\"standard\" data-action=\"like\" data-size=\"small\" data-show-faces=\"true\" data-share=\"true\"><\/div>\n<p><\/br><\/p>\n<p><em>(Aconteceu no Vale)<\/em><\/p>\n","protected":false},"excerpt":{"rendered":"<p>A partir de segunda-feira, 13 de mar\u00e7o, o Programa Voe Minas ter\u00e1 duas partidas semanais de Almenara para Belo Horizonte. Durante cerim\u00f4nia nessa sexta-feira (10), o governador Fernando Pimentel assinou despacho incluindo o munic\u00edpio na a\u00e7\u00e3o desenvolvida pelo Governo de Minas Gerais, por meio da Companhia de Desenvolvimento de Minas Gerais (Codemig) e da Secretaria [&hellip;]<\/p>\n","protected":false},"author":1,"featured_media":110305,"comment_status":"open","ping_status":"closed","sticky":false,"template":"","format":"standard","meta":{"amp_status":"","footnotes":""},"categories":[120],"tags":[77881,142,1504,27549,194,1017,28355,124977,124978,197,1018,198,199,206,207,209,131,124972,124971,1502,124975,141686,141685,141684,141683,213,214,105855,217,216,124973,141687,141680,218,124976,164,105857,219,223,18771,124974,141950,141682,141681],"class_list":["post-110301","post","type-post","status-publish","format-standard","has-post-thumbnail","hentry","category-jequi","tag-aeroporto-da-pampulha","tag-almenara","tag-araxa","tag-aviacao","tag-belo-horizonte","tag-bh","tag-codemig","tag-comprar-passagens-pirma","tag-comprar-passagens-voe-minas-gerais","tag-curvelo","tag-destaque","tag-diamantina","tag-divinopolis","tag-juiz-de-fora","tag-lavras","tag-manhuacu","tag-minas-gerais","tag-minas-gerais-inaugura-rotas-aereas-ligando-bh-e-municipios-do-interior","tag-minas-gerais-inaugura-rotas-aereas-ligando-bh-e-municipios-do-interior-do-estado","tag-muriae","tag-pagina-voe-minas-gerais","tag-passagem-area-de-belo-horizonte-para-almenara","tag-passagem-area-de-bh-para-almenara","tag-passagem-de-belo-horizonte-para-almenara","tag-passagem-de-bh-para-almenara","tag-passos","tag-patos-de-minas","tag-pirma","tag-ponte-nova","tag-pouso-alegre","tag-projeto-de-integracao-regional-modal-aereo","tag-rota-aerea-ligando-bh-a-almenara-sera-inaugurada-nesta-sexta-feira","tag-rota-area-ligando-bh-a-almenara-sera-inaugurada-nesta-sexta-feira","tag-sao-joao-del-rei","tag-site-voe-minas-gerais","tag-teofilo-otoni","tag-two-taxi-aereo","tag-uba","tag-varginha","tag-vicosa","tag-voe-minas-gerais","tag-voo-de-almenara-para-belo-horizonte-custara-r-700","tag-voo-entre-belo-horizonte-e-almenara","tag-voo-entre-bh-e-almenara"],"_links":{"self":[{"href":"https:\/\/aconteceunovale.com.br\/portal\/index.php?rest_route=\/wp\/v2\/posts\/110301","targetHints":{"allow":["GET"]}}],"collection":[{"href":"https:\/\/aconteceunovale.com.br\/portal\/index.php?rest_route=\/wp\/v2\/posts"}],"about":[{"href":"https:\/\/aconteceunovale.com.br\/portal\/index.php?rest_route=\/wp\/v2\/types\/post"}],"author":[{"embeddable":true,"href":"https:\/\/aconteceunovale.com.br\/portal\/index.php?rest_route=\/wp\/v2\/users\/1"}],"replies":[{"embeddable":true,"href":"https:\/\/aconteceunovale.com.br\/portal\/index.php?rest_route=%2Fwp%2Fv2%2Fcomments&post=110301"}],"version-history":[{"count":0,"href":"https:\/\/aconteceunovale.com.br\/portal\/index.php?rest_route=\/wp\/v2\/posts\/110301\/revisions"}],"wp:featuredmedia":[{"embeddable":true,"href":"https:\/\/aconteceunovale.com.br\/portal\/index.php?rest_route=\/wp\/v2\/media\/110305"}],"wp:attachment":[{"href":"https:\/\/aconteceunovale.com.br\/portal\/index.php?rest_route=%2Fwp%2Fv2%2Fmedia&parent=110301"}],"wp:term":[{"taxonomy":"category","embeddable":true,"href":"https:\/\/aconteceunovale.com.br\/portal\/index.php?rest_route=%2Fwp%2Fv2%2Fcategories&post=110301"},{"taxonomy":"post_tag","embeddable":true,"href":"https:\/\/aconteceunovale.com.br\/portal\/index.php?rest_route=%2Fwp%2Fv2%2Ftags&post=110301"}],"curies":[{"name":"wp","href":"https:\/\/api.w.org\/{rel}","templated":true}]}}