{"id":110297,"date":"2017-03-11T11:33:54","date_gmt":"2017-03-11T13:33:54","guid":{"rendered":"http:\/\/aconteceunovale.com.br\/portal\/?p=110297"},"modified":"2017-03-11T11:33:54","modified_gmt":"2017-03-11T13:33:54","slug":"aos-79-anos-martinho-da-vila-cursa-sua-primeira-faculdade","status":"publish","type":"post","link":"https:\/\/aconteceunovale.com.br\/portal\/?p=110297","title":{"rendered":"Aos 79 anos, Martinho da Vila cursa sua primeira faculdade"},"content":{"rendered":"<p>Compositor da consagrada can\u00e7\u00e3o &#8216;Devagar, Devagarinho&#8217;, Martinho da Vila, aos 79 anos, mostra que com muita determina\u00e7\u00e3o est\u00e1 enfrentando a barreira do tempo e se dedicando aos estudos. Nesta semana uma foto do m\u00fasico nas redes sociais dentro de uma sala de aula viralizou na internet. <\/p>\n<p>Cantor, compositor e autor de 14 livros, o carioca est\u00e1 matriculado no quinto per\u00edodo do curso de Rela\u00e7\u00f5es Internacionais de uma universidade particular na Barra da Tijuca, no Rio de Janeiro.  E foi na sala onde estuda h\u00e1 dois anos que a foto foi tirada.<\/p>\n<p>Acostumado a estar sempre no centro das aten\u00e7\u00f5es nos palcos, desta vez, ele se mistura com outros graduandos e se torna mais um coadjuvante em sala de aula. &#8220;Na faculdade, eu sou um aluno de conhecimento, um ouvinte. Fa\u00e7o os trabalhos que todos fazem, cumpro uma carga hor\u00e1ria, mantenho a frequ\u00eancia nas aulas, mas n\u00e3o preciso fazer prova&#8221;, explicou Martinho da Vila em entrevista ao Extra. <\/p>\n<p>Segundo o m\u00fasico, ele j\u00e1 trabalha com Rela\u00e7\u00f5es Internacionais e procurou a sala de aula para aprimorar seus conhecimentos. &#8220;J\u00e1 pratico rela\u00e7\u00f5es internacionais h\u00e1 muito tempo, mas eu queria pegar um pouco de conhecimento mais te\u00f3rico&#8221;, contou o compositor ao jornal carioca. <\/p>\n<p><img decoding=\"async\" src=\"http:\/\/aconteceunovale.com.br\/portal\/wp-content\/uploads\/2017\/03\/martinho_da_vila.jpg\" alt=\"\" \/><em>Aos 79 anos, Martinho da Vila cursa sua primeira faculdade (Divulga\u00e7\u00e3o)<\/em><br \/>\n<\/br><\/p>\n<p><strong>VER PRIMEIRO<\/strong><\/p>\n<p><strong>Receba as not\u00edcias do Aconteceu no Vale em primeira m\u00e3o. Clique em curtir no endere\u00e7o <a href=\"https:\/\/www.facebook.com\/aconteceunovale\" target=\"_blank\"><font color=\"red\">www.facebook.com\/aconteceunovale<\/font><\/a> ou no box abaixo:<\/strong><\/p>\n<div class=\"fb-like\" data-href=\"https:\/\/www.facebook.com\/aconteceunovale\" data-width=\"120\" data-layout=\"standard\" data-action=\"like\" data-size=\"small\" data-show-faces=\"true\" data-share=\"true\"><\/div>\n<p><\/br><\/p>\n<p><em>(Fonte: O Tempo)<\/em><\/p>\n","protected":false},"excerpt":{"rendered":"<p>Compositor da consagrada can\u00e7\u00e3o &#8216;Devagar, Devagarinho&#8217;, Martinho da Vila, aos 79 anos, mostra que com muita determina\u00e7\u00e3o est\u00e1 enfrentando a barreira do tempo e se dedicando aos estudos. Nesta semana uma foto do m\u00fasico nas redes sociais dentro de uma sala de aula viralizou na internet. Cantor, compositor e autor de 14 livros, o carioca [&hellip;]<\/p>\n","protected":false},"author":1,"featured_media":110298,"comment_status":"open","ping_status":"closed","sticky":false,"template":"","format":"standard","meta":{"amp_status":"","footnotes":""},"categories":[6],"tags":[141948,113051,141944,141946,141947,141949,141945,1104],"class_list":["post-110297","post","type-post","status-publish","format-standard","has-post-thumbnail","hentry","category-br","tag-aos-79-anos","tag-barra-da-tijuca","tag-martinho-da-vila","tag-martinho-da-vila-cursa-faculdade","tag-martinho-da-vila-cursa-relacoes-internacionais","tag-martinho-da-vila-cursa-sua-primeira-faculdade","tag-martinho-da-vila-na-faculdade","tag-rio-de-janeiro"],"_links":{"self":[{"href":"https:\/\/aconteceunovale.com.br\/portal\/index.php?rest_route=\/wp\/v2\/posts\/110297","targetHints":{"allow":["GET"]}}],"collection":[{"href":"https:\/\/aconteceunovale.com.br\/portal\/index.php?rest_route=\/wp\/v2\/posts"}],"about":[{"href":"https:\/\/aconteceunovale.com.br\/portal\/index.php?rest_route=\/wp\/v2\/types\/post"}],"author":[{"embeddable":true,"href":"https:\/\/aconteceunovale.com.br\/portal\/index.php?rest_route=\/wp\/v2\/users\/1"}],"replies":[{"embeddable":true,"href":"https:\/\/aconteceunovale.com.br\/portal\/index.php?rest_route=%2Fwp%2Fv2%2Fcomments&post=110297"}],"version-history":[{"count":0,"href":"https:\/\/aconteceunovale.com.br\/portal\/index.php?rest_route=\/wp\/v2\/posts\/110297\/revisions"}],"wp:featuredmedia":[{"embeddable":true,"href":"https:\/\/aconteceunovale.com.br\/portal\/index.php?rest_route=\/wp\/v2\/media\/110298"}],"wp:attachment":[{"href":"https:\/\/aconteceunovale.com.br\/portal\/index.php?rest_route=%2Fwp%2Fv2%2Fmedia&parent=110297"}],"wp:term":[{"taxonomy":"category","embeddable":true,"href":"https:\/\/aconteceunovale.com.br\/portal\/index.php?rest_route=%2Fwp%2Fv2%2Fcategories&post=110297"},{"taxonomy":"post_tag","embeddable":true,"href":"https:\/\/aconteceunovale.com.br\/portal\/index.php?rest_route=%2Fwp%2Fv2%2Ftags&post=110297"}],"curies":[{"name":"wp","href":"https:\/\/api.w.org\/{rel}","templated":true}]}}