{"id":110280,"date":"2017-03-11T00:27:02","date_gmt":"2017-03-11T02:27:02","guid":{"rendered":"http:\/\/aconteceunovale.com.br\/portal\/?p=110280"},"modified":"2017-03-11T00:27:02","modified_gmt":"2017-03-11T02:27:02","slug":"direto-de-brasilia-leia-na-pagina-da-jornalista-jerusia-arruda","status":"publish","type":"post","link":"https:\/\/aconteceunovale.com.br\/portal\/?p=110280","title":{"rendered":"Direto de Bras\u00edlia \u2013 leia na p\u00e1gina da jornalista Jer\u00fasia Arruda"},"content":{"rendered":"<p><center><img decoding=\"async\" src=\"http:\/\/aconteceunovale.com.br\/portal\/wp-content\/uploads\/2017\/01\/jerusia_arruda.jpg\" alt=\"\" \/><a href=\"https:\/\/www.facebook.com\/jerusia.arruda\" target=\"_blank\">JER\u00daSIA ARRUDA &#8211; <font color=\"blue\">www.facebook.com\/jerusia.arruda<\/font><\/a><\/center><br \/>\n<\/br><\/p>\n<p><strong>BANCADA DIVIDIDA <\/strong><br \/>\nDezoito dos 53 deputados mineiros estiveram reunidos com o presidente Michel Temer nesta quinta-feira, no pal\u00e1cio do Planalto, para apresentar diretamente suas reivindica\u00e7\u00f5es, ap\u00f3s a amea\u00e7a de perda de apoio da bancada feita pelo vice-presidente da C\u00e2mara, deputado F\u00e1bio Ramalho (PMDB-MG), que \u00e9 formalmente coordenador da bancada mineira. A visita deixou claro que a bancada mineira est\u00e1 dividida e o governo Temer vai ter que se desdobrar se quiser contar com o apoio dos parlamentares na vota\u00e7\u00e3o de suas propostas no Plen\u00e1rio da C\u00e2mara. <\/p>\n<p><strong>PAUTA DE REIVINDICA\u00c7\u00d5ES<\/strong><br \/>\nNa reuni\u00e3o com o presidente Temer, nesta quinta-feira, os deputados mineiros reivindicaram ao presidente que atenda ao pedido do governador Fernando Pimentel (PT), feito em fevereiro, para que a Uni\u00e3o abra uma negocia\u00e7\u00e3o para extin\u00e7\u00e3o da d\u00edvida do Estado. Os parlamentares tamb\u00e9m pediram um aumento da compensa\u00e7\u00e3o financeira pela explora\u00e7\u00e3o de recursos minerais e retomada de obras nos Estados.<\/p>\n<p><strong>APOIO RESTRITO<\/strong><br \/>\nMesmo com a receptividade do presidente durante as visitas, os parlamentares mineiros n\u00e3o garantiram apoio irrestrito ao governo Temer. O deputado Domingos S\u00e1vio (PSDB) disse que a bancada est\u00e1 aberta ao debate, mas que n\u00e3o vai misturar os interesses de Minas com a responsabilidade que tem com as quest\u00f5es nacionais. <\/p>\n<p><strong>GANHA A C\u00c2MARA E PERDE O ESTADO<\/strong><br \/>\nN\u00e3o \u00e9 mais novidade que a bancada mineira articula destituir o vice-presidente da C\u00e2mara F\u00e1bio Ramalho (PMDB-MG) do comando da bancada de Minas, desde que o parlamentar amea\u00e7ou romper com a bancada, ap\u00f3s a escolha de Osmar Serraglio (PMDB-PR) para o Minist\u00e9rio da Justi\u00e7a e Seguran\u00e7a P\u00fablica, motivado pelo que considerou um desprest\u00edgio de Minas Gerais pelo Pal\u00e1cio do Planalto, j\u00e1 que Temer n\u00e3o escolheu nenhum representante do Estado para compor a Esplanada.<\/p>\n<p><strong>SONHO NORDESTINO<\/strong><br \/>\nA agenda do presidente Michel Temer desta sexta-feira foi na Para\u00edba, onde inaugurou o Eixo Leste da Transposi\u00e7\u00e3o do S\u00e3o Francisco. Aguardada h\u00e1 d\u00e9cadas pelos paraibanos, a obra vai possibilitar a melhoria da qualidade de vida da popula\u00e7\u00e3o do estado, que vive a pior seca de sua hist\u00f3ria. Com a transposi\u00e7\u00e3o, a \u00e1gua vai seguir pelo Rio Para\u00edba at\u00e9 o reservat\u00f3rio Boqueir\u00e3o para refor\u00e7ar o abastecimento em Campina Grande, na Para\u00edba. Durante a visita, o presidente assinou ordens de servi\u00e7os que autorizam a adequa\u00e7\u00e3o de dois trechos da BR-230. <\/p>\n<p><strong>NOVO ENEM<\/strong><br \/>\nO Minist\u00e9rio da Educa\u00e7\u00e3o divulgou, nesta quinta-feira, uma lista de mudan\u00e7as no esquema de aplica\u00e7\u00e3o da avalia\u00e7\u00e3o do Exame Nacional do Ensino M\u00e9dio (Enem). A partir desse ano, o exame ser\u00e1 realizado em dois domingos seguidos. At\u00e9 ent\u00e3o, a prova vinha sendo aplicada em um \u00fanico final de semana. Para quem conta com a isen\u00e7\u00e3o da taxa de inscri\u00e7\u00e3o as regras tamb\u00e9m mudaram e o benef\u00edcio passa a valer tamb\u00e9m para os estudantes que estiverem inscritos em programas sociais. Outra mudan\u00e7a \u00e9 que o Enem n\u00e3o valer\u00e1 mais como certificado do Ensino M\u00e9dio. As mudan\u00e7as foram efetuadas a partir de uma consulta p\u00fablica na Internet.<\/p>\n<p><strong>AS GAFES DE TEMER<\/strong><br \/>\nJ\u00e1 n\u00e3o s\u00e3o mais novidade as gafes cometidas pelo presidente Michel Temer e seu grupo de assessores mais pr\u00f3ximos. Nesta semana, uma declara\u00e7\u00e3o mal planejada deixou o peemedebista de saia-justa mais uma vez, quando delegou \u00e0s mulheres atributos dom\u00e9sticos, em pleno Dia Internacional da Mulher. Tentando consertar a gafe, uma mensagem publicada no perfil oficial de Temer no Twitter dizia que preconceito e a viol\u00eancia contra a mulher n\u00e3o ser\u00e3o tolerados em seu governo e defendeu que as mulheres tenham iguais em casa e no trabalho. <\/p>\n<p><strong>\u2018P\u00c9ROLAS\u2019 DO CONGRESSO<\/strong><br \/>\nN\u00e3o bastasse o esfor\u00e7o para tentar emplacar a impopular reforma trabalhista, as declara\u00e7\u00f5es do presidente da C\u00e2mara, Rodrigo Maia (DEM-RJ), est\u00e3o deixando o processo ainda mais espinhoso. Nesta quarta-feira, ao tratar da proposta do governo sobre a reforma, Rodrigo Maia disse que \u201ca Justi\u00e7a do Trabalho n\u00e3o deveria nem existir&#8217;. Maia disse, ainda, que os ju\u00edzes do trabalho tomam decis\u00f5es &#8216;irrespons\u00e1veis&#8217; e j\u00e1 prejudicaram bares, restaurantes e hot\u00e9is, deixando 14 milh\u00f5es desempregados por excesso de regras<\/p>\n<p><strong>VIOL\u00caNCIA CONTRA A MULHER<\/strong><br \/>\nO Distrito Federal registrou 47 den\u00fancias de crimes relacionados \u00e0 Lei Maria da Penha durante esta quarta-feira, Dia Internacional da Mulher. O n\u00famero \u00e9 30% maior que a m\u00e9dia di\u00e1ria de ocorr\u00eancias registradas em 2016 (36), e 29% maior que em 2015 (38). Segundo a Secretaria de Seguran\u00e7a P\u00fablica do DF, esses n\u00fameros n\u00e3o necessariamente se referem a crimes cometidos no dia 8 e alguns casos podem ter acontecido antes, mas s\u00f3 foram denunciados ap\u00f3s as v\u00edtimas se sentirem conscientes e encorajadas, gra\u00e7as \u00e0 visibilidade da data.<\/p>\n<p><strong>VER PRIMEIRO<\/strong><\/p>\n<p><strong>Receba as not\u00edcias do Aconteceu no Vale em primeira m\u00e3o. Clique em curtir no endere\u00e7o <a href=\"https:\/\/www.facebook.com\/aconteceunovale\" target=\"_blank\"><font color=\"red\">www.facebook.com\/aconteceunovale<\/font><\/a> ou no box abaixo:<\/strong><\/p>\n<div class=\"fb-like\" data-href=\"https:\/\/www.facebook.com\/aconteceunovale\" data-width=\"120\" data-layout=\"standard\" data-action=\"like\" data-size=\"small\" data-show-faces=\"true\" data-share=\"true\"><\/div>\n<p><\/br><\/p>\n","protected":false},"excerpt":{"rendered":"<p>JER\u00daSIA ARRUDA &#8211; www.facebook.com\/jerusia.arruda BANCADA DIVIDIDA Dezoito dos 53 deputados mineiros estiveram reunidos com o presidente Michel Temer nesta quinta-feira, no pal\u00e1cio do Planalto, para apresentar diretamente suas reivindica\u00e7\u00f5es, ap\u00f3s a amea\u00e7a de perda de apoio da bancada feita pelo vice-presidente da C\u00e2mara, deputado F\u00e1bio Ramalho (PMDB-MG), que \u00e9 formalmente coordenador da bancada mineira. A [&hellip;]<\/p>\n","protected":false},"author":1,"featured_media":106574,"comment_status":"open","ping_status":"closed","sticky":false,"template":"","format":"standard","meta":{"amp_status":"","footnotes":""},"categories":[4927],"tags":[4606,135443,135343,135442,137424,139963,206036],"class_list":["post-110280","post","type-post","status-publish","format-standard","has-post-thumbnail","hentry","category-colunistas","tag-brasilia","tag-coluna-direto-de-brasilia","tag-coluna-jerusia-arruda","tag-direto-de-brasilia","tag-direto-de-brasilia-jerusia-arruda","tag-direto-de-brasilia-coluna-jerusia-arruda","tag-jerusia-arruda"],"_links":{"self":[{"href":"https:\/\/aconteceunovale.com.br\/portal\/index.php?rest_route=\/wp\/v2\/posts\/110280","targetHints":{"allow":["GET"]}}],"collection":[{"href":"https:\/\/aconteceunovale.com.br\/portal\/index.php?rest_route=\/wp\/v2\/posts"}],"about":[{"href":"https:\/\/aconteceunovale.com.br\/portal\/index.php?rest_route=\/wp\/v2\/types\/post"}],"author":[{"embeddable":true,"href":"https:\/\/aconteceunovale.com.br\/portal\/index.php?rest_route=\/wp\/v2\/users\/1"}],"replies":[{"embeddable":true,"href":"https:\/\/aconteceunovale.com.br\/portal\/index.php?rest_route=%2Fwp%2Fv2%2Fcomments&post=110280"}],"version-history":[{"count":0,"href":"https:\/\/aconteceunovale.com.br\/portal\/index.php?rest_route=\/wp\/v2\/posts\/110280\/revisions"}],"wp:featuredmedia":[{"embeddable":true,"href":"https:\/\/aconteceunovale.com.br\/portal\/index.php?rest_route=\/wp\/v2\/media\/106574"}],"wp:attachment":[{"href":"https:\/\/aconteceunovale.com.br\/portal\/index.php?rest_route=%2Fwp%2Fv2%2Fmedia&parent=110280"}],"wp:term":[{"taxonomy":"category","embeddable":true,"href":"https:\/\/aconteceunovale.com.br\/portal\/index.php?rest_route=%2Fwp%2Fv2%2Fcategories&post=110280"},{"taxonomy":"post_tag","embeddable":true,"href":"https:\/\/aconteceunovale.com.br\/portal\/index.php?rest_route=%2Fwp%2Fv2%2Ftags&post=110280"}],"curies":[{"name":"wp","href":"https:\/\/api.w.org\/{rel}","templated":true}]}}