{"id":110277,"date":"2017-03-11T00:01:51","date_gmt":"2017-03-11T02:01:51","guid":{"rendered":"http:\/\/aconteceunovale.com.br\/portal\/?p=110277"},"modified":"2017-03-11T00:01:51","modified_gmt":"2017-03-11T02:01:51","slug":"defesa-civil-oferece-apoio-a-23-municipios-atingidos-por-seca-em-alagoas-bahia-e-minas-gerais","status":"publish","type":"post","link":"https:\/\/aconteceunovale.com.br\/portal\/?p=110277","title":{"rendered":"Defesa Civil oferece apoio a 23 munic\u00edpios atingidos por seca em Alagoas, Bahia e Minas Gerais"},"content":{"rendered":"<p>O Minist\u00e9rio da Integra\u00e7\u00e3o Nacional reconheceu, nesta sexta-feira (10),\u00a0<span style=\"color: #ff0000;\"><a href=\"http:\/\/pesquisa.in.gov.br\/imprensa\/jsp\/visualiza\/index.jsp?jornal=1&amp;pagina=30&amp;data=10\/03\/2017\"><span style=\"color: #ff0000;\">situa\u00e7\u00e3o de emerg\u00eancia<\/span><\/a><\/span>\u00a0em vinte e tr\u00eas munic\u00edpios nos estados de Alagoas, Bahia e Minas Gerais afetados por extensos per\u00edodos de seca e estiagem.<\/p>\n<p>As cidades contempladas em Alagoas s\u00e3o Branquinha e Murici. J\u00e1 na Bahia, o apoio est\u00e1 dispon\u00edvel para Adustina, Ant\u00f4nio Cardoso, Banza\u00ea, Barra, Biritinga, Ca\u00e9m, Concei\u00e7\u00e3o do Coit\u00e9, Coronel Jo\u00e3o S\u00e1, Gl\u00f3ria, Itanh\u00e9m, Ichu, Jo\u00e3o Dourado, Sant\u00e1polis, Sapea\u00e7u, Umburanas, Vit\u00f3ria da Conquista e S\u00edtio do Quinto.<\/p>\n<p>Por fim, as cidades mineiras de Janu\u00e1ria, Manga, Mato Verde e S\u00e3o Francisco, em Minas Gerais, tiveram situa\u00e7\u00e3o de emerg\u00eancia reconhecida.<\/p>\n<p>As prefeituras dos munic\u00edpios passam a ter acesso a a\u00e7\u00f5es emergenciais da Secretaria Nacional de Prote\u00e7\u00e3o e Defesa Civil (Sedec), para socorro, assist\u00eancia e restabelecimento de servi\u00e7os essenciais, como o abastecimento de \u00e1gua pot\u00e1vel \u00e0 popula\u00e7\u00e3o. Fica viabilizado, por exemplo, o acesso a programas como a Opera\u00e7\u00e3o Carro-Pipa.<\/p>\n<p>O reconhecimento tamb\u00e9m permite que os munic\u00edpios tenham direito a outros benef\u00edcios, como a renegocia\u00e7\u00e3o de d\u00edvidas no setor de agricultura, a aquisi\u00e7\u00e3o de cestas b\u00e1sicas e o apoio do Banco Nacional de Desenvolvimento (BNDES) para a retomada da atividade econ\u00f4mica nas regi\u00f5es afetadas.<\/p>\n<p><img decoding=\"async\" src=\"http:\/\/aconteceunovale.com.br\/portal\/wp-content\/uploads\/2017\/03\/seca_emergencia.jpeg\" alt=\"\" \/><em>As prefeituras passam a ter acesso a a\u00e7\u00f5es emergenciais da Secretaria Nacional de Prote\u00e7\u00e3o e Defesa Civil (Foto: Divulga\u00e7\u00e3o\/Governo de Alagoas\/Reprodu\u00e7\u00e3o Portal Brasil)<\/em><br \/>\n<\/br><\/p>\n<p><strong>VER PRIMEIRO<\/strong><\/p>\n<p><strong>Receba as not\u00edcias do Aconteceu no Vale em primeira m\u00e3o. Clique em curtir no endere\u00e7o <a href=\"https:\/\/www.facebook.com\/aconteceunovale\" target=\"_blank\"><font color=\"red\">www.facebook.com\/aconteceunovale<\/font><\/a> ou no box abaixo:<\/strong><\/p>\n<div class=\"fb-like\" data-href=\"https:\/\/www.facebook.com\/aconteceunovale\" data-width=\"120\" data-layout=\"standard\" data-action=\"like\" data-size=\"small\" data-show-faces=\"true\" data-share=\"true\"><\/div>\n<p><\/br><\/p>\n<p><em>(Fonte: Portal Brasil)<\/em><\/p>\n","protected":false},"excerpt":{"rendered":"<p>O Minist\u00e9rio da Integra\u00e7\u00e3o Nacional reconheceu, nesta sexta-feira (10),\u00a0situa\u00e7\u00e3o de emerg\u00eancia\u00a0em vinte e tr\u00eas munic\u00edpios nos estados de Alagoas, Bahia e Minas Gerais afetados por extensos per\u00edodos de seca e estiagem. As cidades contempladas em Alagoas s\u00e3o Branquinha e Murici. J\u00e1 na Bahia, o apoio est\u00e1 dispon\u00edvel para Adustina, Ant\u00f4nio Cardoso, Banza\u00ea, Barra, Biritinga, Ca\u00e9m, [&hellip;]<\/p>\n","protected":false},"author":1,"featured_media":110278,"comment_status":"open","ping_status":"closed","sticky":false,"template":"","format":"standard","meta":{"amp_status":"","footnotes":""},"categories":[6,123],"tags":[141891,141892,141893,55489,141894,141890,115981,141895,103388,1018,141887,93220,141889,141896,141897,44400,205,141898,1356,1195,140644,141899,1522,92115,141900,141886,42108,141888,54276,2842],"class_list":["post-110277","post","type-post","status-publish","format-standard","has-post-thumbnail","hentry","category-br","category-gerais","tag-adustina","tag-antonio-cardoso","tag-banzae","tag-barra","tag-biritinga","tag-branquinha","tag-caem","tag-conceicao-do-coite","tag-coronel-joao-sa","tag-destaque","tag-emergencia-em-alagoas","tag-emergencia-em-minas-gerais","tag-emergencia-na-bahia","tag-gloria","tag-ichu","tag-itanhem","tag-januaria","tag-joao-dourado","tag-manga","tag-mato-verde","tag-murici","tag-santapolis","tag-sao-francisco","tag-sapeacu","tag-sitio-do-quinto","tag-situacao-de-emergencia-em-alagoas","tag-situacao-de-emergencia-em-minas-gerais","tag-situacao-de-emergencia-na-bahia","tag-umburanas","tag-vitoria-da-conquista"],"_links":{"self":[{"href":"https:\/\/aconteceunovale.com.br\/portal\/index.php?rest_route=\/wp\/v2\/posts\/110277","targetHints":{"allow":["GET"]}}],"collection":[{"href":"https:\/\/aconteceunovale.com.br\/portal\/index.php?rest_route=\/wp\/v2\/posts"}],"about":[{"href":"https:\/\/aconteceunovale.com.br\/portal\/index.php?rest_route=\/wp\/v2\/types\/post"}],"author":[{"embeddable":true,"href":"https:\/\/aconteceunovale.com.br\/portal\/index.php?rest_route=\/wp\/v2\/users\/1"}],"replies":[{"embeddable":true,"href":"https:\/\/aconteceunovale.com.br\/portal\/index.php?rest_route=%2Fwp%2Fv2%2Fcomments&post=110277"}],"version-history":[{"count":0,"href":"https:\/\/aconteceunovale.com.br\/portal\/index.php?rest_route=\/wp\/v2\/posts\/110277\/revisions"}],"wp:featuredmedia":[{"embeddable":true,"href":"https:\/\/aconteceunovale.com.br\/portal\/index.php?rest_route=\/wp\/v2\/media\/110278"}],"wp:attachment":[{"href":"https:\/\/aconteceunovale.com.br\/portal\/index.php?rest_route=%2Fwp%2Fv2%2Fmedia&parent=110277"}],"wp:term":[{"taxonomy":"category","embeddable":true,"href":"https:\/\/aconteceunovale.com.br\/portal\/index.php?rest_route=%2Fwp%2Fv2%2Fcategories&post=110277"},{"taxonomy":"post_tag","embeddable":true,"href":"https:\/\/aconteceunovale.com.br\/portal\/index.php?rest_route=%2Fwp%2Fv2%2Ftags&post=110277"}],"curies":[{"name":"wp","href":"https:\/\/api.w.org\/{rel}","templated":true}]}}