{"id":110265,"date":"2017-03-10T22:10:37","date_gmt":"2017-03-11T00:10:37","guid":{"rendered":"http:\/\/aconteceunovale.com.br\/portal\/?p=110265"},"modified":"2017-03-10T22:10:37","modified_gmt":"2017-03-11T00:10:37","slug":"norte-de-minas-ganha-unidade-especializada-para-atender-casos-de-avc","status":"publish","type":"post","link":"https:\/\/aconteceunovale.com.br\/portal\/?p=110265","title":{"rendered":"Norte de Minas ganha unidade especializada para atender casos de AVC"},"content":{"rendered":"<p>O acidente vascular cerebral (AVC) \u00e9 apontado como uma das principais causas das mortes no Brasil, com mais de 100 mil \u00f3bitos por ano, de acordo com dados do Minist\u00e9rio da Sa\u00fade. No Norte de Minas, os n\u00fameros de mortes e de sequelas decorrentes da doen\u00e7a ser\u00e3o reduzidos, com a implanta\u00e7\u00e3o da Rede Regional de Atendimento do AVC. Os equipamentos j\u00e1 foram comprados e a unidade especializada vai entrar em funcionamento ainda em mar\u00e7o na Santa Casa de Montes Claros, abrangendo 86 munic\u00edpios da regi\u00e3o.<\/p>\n<p>A iniciativa \u00e9 a primeira rede de atendimento a v\u00edtimas de AVC em Minas Gerais e vai funcionar em parceria com o Servi\u00e7o de Atendimento M\u00f3vel de Urg\u00eancia (Samu), cujas ambul\u00e2ncias ser\u00e3o usadas para levar os pacientes para o hospital em Montes Claros. Credenciado pelo Minist\u00e9rio da Sa\u00fade para a assist\u00eancia aos pacientes pelo Sistema \u00danico de Sa\u00fade (SUS), o servi\u00e7o foi viabilizado com recursos da ordem de US$ 300 mil (R$ 960 mil) doados pela Funda\u00e7\u00e3o Rotary Internacional.  <\/p>\n<p>A proposta, denominada Projeto Madre Tereza de Calcut\u00e1, foi elaborada pelo governador do Distrito 4.760 do Rotary em Minas Gerais, Alexandre Pires Ramos, que encaminhou o pleito ao Rotary Internacional, sediado nos Estados Unidos e mantido por rotarianos de todas partes do mundo. <\/p>\n<p>Conforme Alexandre Ramos, centenas de projetos de diferentes pa\u00edses foram apresentados \u00e0 entidade internacional e poucos foram aprovados, sendo um deles o da unidade do Norte de Minas. O maior doador do projeto foi o americano Mike Kekler, da Calif\u00f3rnia, sendo que os rotarianos norte mineiros doaram US$ 15 mil. O governador do Rotary 4.760 ressalta que o projeto de Minas Gerais j\u00e1 est\u00e1 sendo considerado modelo. O Rotary Internacional recebeu pedido para a implanta\u00e7\u00e3o de iniciativa semelhante em Taiwan, informou ele.<\/p>\n<p>Do montante doado, US$ 228 mil foram destinados \u00e0 compra dos equipamentos instalados na unidade de atendimento \u00e0s vitimas do AVC, tais como respiradores eletr\u00f4nicos, um ultrassom ecodoppler transcraniano, um cardioversor e um eletrocardi\u00f3grafo. Outros US$ 72 mil foram destinados ao treinamento de pessoal. Foi feita a capacita\u00e7\u00e3o dos servidores do Samu das 86 cidades do Norte do estado beneficiadas.<\/p>\n<p>Alexandre Ramos destaca que a montagem de uma estrutura para o encaminhamento das vitimas de AVC de toda regi\u00e3o a uma unidade especializada ser\u00e1 de fundamental import\u00e2ncia para garantir a sobrevida e tamb\u00e9m evitar as sequelas nos pacientes.  &#8220;As sequelas  podem ser eliminadas caso os pacientes sejam atendidos dentro de at\u00e9 tr\u00eas horas ap\u00f3s sofrer o AVC&#8221;, afirma Ramos. Ele lembra que 60% dos casos de urg\u00eancia e emerg\u00eancia atendidos pelo Samu e encaminhados para servi\u00e7os de pronto-socorro no Norte de Minas s\u00e3o referentes a vitimas de AVC e de infarto no mioc\u00e1rdio.<\/p>\n<p><img decoding=\"async\" src=\"http:\/\/aconteceunovale.com.br\/portal\/wp-content\/uploads\/2015\/06\/santa_casa_moc.jpg\" alt=\"\" \/><em>Unidade funcionar\u00e1 na Santa Casa de Montes Claros (Divulga\u00e7\u00e3o)<\/em><br \/>\n<\/br><\/p>\n<p><strong>VER PRIMEIRO<\/strong><\/p>\n<p><strong>Receba as not\u00edcias do Aconteceu no Vale em primeira m\u00e3o. Clique em curtir no endere\u00e7o <a href=\"https:\/\/www.facebook.com\/aconteceunovale\" target=\"_blank\"><font color=\"red\">www.facebook.com\/aconteceunovale<\/font><\/a> ou no box abaixo:<\/strong><\/p>\n<div class=\"fb-like\" data-href=\"https:\/\/www.facebook.com\/aconteceunovale\" data-width=\"120\" data-layout=\"standard\" data-action=\"like\" data-size=\"small\" data-show-faces=\"true\" data-share=\"true\"><\/div>\n<p><\/br><\/p>\n<p><em>(Fonte: Estado de Minas\/Luiz Ribeiro)<\/em><\/p>\n","protected":false},"excerpt":{"rendered":"<p>O acidente vascular cerebral (AVC) \u00e9 apontado como uma das principais causas das mortes no Brasil, com mais de 100 mil \u00f3bitos por ano, de acordo com dados do Minist\u00e9rio da Sa\u00fade. No Norte de Minas, os n\u00fameros de mortes e de sequelas decorrentes da doen\u00e7a ser\u00e3o reduzidos, com a implanta\u00e7\u00e3o da Rede Regional de [&hellip;]<\/p>\n","protected":false},"author":1,"featured_media":60435,"comment_status":"open","ping_status":"closed","sticky":false,"template":"","format":"standard","meta":{"amp_status":"","footnotes":""},"categories":[1236,40242],"tags":[20716,141868,32709,141864,38989,1018,141867,141869,141870,141866,141865,8043,141862,141863],"class_list":["post-110265","post","type-post","status-publish","format-standard","has-post-thumbnail","hentry","category-norte_de_minas","category-saude-2","tag-acidente-vascular-cerebral","tag-alexandre-pires-ramos","tag-avc","tag-avc-e-apontado-como-uma-das-principais-causas-das-mortes-no-brasil","tag-california","tag-destaque","tag-distrito-4-760-do-rotary-em-minas-gerais","tag-mike-kekler","tag-norte-de-minas-ganha-unidade-especializada-para-atender-casos-de-avc","tag-projeto-madre-tereza-de-calcuta","tag-rede-regional-de-atendimento-do-avc","tag-santa-casa-de-montes-claros","tag-tratamento-avc-em-montes-claros","tag-tratamento-avc-no-norte-de-minas"],"_links":{"self":[{"href":"https:\/\/aconteceunovale.com.br\/portal\/index.php?rest_route=\/wp\/v2\/posts\/110265","targetHints":{"allow":["GET"]}}],"collection":[{"href":"https:\/\/aconteceunovale.com.br\/portal\/index.php?rest_route=\/wp\/v2\/posts"}],"about":[{"href":"https:\/\/aconteceunovale.com.br\/portal\/index.php?rest_route=\/wp\/v2\/types\/post"}],"author":[{"embeddable":true,"href":"https:\/\/aconteceunovale.com.br\/portal\/index.php?rest_route=\/wp\/v2\/users\/1"}],"replies":[{"embeddable":true,"href":"https:\/\/aconteceunovale.com.br\/portal\/index.php?rest_route=%2Fwp%2Fv2%2Fcomments&post=110265"}],"version-history":[{"count":0,"href":"https:\/\/aconteceunovale.com.br\/portal\/index.php?rest_route=\/wp\/v2\/posts\/110265\/revisions"}],"wp:featuredmedia":[{"embeddable":true,"href":"https:\/\/aconteceunovale.com.br\/portal\/index.php?rest_route=\/wp\/v2\/media\/60435"}],"wp:attachment":[{"href":"https:\/\/aconteceunovale.com.br\/portal\/index.php?rest_route=%2Fwp%2Fv2%2Fmedia&parent=110265"}],"wp:term":[{"taxonomy":"category","embeddable":true,"href":"https:\/\/aconteceunovale.com.br\/portal\/index.php?rest_route=%2Fwp%2Fv2%2Fcategories&post=110265"},{"taxonomy":"post_tag","embeddable":true,"href":"https:\/\/aconteceunovale.com.br\/portal\/index.php?rest_route=%2Fwp%2Fv2%2Ftags&post=110265"}],"curies":[{"name":"wp","href":"https:\/\/api.w.org\/{rel}","templated":true}]}}