{"id":110256,"date":"2017-03-10T18:15:10","date_gmt":"2017-03-10T20:15:10","guid":{"rendered":"http:\/\/aconteceunovale.com.br\/portal\/?p=110256"},"modified":"2017-03-10T18:15:10","modified_gmt":"2017-03-10T20:15:10","slug":"em-almenara-governador-inaugura-creas-lanca-programa-da-cemig-e-autoriza-voe-minas-no-municipio","status":"publish","type":"post","link":"https:\/\/aconteceunovale.com.br\/portal\/?p=110256","title":{"rendered":"Em Almenara, Governador inaugura Creas, lan\u00e7a programa da Cemig e autoriza Voe Minas no munic\u00edpio"},"content":{"rendered":"<p>O governador Fernando Pimentel inaugurou nesta sexta-feira (10\/3), em Almenara, no Territ\u00f3rio do M\u00e9dio e Baixo Jequitinhonha, a primeira unidade regional do Centro de Refer\u00eancia Especializado de Assist\u00eancia Social (Creas). Ainda durante o evento, Pimentel assinou despacho autorizando a implementa\u00e7\u00e3o do Programa Voe Minas no munic\u00edpio, al\u00e9m de participar da primeira edi\u00e7\u00e3o do programa Cemig &#038; Voc\u00ea.<\/p>\n<p>Pimentel ressaltou a import\u00e2ncia da regi\u00e3o para o estado e destacou a atua\u00e7\u00e3o regionalizada do Governo, estando presente em todos os Territ\u00f3rios de Desenvolvimento. Essa \u00e9 a d\u00e9cima visita do governador \u00e0 regi\u00e3o desde 2015.<\/p>\n<p>\u201cA nossa presen\u00e7a aqui mostra, mais do que qualquer palavra minha, o carinho, o respeito e compromisso que a gente tem com o Vale do Jequitinhonha. N\u00e3o passa mais do que 40 ou 45 dias sem que o governador do Estado e boa parte do seu secretariado venham ao Jequitinhonha. E n\u00f3s estamos aqui mostrando que a integra\u00e7\u00e3o do estado s\u00f3 se d\u00e1 se o Governo estiver presente em todas as regi\u00f5es. Ent\u00e3o, \u00e9 com muita alegria que eu estou aqui hoje compartilhando com voc\u00eas boas not\u00edcias, apesar das imensas dificuldades que hoje o estado tem. N\u00f3s estamos trazendo aquilo que \u00e9 necess\u00e1rio para a vida dos mineiros\u201d, afirmou o governador.<\/p>\n<p>O Creas Regional vai beneficiar uma popula\u00e7\u00e3o estimada em cerca de 35 mil pessoas em situa\u00e7\u00e3o de risco pessoal ou social, residentes nos munic\u00edpios de Bandeira, Mata Verde, Palm\u00f3polis, Rio do Prado e Rubim. O governador esteve no local para conversar com funcion\u00e1rios e usu\u00e1rios da unidade.<\/p>\n<p>\u201cN\u00f3s inauguramos aqui o Centro de Refer\u00eancia que \u00e9 modelo n\u00e3o s\u00f3 para essa regi\u00e3o, mas para o pa\u00eds inteiro. Eu convido quem n\u00e3o conhece l\u00e1 que se desloque para conhecer o local e visitar o centro. A partir de agora n\u00f3s vamos ter um centro permanente de atendimento das pessoas mais necessitadas em Almenara e outro em \u00c1guas Formosas, atendendo \u00e0 regi\u00e3o e aos munic\u00edpios vizinhos\u201d, disse o governador. Na tarde dessa sexta-feira (10\/3) outra unidade do Creas ser\u00e1 inaugurada em \u00c1guas Formosas.<\/p>\n<p>O governador tamb\u00e9m autorizou, na solenidade, a implanta\u00e7\u00e3o de refer\u00eancias t\u00e9cnicas de prote\u00e7\u00e3o especial nos munic\u00edpios de \u00c1guas Formosas, Bandeira, Bert\u00f3polis, Cris\u00f3lita, Fronteira dos Vales, Mata Verde, Palm\u00f3polis, Rio do Prado, Rubim, Santa Helena de Minas e Umbaratiba. Com isso, os 11 munic\u00edpios abrangidos pelo servi\u00e7o ofertado nos Creas Regionais M\u00e9dio e Baixo Jequitinhonha e Mucuri ter\u00e3o recursos dispon\u00edveis para a contrata\u00e7\u00e3o de t\u00e9cnico de refer\u00eancia da Prote\u00e7\u00e3o Social Especial.<\/p>\n<p>O Territ\u00f3rio do M\u00e9dio e Baixo Jequitinhonha \u00e9 o primeiro a receber o equipamento estadual para a oferta de servi\u00e7os de Prote\u00e7\u00e3o Social Especial (PSE) de forma regionalizada, para um conjunto de munic\u00edpios, e exerce o papel de articulador da prote\u00e7\u00e3o social em todo o Territ\u00f3rio de Desenvolvimento onde o Creas est\u00e1 localizado. <\/p>\n<p>Criada a partir de uma demanda dos F\u00f3runs Regionais de Governo, os Creas Regionais t\u00eam como objetivo o fortalecimento da fam\u00edlia no desempenho de sua fun\u00e7\u00e3o protetiva, sua inclus\u00e3o no sistema de prote\u00e7\u00e3o social e nos demais servi\u00e7os p\u00fablicos. Com capacidade de atendimento de 80 fam\u00edlias ou indiv\u00edduos, a equipe do Creas \u00e9 composta por um coordenador, dois assistentes sociais, dois psic\u00f3logos, um advogado, quatro profissionais de n\u00edvel superior ou m\u00e9dio, dois auxiliares administrativos, um vigia, um motorista e um auxiliar de servi\u00e7os gerais.<\/p>\n<p><img decoding=\"async\" src=\"http:\/\/aconteceunovale.com.br\/portal\/wp-content\/uploads\/2017\/03\/pimentel_almenara_3.jpg\" alt=\"\" \/><em>Governador visitou Almenara nesta sexta (Foto: Manoel Marques\/Imprensa MG)<\/em><br \/>\n<\/br><\/p>\n<p><strong>Voe Minas<\/strong><\/p>\n<p>Almenara, agora, tamb\u00e9m integra o programa Voe Minas. Durante a cerim\u00f4nia, Pimentel assinou despacho incluindo o munic\u00edpio na a\u00e7\u00e3o, desenvolvida pelo Governo de Minas Gerais por meio da Companhia de Desenvolvimento de Minas Gerais (Codemig) e da Secretaria de Estado de Transportes e Obras P\u00fablicas, que tem como objetivo ligar diversos munic\u00edpios \u00e0 capital mineira. Nesta sexta-feira, pela manh\u00e3, foi realizado o voo inaugural entre Belo Horizonte e Almenara.<\/p>\n<p>O governador destacou o esfor\u00e7o do Governo em conseguir a realiza\u00e7\u00e3o dos voos. \u201cCom Almenara, agora s\u00e3o 18 munic\u00edpios atendidos com voos regionais da Codemig. Eram cidades que antes n\u00e3o tinham transporte a\u00e9reo regular. O avi\u00e3o est\u00e1 a\u00ed e vai servir \u00e0 popula\u00e7\u00e3o, o que tamb\u00e9m \u00e9 importante em casos de urg\u00eancias\u201d, disse Pimentel.<\/p>\n<p><strong>Cemig &#038; Voc\u00ea<\/strong><\/p>\n<p>O Cemig &#038; Voc\u00ea \u00e9 uma iniciativa da Cemig e do Governo de Minas Gerais com o objetivo de levar aos consumidores informa\u00e7\u00f5es para o melhor uso da energia e promover o desenvolvimento social de todo o estado. A partir da realiza\u00e7\u00e3o do Cemig &#038; Voc\u00ea, a Cemig ir\u00e1 executar o Projeto Energia Cidad\u00e3 em Almenara, atendendo a uma reivindica\u00e7\u00e3o dos pr\u00f3prios moradores. O projeto tem o objetivo de aproximar a empresa das comunidades de baixa renda, levando informa\u00e7\u00f5es sobre o uso seguro e correto da energia el\u00e9trica.<\/p>\n<p>Pimentel aproveitou seu discurso para garantir que o Estado n\u00e3o ir\u00e1 abrir m\u00e3o dos direitos dos servidores p\u00fablicos e n\u00e3o ir\u00e1 privatizar as empresas p\u00fablicas mineiras, como prop\u00f5e o Governo Federal em seu projeto de ajuste fiscal.<\/p>\n<p>\u201cA nossa Cemig, a Cemig que n\u00f3s queremos e vamos manter em Minas Gerais, est\u00e1 aqui conosco, enfrentando as dificuldades e ajudando os prefeitos e prefeitas a melhorar a ilumina\u00e7\u00e3o em cada cidade, a cada fam\u00edlia que n\u00e3o tem luz el\u00e9trica, modernizar, enfim, fazer aquilo que a gente quer fazer: prestar um servi\u00e7o p\u00fablico de boa qualidade\u201d, afirmou o governador.<\/p>\n<p>A Cemig est\u00e1 investindo R$ 55 milh\u00f5es no Energia Cidad\u00e3 e far\u00e1 a substitui\u00e7\u00e3o de 550 mil l\u00e2mpadas ineficientes por l\u00e2mpadas de LED, quatro mil geladeiras ineficientes por outras novas de baixo consumo de energia, 8.400 chuveiros el\u00e9tricos de alta pot\u00eancia por sistemas de aquecimento solar de \u00e1gua em casa dos conjuntos habitacionais, junto com a Cohab\/MG, atendendo em todo o estado a aproximadamente 110 mil fam\u00edlias ou cerca de 450 mil pessoas.<\/p>\n<p>Em Almenara, ser\u00e3o realizadas visitas para a substitui\u00e7\u00e3o de 17 mil l\u00e2mpadas ineficientes por l\u00e2mpadas de LED, al\u00e9m da avalia\u00e7\u00e3o das geladeiras que se enquadrem nos crit\u00e9rios para posterior substitui\u00e7\u00e3o, com previs\u00e3o para fazer a troca de 136 unidades. Durante todo o dia, a Cemig prestar\u00e1 atendimento \u00e0 popula\u00e7\u00e3o do munic\u00edpio para solicita\u00e7\u00e3o de servi\u00e7os e renegocia\u00e7\u00e3o de d\u00e9bitos, al\u00e9m de exposi\u00e7\u00e3o sobre o setor energ\u00e9tico, distribui\u00e7\u00e3o de l\u00e2mpadas, sorteio de kits de material escolar e apresenta\u00e7\u00e3o de teatro.<\/p>\n<p>O diretor-presidente da Cemig, Bernardo Alvarenga, destacou a aproxima\u00e7\u00e3o da empresa com as pessoas, facilitando o acesso aos servi\u00e7os e informa\u00e7\u00f5es. \u201cO projeto Caf\u00e9 com as Donas de Casa \u00e9 fant\u00e1stico, pois ele orienta os moradores e tira as afli\u00e7\u00f5es em situa\u00e7\u00f5es de falta de energia ou de qualquer problema. Para n\u00f3s, da Cemig, \u00e9 de fundamental import\u00e2ncia esse programa porque a gente pode tamb\u00e9m escutar da popula\u00e7\u00e3o suas sugest\u00f5es para que a gente possa aprimorar os servi\u00e7os\u201d.<\/p>\n<p><strong>Jequitinhonha<\/strong><\/p>\n<p>O prefeito de Almenara, Admir Gobira destacou o esfor\u00e7o do governador em olhar para a regi\u00e3o para mudar a atual realidade de dificuldades. \u201c\u00c9 tempo de olharmos para frente e tentarmos construir uma nova hist\u00f3ria para esse Vale que, de forma equivocada e distorcida, tem visto seu povo ser reduzido a uma condi\u00e7\u00e3o de coitados e incapazes\u201d, disse.<\/p>\n<p>O deputado estadual Jean Freire, que representou a Assembleia Legislativa no evento, ressaltou a mudan\u00e7a de atitude da nova gest\u00e3o estadual.  \u201cNunca na hist\u00f3ria do Vale do Jequitinhonha um governador esteve 10 vezes na regi\u00e3o em dois anos. Isso \u00e9 ir aonde o povo est\u00e1. Foi uma promessa de campanha ouvir para governar. E n\u00f3s precisamos ir aonde os problemas est\u00e3o, pegar nas m\u00e3os das pessoas, pisar no ch\u00e3o\u201d, declarou.<\/p>\n<p>J\u00e1 o vice-presidente da C\u00e2mara Federal, deputado F\u00e1bio Ramalho, ressaltou a import\u00e2ncia da uni\u00e3o do Governo do Estado e da bancada federal em busca dos investimentos em Minas Gerais junto ao Governo Federal. \u201cN\u00f3s demos o grito de Minas. Aqui n\u00f3s exigimos respeito. Fica aqui o nosso compromisso junto ao Vale do Jequitinhonha\u201d.<\/p>\n<p><img decoding=\"async\" src=\"http:\/\/aconteceunovale.com.br\/portal\/wp-content\/uploads\/2017\/03\/pimentel_almenara_1.jpg\" alt=\"\" \/><em>Governador visitou Almenara nesta sexta (Foto: Manoel Marques\/Imprensa MG)<\/em><br \/>\n<\/br><\/p>\n<p><img decoding=\"async\" src=\"http:\/\/aconteceunovale.com.br\/portal\/wp-content\/uploads\/2017\/03\/pimentel_almenara_2.jpg\" alt=\"\" \/><em>Governador visitou Almenara nesta sexta (Foto: Manoel Marques\/Imprensa MG)<\/em><br \/>\n<\/br><\/p>\n<p><img decoding=\"async\" src=\"http:\/\/aconteceunovale.com.br\/portal\/wp-content\/uploads\/2017\/03\/pimentel_almenara_4.jpg\" alt=\"\" \/><em>Governador visitou Almenara nesta sexta (Foto: Manoel Marques\/Imprensa MG)<\/em><br \/>\n<\/br><\/p>\n<p><img decoding=\"async\" src=\"http:\/\/aconteceunovale.com.br\/portal\/wp-content\/uploads\/2017\/03\/pimentel_almenara_5.jpg\" alt=\"\" \/><em>Governador visitou Almenara nesta sexta (Foto: Manoel Marques\/Imprensa MG)<\/em><br \/>\n<\/br><\/p>\n<p><strong>VER PRIMEIRO<\/strong><\/p>\n<p><strong>Receba as not\u00edcias do Aconteceu no Vale em primeira m\u00e3o. Clique em curtir no endere\u00e7o <a href=\"https:\/\/www.facebook.com\/aconteceunovale\" target=\"_blank\"><font color=\"red\">www.facebook.com\/aconteceunovale<\/font><\/a> ou no box abaixo:<\/strong><\/p>\n<div class=\"fb-like\" data-href=\"https:\/\/www.facebook.com\/aconteceunovale\" data-width=\"120\" data-layout=\"standard\" data-action=\"like\" data-size=\"small\" data-show-faces=\"true\" data-share=\"true\"><\/div>\n<p><\/br><\/p>\n<p><em>(Ag\u00eancia Minas)<\/em><\/p>\n","protected":false},"excerpt":{"rendered":"<p>O governador Fernando Pimentel inaugurou nesta sexta-feira (10\/3), em Almenara, no Territ\u00f3rio do M\u00e9dio e Baixo Jequitinhonha, a primeira unidade regional do Centro de Refer\u00eancia Especializado de Assist\u00eancia Social (Creas). Ainda durante o evento, Pimentel assinou despacho autorizando a implementa\u00e7\u00e3o do Programa Voe Minas no munic\u00edpio, al\u00e9m de participar da primeira edi\u00e7\u00e3o do programa Cemig [&hellip;]<\/p>\n","protected":false},"author":1,"featured_media":110259,"comment_status":"open","ping_status":"closed","sticky":false,"template":"","format":"standard","meta":{"amp_status":"","footnotes":""},"categories":[120],"tags":[141858,77881,1536,142,1504,27549,353,194,1798,1017,141856,28355,124977,124978,141850,2453,197,35380,104247,1018,198,199,64845,141860,141861,12826,141853,510,141852,29798,141849,206,207,209,355,131,124972,124971,1502,124975,411,141686,141685,141684,141683,213,214,141851,105855,217,216,52229,124973,141857,3928,141687,141680,407,990,218,124976,164,105857,219,141854,223,141859,18771,124974,141682,141681,141855],"class_list":["post-110256","post","type-post","status-publish","format-standard","has-post-thumbnail","hentry","category-jequi","tag-admir-gobira","tag-aeroporto-da-pampulha","tag-aguas-formosas","tag-almenara","tag-araxa","tag-aviacao","tag-bandeira","tag-belo-horizonte","tag-bertopolis","tag-bh","tag-cemig-voce","tag-codemig","tag-comprar-passagens-pirma","tag-comprar-passagens-voe-minas-gerais","tag-creas-almenara","tag-crisolita","tag-curvelo","tag-deputado-estadual-jean-freire","tag-deputado-fabio-ramalho","tag-destaque","tag-diamantina","tag-divinopolis","tag-em-almenara","tag-em-almenara-governador-inaugura-creas-lanca-programa-da-cemig-e-autoriza-voe-minas-no-municipio","tag-em-almenara-governador-inaugura-creas-regional-e-lanca-programa-da-cemig-no-medio-e-baixo-jequitinhonha","tag-fernando-pimentel","tag-fernando-pimentel-em-almenara","tag-fronteira-dos-vales","tag-governador-em-almenara","tag-governador-fernando-pimentel","tag-governador-inaugura-creas-regional-e-lanca-programa-da-cemig-no-medio-e-baixo-jequitinhonha","tag-juiz-de-fora","tag-lavras","tag-manhuacu","tag-mata-verde","tag-minas-gerais","tag-minas-gerais-inaugura-rotas-aereas-ligando-bh-e-municipios-do-interior","tag-minas-gerais-inaugura-rotas-aereas-ligando-bh-e-municipios-do-interior-do-estado","tag-muriae","tag-pagina-voe-minas-gerais","tag-palmopolis","tag-passagem-area-de-belo-horizonte-para-almenara","tag-passagem-area-de-bh-para-almenara","tag-passagem-de-belo-horizonte-para-almenara","tag-passagem-de-bh-para-almenara","tag-passos","tag-patos-de-minas","tag-pimentel-em-almenara","tag-pirma","tag-ponte-nova","tag-pouso-alegre","tag-prefeito-de-almenara","tag-projeto-de-integracao-regional-modal-aereo","tag-projeto-energia-cidada-em-almenara","tag-rio-do-prado","tag-rota-aerea-ligando-bh-a-almenara-sera-inaugurada-nesta-sexta-feira","tag-rota-area-ligando-bh-a-almenara-sera-inaugurada-nesta-sexta-feira","tag-rubim","tag-santa-helena-de-minas","tag-sao-joao-del-rei","tag-site-voe-minas-gerais","tag-teofilo-otoni","tag-two-taxi-aereo","tag-uba","tag-umbaratiba","tag-varginha","tag-vice-presidente-da-camara-federal","tag-vicosa","tag-voe-minas-gerais","tag-voo-entre-belo-horizonte-e-almenara","tag-voo-entre-bh-e-almenara","tag-voo-inaugural-entre-belo-horizonte-e-almenara"],"_links":{"self":[{"href":"https:\/\/aconteceunovale.com.br\/portal\/index.php?rest_route=\/wp\/v2\/posts\/110256","targetHints":{"allow":["GET"]}}],"collection":[{"href":"https:\/\/aconteceunovale.com.br\/portal\/index.php?rest_route=\/wp\/v2\/posts"}],"about":[{"href":"https:\/\/aconteceunovale.com.br\/portal\/index.php?rest_route=\/wp\/v2\/types\/post"}],"author":[{"embeddable":true,"href":"https:\/\/aconteceunovale.com.br\/portal\/index.php?rest_route=\/wp\/v2\/users\/1"}],"replies":[{"embeddable":true,"href":"https:\/\/aconteceunovale.com.br\/portal\/index.php?rest_route=%2Fwp%2Fv2%2Fcomments&post=110256"}],"version-history":[{"count":0,"href":"https:\/\/aconteceunovale.com.br\/portal\/index.php?rest_route=\/wp\/v2\/posts\/110256\/revisions"}],"wp:featuredmedia":[{"embeddable":true,"href":"https:\/\/aconteceunovale.com.br\/portal\/index.php?rest_route=\/wp\/v2\/media\/110259"}],"wp:attachment":[{"href":"https:\/\/aconteceunovale.com.br\/portal\/index.php?rest_route=%2Fwp%2Fv2%2Fmedia&parent=110256"}],"wp:term":[{"taxonomy":"category","embeddable":true,"href":"https:\/\/aconteceunovale.com.br\/portal\/index.php?rest_route=%2Fwp%2Fv2%2Fcategories&post=110256"},{"taxonomy":"post_tag","embeddable":true,"href":"https:\/\/aconteceunovale.com.br\/portal\/index.php?rest_route=%2Fwp%2Fv2%2Ftags&post=110256"}],"curies":[{"name":"wp","href":"https:\/\/api.w.org\/{rel}","templated":true}]}}