{"id":110251,"date":"2017-03-10T13:14:22","date_gmt":"2017-03-10T15:14:22","guid":{"rendered":"http:\/\/aconteceunovale.com.br\/portal\/?p=110251"},"modified":"2017-03-10T13:14:22","modified_gmt":"2017-03-10T15:14:22","slug":"pai-de-acusado-de-balear-policial-militar-em-jaiba-e-morto-a-tiros","status":"publish","type":"post","link":"https:\/\/aconteceunovale.com.br\/portal\/?p=110251","title":{"rendered":"Pai de acusado de balear policial militar em Ja\u00edba \u00e9 morto a tiros"},"content":{"rendered":"<p>Um homem de 44 anos foi assassinado, na noite dessa quinta-feira (9\/3), em Ja\u00edba, no Norte de Minas. Testemunhas disseram \u00e0 PM que a v\u00edtima foi morta depois de confirmar ser o pai do acusado de atirar em um sargento da Pol\u00edcia Militar, no \u00faltimo s\u00e1bado (4), na cidade. O homem foi atingido por quatro tiros. Os atiradores fugiram em um carro estacionado pr\u00f3ximo a casa. Ningu\u00e9m foi preso.<\/p>\n<p>Para a pol\u00edcia, familiares disseram que estavam em casa quando foram surpreendidos por tr\u00eas homens encapuzados e armados, que perguntaram sobre o paradeiro de Marcos Vin\u00edcius Barbosa da Silva, acusado de atirar contra o sargento. A v\u00edtima informou ser o pai do procurado e foi baleado na perna, bra\u00e7o, costas e cabe\u00e7a. Ele morreu no local do crime.<\/p>\n<p>De acordo com a Pol\u00edcia Militar, ap\u00f3s os tiros, os familiares se esconderem em um matagal no entorno da casa. Os homens fugiram em um carro que os aguardava, estacionado, pr\u00f3ximo \u00e0 casa da v\u00edtima. At\u00e9 o momento ningu\u00e9m foi preso. Ainda de acordo com a pol\u00edcia, a v\u00edtima estava presa e saiu da cadeia nesta quarta-feira (8).<\/p>\n<p><img decoding=\"async\" src=\"http:\/\/aconteceunovale.com.br\/portal\/wp-content\/uploads\/2017\/03\/presos_manga_jaiba.jpg\" alt=\"\" \/><em>Suspeitos presos nesta quinta-feira (Foto: Pol\u00edcia Civil\/Divulga\u00e7\u00e3o)<\/em><br \/>\n<\/br><\/p>\n<p><strong>Condu\u00e7\u00f5es<\/strong><\/p>\n<p>Na tarde desta quinta-feira (9), quatro jovens se entregaram \u00e0 pol\u00edcia. Eles s\u00e3o suspeitos de estarem envolvidos na tentativa de homic\u00eddio contra o sargento. O grupo estava escondido na zona rural de Gado Bravo, distrito de Matias Cardoso. Desde o dia do crime, a regi\u00e3o est\u00e1 cercada por policiais militares e civis.<\/p>\n<p>De acordo com a Pol\u00edcia Militar, dois homens presos, de 20 e 22 anos, foram reconhecidos pelos policiais que estavam com o sargento no momento do crime. Os outros dois, de 22 e 16 anos, foram conduzidos para esclarecimentos.<\/p>\n<p>Na segunda-feira (6), dois adolescentes, de 16 e 17 anos, foram apreendidos em um t\u00e1xi que seguia na MG-401, em dire\u00e7\u00e3o \u00e0 Jana\u00faba. Na delegacia, eles confessaram que estavam no local do crime, mas negaram serem os autores dos disparos.<\/p>\n<p><strong>Entenda o caso<\/strong><\/p>\n<p>O sargento Jo\u00e3o Jos\u00e9 Machado Neto foi baleado na cabe\u00e7a durante uma abordagem a um grupo em atitude suspeita no Bairro Morado do Sol, em Ja\u00edba. Ao descerem da viatura, os militares foram recebidos a tiros. Os criminosos estavam escondidos em um matagal.<\/p>\n<p>O sargento est\u00e1 internado em Montes Claros em estado grave. De acordo com a assessoria do hospital, ele respira com a ajuda de aparelhos.<\/p>\n<p><strong>VER PRIMEIRO<\/strong><\/p>\n<p><strong>Receba as not\u00edcias do Aconteceu no Vale em primeira m\u00e3o. Clique em curtir no endere\u00e7o <a href=\"https:\/\/www.facebook.com\/aconteceunovale\" target=\"_blank\"><font color=\"red\">www.facebook.com\/aconteceunovale<\/font><\/a> ou no box abaixo:<\/strong><\/p>\n<div class=\"fb-like\" data-href=\"https:\/\/www.facebook.com\/aconteceunovale\" data-width=\"120\" data-layout=\"standard\" data-action=\"like\" data-size=\"small\" data-show-faces=\"true\" data-share=\"true\"><\/div>\n<p><\/br><\/p>\n<p><em>(Fonte: G1 Grande Minas)<\/em><\/p>\n","protected":false},"excerpt":{"rendered":"<p>Um homem de 44 anos foi assassinado, na noite dessa quinta-feira (9\/3), em Ja\u00edba, no Norte de Minas. Testemunhas disseram \u00e0 PM que a v\u00edtima foi morta depois de confirmar ser o pai do acusado de atirar em um sargento da Pol\u00edcia Militar, no \u00faltimo s\u00e1bado (4), na cidade. O homem foi atingido por quatro [&hellip;]<\/p>\n","protected":false},"author":1,"featured_media":109973,"comment_status":"open","ping_status":"closed","sticky":false,"template":"","format":"standard","meta":{"amp_status":"","footnotes":""},"categories":[1236],"tags":[1058,204,141208,1356,141845,141206,210,141410,141409,141846,141204,141205,141207,141209,141761,221],"class_list":["post-110251","post","type-post","status-publish","format-standard","has-post-thumbnail","hentry","category-norte_de_minas","tag-jaiba","tag-janauba","tag-joao-jose-machado-neto","tag-manga","tag-marcos-vinicius-barbosa-da-silva","tag-militar-baleado-em-jaiba","tag-montes-claros","tag-operacao-busca-criminosos-que-balearam-policial-militar-em-jaiba","tag-operacao-busca-criminosos-que-balearam-policial-militar-no-norte-de-minas","tag-pai-de-acusado-de-balear-policial-militar-em-jaiba-e-morto-a-tiros","tag-pm-baleado-em-jaiba","tag-policial-baleado-em-jaiba","tag-policial-militar-e-baleado-na-cabeca-durante-ocorrencia-em-jaiba","tag-sargento-joao-jose-machado-neto","tag-suspeitos-de-atirar-em-sargento-da-pm-sao-presos-no-norte-de-minas","tag-uberlandia"],"_links":{"self":[{"href":"https:\/\/aconteceunovale.com.br\/portal\/index.php?rest_route=\/wp\/v2\/posts\/110251","targetHints":{"allow":["GET"]}}],"collection":[{"href":"https:\/\/aconteceunovale.com.br\/portal\/index.php?rest_route=\/wp\/v2\/posts"}],"about":[{"href":"https:\/\/aconteceunovale.com.br\/portal\/index.php?rest_route=\/wp\/v2\/types\/post"}],"author":[{"embeddable":true,"href":"https:\/\/aconteceunovale.com.br\/portal\/index.php?rest_route=\/wp\/v2\/users\/1"}],"replies":[{"embeddable":true,"href":"https:\/\/aconteceunovale.com.br\/portal\/index.php?rest_route=%2Fwp%2Fv2%2Fcomments&post=110251"}],"version-history":[{"count":0,"href":"https:\/\/aconteceunovale.com.br\/portal\/index.php?rest_route=\/wp\/v2\/posts\/110251\/revisions"}],"wp:featuredmedia":[{"embeddable":true,"href":"https:\/\/aconteceunovale.com.br\/portal\/index.php?rest_route=\/wp\/v2\/media\/109973"}],"wp:attachment":[{"href":"https:\/\/aconteceunovale.com.br\/portal\/index.php?rest_route=%2Fwp%2Fv2%2Fmedia&parent=110251"}],"wp:term":[{"taxonomy":"category","embeddable":true,"href":"https:\/\/aconteceunovale.com.br\/portal\/index.php?rest_route=%2Fwp%2Fv2%2Fcategories&post=110251"},{"taxonomy":"post_tag","embeddable":true,"href":"https:\/\/aconteceunovale.com.br\/portal\/index.php?rest_route=%2Fwp%2Fv2%2Ftags&post=110251"}],"curies":[{"name":"wp","href":"https:\/\/api.w.org\/{rel}","templated":true}]}}