{"id":110244,"date":"2017-03-10T12:40:46","date_gmt":"2017-03-10T14:40:46","guid":{"rendered":"http:\/\/aconteceunovale.com.br\/portal\/?p=110244"},"modified":"2017-03-10T22:33:36","modified_gmt":"2017-03-11T00:33:36","slug":"assaltantes-invadem-casa-e-matam-idosa-no-municipio-de-carai-no-vale-do-jequitinhonha","status":"publish","type":"post","link":"https:\/\/aconteceunovale.com.br\/portal\/?p=110244","title":{"rendered":"Assaltantes invadem casa e matam idosa no munic\u00edpio de Cara\u00ed, no Vale do Jequitinhonha"},"content":{"rendered":"<p>Uma idosa de 74 anos foi morta durante um latroc\u00ednio, roubo seguido de morte, na noite dessa quinta-feira (9\/3), na zona rural de Cara\u00ed, no Vale do Jequitinhonha. Os ladr\u00f5es levaram mais de R$ 21 mil, valor referente \u00e0s aposentadorias das v\u00edtimas.<\/p>\n<p>Morando a mais de dez quil\u00f4metros do centro da cidade, Jercy Batista Ferreira e os irm\u00e3os, um homem de 70 e uma mulher de 79,  levavam uma vida sossegada no im\u00f3vel.<\/p>\n<p>A calmaria no c\u00f3rrego Lim\u00e3o, que tem estrada de terra, pouca ilumina\u00e7\u00e3o e casas afastadas, talvez tenha sido o atrativo para dois criminosos, que, por volta das 20h, invadiram a resid\u00eancia armados e anunciaram o assalto.<\/p>\n<p>\u201cComo o meu primo e uma das primas ficaram feridos, n\u00f3s ainda n\u00e3o sabemos se algum deles reagiu. O sobrinho deles, que estava na casa da m\u00e3e, escutou v\u00e1rios tiros e foi ver o que estava acontecendo\u201d, contou uma prima das v\u00edtimas, a secret\u00e1ria Lena Soares Matos, de 47 anos.<\/p>\n<p>Para a Pol\u00edcia Militar, o homem contou que, ao chegar perto do lote, viu dois homens correndo, um deles com uma arma na m\u00e3o. Ao entrar, o sobrinho encontrou os tios feridos e acionou a corpora\u00e7\u00e3o. Na chegada, os militares se deparam com Jercy dentro de um dos c\u00f4modos do im\u00f3vel sem vida. O n\u00famero de tiros n\u00e3o foi divulgado.<\/p>\n<p>O idoso foi socorrido em um carro particular com um ferimento na regi\u00e3o cervical. J\u00e1 a irm\u00e3, baleada no t\u00f3rax e cotovelo, foi encontrada ca\u00edda no quintal e uma ambul\u00e2ncia da cidade foi acionada. Os dois foram encaminhados ao Hospital S\u00e3o Jo\u00e3o Batista, em Cara\u00ed, mas, devido \u00e0 gravidade dos ferimentos, foram transferidos para o Hospital Santa Ros\u00e1lia, em Te\u00f3filo Otoni, onde seguem internados e sem previs\u00e3o de alta.<\/p>\n<p>Ainda conforme o sobrinho, as v\u00edtimas sacaram no mesmo dia dos crimes os benef\u00edcios das aposentadorias. O valor n\u00e3o divulgado. Al\u00e9m da quantia, um cofre pequeno, em que Jercy guardava aproximadamente R$ 21 mil, dinheiro que foi juntado durante anos, tamb\u00e9m foi levado pelos ladr\u00f5es.<\/p>\n<p>Conforme consta no boletim de ocorr\u00eancia da PM, os poucos moradores que ainda vivem na regi\u00e3o contaram que, h\u00e1 cerca de 15 dias, os mesmos homens foram vistos rondando a \u00e1rea. A corpora\u00e7\u00e3o chegou a receber os nomes de alguns suspeitos, mas eles ainda n\u00e3o foram presos. <\/p>\n<p><strong>VER PRIMEIRO<\/strong><\/p>\n<p><strong>Receba as not\u00edcias do Aconteceu no Vale em primeira m\u00e3o. Clique em curtir no endere\u00e7o <a href=\"https:\/\/www.facebook.com\/aconteceunovale\" target=\"_blank\"><font color=\"red\">www.facebook.com\/aconteceunovale<\/font><\/a> ou no box abaixo:<\/strong><\/p>\n<div class=\"fb-like\" data-href=\"https:\/\/www.facebook.com\/aconteceunovale\" data-width=\"120\" data-layout=\"standard\" data-action=\"like\" data-size=\"small\" data-show-faces=\"true\" data-share=\"true\"><\/div>\n<p><\/br><\/p>\n<p><em>(Fonte: O Tempo\/Carolina Caetano)<\/em><\/p>\n","protected":false},"excerpt":{"rendered":"<p>Uma idosa de 74 anos foi morta durante um latroc\u00ednio, roubo seguido de morte, na noite dessa quinta-feira (9\/3), na zona rural de Cara\u00ed, no Vale do Jequitinhonha. Os ladr\u00f5es levaram mais de R$ 21 mil, valor referente \u00e0s aposentadorias das v\u00edtimas. Morando a mais de dez quil\u00f4metros do centro da cidade, Jercy Batista Ferreira [&hellip;]<\/p>\n","protected":false},"author":1,"featured_media":71442,"comment_status":"open","ping_status":"closed","sticky":false,"template":"","format":"standard","meta":{"amp_status":"","footnotes":""},"categories":[120],"tags":[141832,32713,490,141827,141830,32714,141831,141828,141826,48307,164,141829],"class_list":["post-110244","post","type-post","status-publish","format-standard","has-post-thumbnail","hentry","category-jequi","tag-assaltantes-invadem-casa-e-matam-idosa-no-municipio-de-carai","tag-assassinato-em-carai","tag-carai","tag-corrego-do-limao","tag-epaminondas-dos-santos-batista","tag-homicidio-em-carai","tag-idosa-morta-em-carai","tag-jercy-batista-ferreira","tag-latrocinio-no-corrego-do-limao","tag-morto-em-carai","tag-teofilo-otoni","tag-terezinha-coelho-batista"],"_links":{"self":[{"href":"https:\/\/aconteceunovale.com.br\/portal\/index.php?rest_route=\/wp\/v2\/posts\/110244","targetHints":{"allow":["GET"]}}],"collection":[{"href":"https:\/\/aconteceunovale.com.br\/portal\/index.php?rest_route=\/wp\/v2\/posts"}],"about":[{"href":"https:\/\/aconteceunovale.com.br\/portal\/index.php?rest_route=\/wp\/v2\/types\/post"}],"author":[{"embeddable":true,"href":"https:\/\/aconteceunovale.com.br\/portal\/index.php?rest_route=\/wp\/v2\/users\/1"}],"replies":[{"embeddable":true,"href":"https:\/\/aconteceunovale.com.br\/portal\/index.php?rest_route=%2Fwp%2Fv2%2Fcomments&post=110244"}],"version-history":[{"count":0,"href":"https:\/\/aconteceunovale.com.br\/portal\/index.php?rest_route=\/wp\/v2\/posts\/110244\/revisions"}],"wp:featuredmedia":[{"embeddable":true,"href":"https:\/\/aconteceunovale.com.br\/portal\/index.php?rest_route=\/wp\/v2\/media\/71442"}],"wp:attachment":[{"href":"https:\/\/aconteceunovale.com.br\/portal\/index.php?rest_route=%2Fwp%2Fv2%2Fmedia&parent=110244"}],"wp:term":[{"taxonomy":"category","embeddable":true,"href":"https:\/\/aconteceunovale.com.br\/portal\/index.php?rest_route=%2Fwp%2Fv2%2Fcategories&post=110244"},{"taxonomy":"post_tag","embeddable":true,"href":"https:\/\/aconteceunovale.com.br\/portal\/index.php?rest_route=%2Fwp%2Fv2%2Ftags&post=110244"}],"curies":[{"name":"wp","href":"https:\/\/api.w.org\/{rel}","templated":true}]}}