{"id":110240,"date":"2017-03-10T11:15:49","date_gmt":"2017-03-10T13:15:49","guid":{"rendered":"http:\/\/aconteceunovale.com.br\/portal\/?p=110240"},"modified":"2017-03-10T11:15:49","modified_gmt":"2017-03-10T13:15:49","slug":"workshop-aborda-controle-e-monitoramento-de-pragas-em-itamarandiba","status":"publish","type":"post","link":"https:\/\/aconteceunovale.com.br\/portal\/?p=110240","title":{"rendered":"Workshop aborda controle e monitoramento de pragas em Itamarandiba"},"content":{"rendered":"<p>Sustentabilidade, t\u00e9cnicas para proteger florestas, melhoramento gen\u00e9tico de esp\u00e9cies vegetais, monitoramento e controle de pragas na produ\u00e7\u00e3o do eucalipto ser\u00e3o temas discutidos na terceira edi\u00e7\u00e3o do Workshop Pragas do Eucalipto, da Aperam BioEnergia. Com o slogan \u201cComo proteger a floresta com sustentabilidade\u201d, o encontro acontece no dia 21 de mar\u00e7o, das 12h \u00e0s 17h, na C\u00e2mara Municipal de Itamarandiba. O evento \u00e9 aberto ao p\u00fablico, com entrada gratuita. <\/p>\n<p>Cerca de 200 participantes s\u00e3o esperados para o encontro, que re\u00fane produtores de eucalipto, especialistas da Aperam BioEnergia e pesquisadores da \u00e1rea florestal. O objetivo do workshop \u00e9 ampliar a discuss\u00e3o acerca de t\u00e9cnicas inovadoras e tecnologias que auxiliem no combate \u00e0s pragas mais comuns e maneiras de proteger as planta\u00e7\u00f5es de eucalipto da regi\u00e3o.<\/p>\n<p>Segundo o bi\u00f3logo da Aperam BioEnergia, Nivaldo de Souza Martins, as pragas s\u00e3o motivo de preocupa\u00e7\u00e3o constante dos produtores de eucalipto. \u201cO workshop ser\u00e1 o momento para trocar experi\u00eancias, conhecer trabalhos desenvolvidos por pesquisadores da \u00e1rea, al\u00e9m de apresentar alternativas para o monitoramento das esp\u00e9cies que mais atacam as planta\u00e7\u00f5es, como a lagarta, por exemplo\u201d, detalha.<\/p>\n<p><strong>Programa\u00e7\u00e3o<\/strong><\/p>\n<p>O agr\u00f4nomo, mestre em Microbiologia e doutorando em Prote\u00e7\u00e3o de Plantas, Andr\u00e9 Ballerini Horta, de S\u00e3o Paulo, apresenta a palestra \u201cLagartas do eucalipto e formas de controle\u201d. J\u00e1 o engenheiro florestal, mestre em Ci\u00eancia Florestal e coordenador executivo do Programa Cooperativo sobre Prote\u00e7\u00e3o Florestal (Protef), Lu\u00eds Renato Junqueira, abordar\u00e1 o \u201cCen\u00e1rio atual das principais pragas do Brasil\u201d.<\/p>\n<p>As experi\u00eancias da Aperam BioEnergia ser\u00e3o compartilhadas pelos profissionais da empresa. O gerente executivo da T\u00e9cnica Florestal da Aperam BioEnergia, Ricardo Wagner Pinto Leite, abre o Workshop Pragas do Eucalipto com a palestra \u201cProdu\u00e7\u00e3o com sustentabilidade\u201d. Durante o evento, o engenheiro florestal tamb\u00e9m vai lan\u00e7ar o projeto \u201cControle Biol\u00f3gico Participativo\u201d.<\/p>\n<p>O bi\u00f3logo Nivaldo Martins falar\u00e1 sobre \u201cMonitoramento e controle de pragas na Aperam BioEnergia\u201d. Da \u00e1rea de Melhoramento Gen\u00e9tico da empresa, o engenheiro florestal Rodolfo Manoel Lemes abordar\u00e1 em sua palestra o tema \u201cMelhoramento gen\u00e9tico e esp\u00e9cies tolerantes a pragas\u201d.<\/p>\n<p><strong>Workshop Pragas do Eucalipto<\/strong><br \/>\n21 de mar\u00e7o de 2017 | 12h \u00e0s 17h<br \/>\nC\u00e2mara Municipal de Itamarandiba<\/p>\n<p><strong>Entrada gratuita.<\/strong><br \/>\nInforma\u00e7\u00f5es: (38) 3521-3600<\/p>\n<p><strong>VER PRIMEIRO<\/strong><\/p>\n<p><strong>Receba as not\u00edcias do Aconteceu no Vale em primeira m\u00e3o. Clique em curtir no endere\u00e7o <a href=\"https:\/\/www.facebook.com\/aconteceunovale\" target=\"_blank\"><font color=\"red\">www.facebook.com\/aconteceunovale<\/font><\/a> ou no box abaixo:<\/strong><\/p>\n<div class=\"fb-like\" data-href=\"https:\/\/www.facebook.com\/aconteceunovale\" data-width=\"120\" data-layout=\"standard\" data-action=\"like\" data-size=\"small\" data-show-faces=\"true\" data-share=\"true\"><\/div>\n<p><\/br><\/p>\n<p><em>(Fonte: Aperam BioEnergia)<\/em><\/p>\n","protected":false},"excerpt":{"rendered":"<p>Sustentabilidade, t\u00e9cnicas para proteger florestas, melhoramento gen\u00e9tico de esp\u00e9cies vegetais, monitoramento e controle de pragas na produ\u00e7\u00e3o do eucalipto ser\u00e3o temas discutidos na terceira edi\u00e7\u00e3o do Workshop Pragas do Eucalipto, da Aperam BioEnergia. Com o slogan \u201cComo proteger a floresta com sustentabilidade\u201d, o encontro acontece no dia 21 de mar\u00e7o, das 12h \u00e0s 17h, na [&hellip;]<\/p>\n","protected":false},"author":1,"featured_media":88351,"comment_status":"open","ping_status":"closed","sticky":false,"template":"","format":"standard","meta":{"amp_status":"","footnotes":""},"categories":[125,120],"tags":[141819,507,141817,129281,141823,141816,149,141822,141813,141814,141818,141821,141820,141825,39462,141824,141812,141811,141815],"class_list":["post-110240","post","type-post","status-publish","format-standard","has-post-thumbnail","hentry","category-noticias","category-jequi","tag-andre-ballerini-horta","tag-aperam-bioenergia","tag-biologo-da-aperam-bioenergia","tag-camara-municipal-de-itamarandiba","tag-cenario-atual-das-principais-pragas-do-brasil","tag-como-proteger-a-floresta-com-sustentabilidade","tag-itamarandiba","tag-luis-renato-junqueira","tag-melhoramento-genetico-de-especies-vegetais","tag-monitoramento-e-controle-de-pragas-na-producao-do-eucalipto-serao-temas-discutidos-na-terceira-edicao-do-workshop-pragas-do-eucalipto","tag-nivaldo-de-souza-martins","tag-programa-cooperativo-sobre-protecao-florestal","tag-protef","tag-ricardo-wagner-pinto-leite","tag-sustentabilidade","tag-tecnica-florestal-da-aperam-bioenergia","tag-tecnicas-para-proteger-florestas","tag-workshop-aborda-controle-e-monitoramento-de-pragas-em-itamarandiba","tag-workshop-pragas-do-eucalipto"],"_links":{"self":[{"href":"https:\/\/aconteceunovale.com.br\/portal\/index.php?rest_route=\/wp\/v2\/posts\/110240","targetHints":{"allow":["GET"]}}],"collection":[{"href":"https:\/\/aconteceunovale.com.br\/portal\/index.php?rest_route=\/wp\/v2\/posts"}],"about":[{"href":"https:\/\/aconteceunovale.com.br\/portal\/index.php?rest_route=\/wp\/v2\/types\/post"}],"author":[{"embeddable":true,"href":"https:\/\/aconteceunovale.com.br\/portal\/index.php?rest_route=\/wp\/v2\/users\/1"}],"replies":[{"embeddable":true,"href":"https:\/\/aconteceunovale.com.br\/portal\/index.php?rest_route=%2Fwp%2Fv2%2Fcomments&post=110240"}],"version-history":[{"count":0,"href":"https:\/\/aconteceunovale.com.br\/portal\/index.php?rest_route=\/wp\/v2\/posts\/110240\/revisions"}],"wp:featuredmedia":[{"embeddable":true,"href":"https:\/\/aconteceunovale.com.br\/portal\/index.php?rest_route=\/wp\/v2\/media\/88351"}],"wp:attachment":[{"href":"https:\/\/aconteceunovale.com.br\/portal\/index.php?rest_route=%2Fwp%2Fv2%2Fmedia&parent=110240"}],"wp:term":[{"taxonomy":"category","embeddable":true,"href":"https:\/\/aconteceunovale.com.br\/portal\/index.php?rest_route=%2Fwp%2Fv2%2Fcategories&post=110240"},{"taxonomy":"post_tag","embeddable":true,"href":"https:\/\/aconteceunovale.com.br\/portal\/index.php?rest_route=%2Fwp%2Fv2%2Ftags&post=110240"}],"curies":[{"name":"wp","href":"https:\/\/api.w.org\/{rel}","templated":true}]}}