{"id":110221,"date":"2017-03-09T23:35:48","date_gmt":"2017-03-10T01:35:48","guid":{"rendered":"http:\/\/aconteceunovale.com.br\/portal\/?p=110221"},"modified":"2017-03-09T23:35:48","modified_gmt":"2017-03-10T01:35:48","slug":"diretoria-do-cisrun-toma-posse-para-o-bienio-20172018","status":"publish","type":"post","link":"https:\/\/aconteceunovale.com.br\/portal\/?p=110221","title":{"rendered":"Diretoria do CISRUN toma posse para o bi\u00eanio 2017\/2018"},"content":{"rendered":"<p>A diretoria do Cons\u00f3rcio Intermunicipal de Sa\u00fade da Rede de Urg\u00eancia do Norte de Minas (CISRUN) para o bi\u00eanio 2017\/2018 tomou posse, na manh\u00e3 desta quinta-feira, 9, em solenidade realizada no audit\u00f3rio da Associa\u00e7\u00e3o dos Munic\u00edpios da \u00c1rea Mineira da Sudene (AMAMS), em Montes Claros. O prefeito de Porteirinha, Silvanei Batista, assumiu a presid\u00eancia do \u00f3rg\u00e3o em cerim\u00f4nia que contou com a presen\u00e7a de diversas lideran\u00e7as pol\u00edticas de Minas Gerais.<\/p>\n<p>A diretora executiva do CISRUN, Kely Cristina Lacerda, fez um breve relat\u00f3rio das atividades do SAMU Macro Norte durante a gest\u00e3o 2015\/2016. De acordo com o relat\u00f3rio, apenas no ano passado, o SAMU Macro Norte foi respons\u00e1vel por um total de 44.692 atendimentos, o que equivale a mais de 122 atendimentos por dia, em uma \u00e1rea com fatores complicadores como a extens\u00e3o territorial de 122 mil km\u00b2 (para se ter uma ideia, \u00e9 maior do que pa\u00edses como Portugal, que tem uma \u00e1rea de cerca de 92 mil km\u00b2). A diretora ainda ressaltou a preocupa\u00e7\u00e3o do \u00f3rg\u00e3o com a qualifica\u00e7\u00e3o de seus recursos humanos atrav\u00e9s de um programa de treinamento continuado dos funcion\u00e1rios.<\/p>\n<p>O ex-presidente do CISRUN, Luiz Rocha Neto, falou a respeito da contribui\u00e7\u00e3o do Governo de Minas para a resolu\u00e7\u00e3o da quest\u00e3o da distor\u00e7\u00e3o do repasse da verba em rela\u00e7\u00e3o \u00e0s outras regi\u00f5es atendidas pelo SAMU no estado e agradeceu emocionado ao comprometimento demonstrado por todos os funcion\u00e1rios do SAMU.<\/p>\n<p>O deputado estadual Paulo Guedes elogiou a gest\u00e3o de Rocha Neto que, segundo ele, foi respons\u00e1vel por \u201cenxugar os gastos\u201d, o que proporcionou a continua\u00e7\u00e3o da atua\u00e7\u00e3o do \u00f3rg\u00e3o na regi\u00e3o. Guedes tamb\u00e9m disse que conhece muito bem Silvanei Batista e que tem certeza que o novo presidente do CISRUN ir\u00e1 continuar o bom trabalho realizado pelo seu antecessor: \u201cDo jeito que ele \u00e9, vai sanar ainda mais as contas do SAMU\u201d, contou em tom de brincadeira. O deputado ainda entregou as chaves de cinco viaturas (quatro delas ambul\u00e2ncias) doadas pelo Governo de Minas e que ser\u00e3o utilizadas na \u00e1rea de atua\u00e7\u00e3o do SAMU Macro Norte.<\/p>\n<p>Silvanei Batista, em seu discurso, afirmou estar ciente das dificuldades do novo desafio: \u201cAssumo, hoje, a miss\u00e3o de continuar o trabalho iniciado em 2010: salvar vidas\u201d, fez alus\u00e3o \u00e0 cria\u00e7\u00e3o do CISRUN que se deu naquele ano. O prefeito de Porteirinha ainda apontou alguns dos objetivos de seu mandato que s\u00e3o a amplia\u00e7\u00e3o das bases do SAMU na regi\u00e3o, a melhora no atendimento e a constru\u00e7\u00e3o de uma nova sede administrativa. \u201cQuando a gente faz com amor, com responsabilidade, as coisas acontecem\u201d, concluiu.<\/p>\n<p><strong>Diretoria e Conselho Fiscal<\/strong><\/p>\n<p>Marco Ant\u00f4nio Andrade, prefeito de Uba\u00ed, tomou posse como 1\u00ba vice presidente; Marisa de Souza Alves de Bocai\u00fava, vai ocupar o cargo de 2\u00aa vice presidente; Wilton Leite Madureira (Verdel\u00e2ndia), assumiu o posto de 1\u00ba secret\u00e1rio do Conselho Diretor; j\u00e1 Jos\u00e9 Gerado Almeida (Ponto Chique), recebeu a fun\u00e7\u00e3o de 2\u00ba secret\u00e1rio do Conselho Diretor; e Fabiano Costa Soares, prefeito de Montezuma, se tornou o presidente do Conselho Fiscal.<\/p>\n<p>Tamb\u00e9m formam o Conselho Fiscal: Norberto de Oliveira Neto (Claro dos Po\u00e7\u00f5es) \u2013 vice presidente; Jos\u00e9 Barbosa Filho (Catuti) \u2013 secretario geral;  e os conselheiros M\u00f4nica Cristine Mendes de Souza (S\u00e3o Jo\u00e3o do Para\u00edso); Eduardo Rabelo de Souza (Francisco Dumont); Wendel Pereira de Souza (Juramento); Jo\u00e3o Manoel Ribeiro (Juramento); Jos\u00e9 Reis Nogueira de Barros (Bonito de Minas); Anderson Fonseca Braga (Buritizeiro); Danilo Wagner Veloso (S\u00e3o Jo\u00e3o da Ponte); Rone Douglas Dias (Olhos D\u2019\u00e1gua; Raimundo Nonato Pereira Luna (Mirav\u00e2nia); Arismar Ara\u00fajo Barbosa (S\u00e3o Jo\u00e3o do Pacu\u00ed); Robson Adalberto Mota Dias (Cora\u00e7\u00e3o de Jesus); M\u00e1rio Osvaldo Rodrigues Casagrande (Francisco S\u00e1).<\/p>\n<p><img decoding=\"async\" src=\"http:\/\/aconteceunovale.com.br\/portal\/wp-content\/uploads\/2017\/03\/posse_diretoria_cisrun_1.jpg\" alt=\"\" \/><\/p>\n<p><img decoding=\"async\" src=\"http:\/\/aconteceunovale.com.br\/portal\/wp-content\/uploads\/2017\/03\/posse_diretoria_cisrun_2.jpg\" alt=\"\" \/><\/p>\n<p><img decoding=\"async\" src=\"http:\/\/aconteceunovale.com.br\/portal\/wp-content\/uploads\/2017\/03\/posse_diretoria_cisrun_3.jpg\" alt=\"\" \/><\/p>\n<p><img decoding=\"async\" src=\"http:\/\/aconteceunovale.com.br\/portal\/wp-content\/uploads\/2017\/03\/posse_diretoria_cisrun_4.jpg\" alt=\"\" \/><\/p>\n<p><img decoding=\"async\" src=\"http:\/\/aconteceunovale.com.br\/portal\/wp-content\/uploads\/2017\/03\/posse_diretoria_cisrun_5.jpg\" alt=\"\" \/><\/p>\n<p><img decoding=\"async\" src=\"http:\/\/aconteceunovale.com.br\/portal\/wp-content\/uploads\/2017\/03\/posse_diretoria_cisrun_6.jpg\" alt=\"\" \/><\/p>\n<p><img decoding=\"async\" src=\"http:\/\/aconteceunovale.com.br\/portal\/wp-content\/uploads\/2017\/03\/posse_diretoria_cisrun_7.jpg\" alt=\"\" \/><\/p>\n<p><img decoding=\"async\" src=\"http:\/\/aconteceunovale.com.br\/portal\/wp-content\/uploads\/2017\/03\/posse_diretoria_cisrun_8.jpg\" alt=\"\" \/><\/p>\n<p><strong>VER PRIMEIRO<\/strong><\/p>\n<p><strong>Receba as not\u00edcias do Aconteceu no Vale em primeira m\u00e3o. Clique em curtir no endere\u00e7o <a href=\"https:\/\/www.facebook.com\/aconteceunovale\" target=\"_blank\"><font color=\"red\">www.facebook.com\/aconteceunovale<\/font><\/a> ou no box abaixo:<\/strong><\/p>\n<div class=\"fb-like\" data-href=\"https:\/\/www.facebook.com\/aconteceunovale\" data-width=\"120\" data-layout=\"standard\" data-action=\"like\" data-size=\"small\" data-show-faces=\"true\" data-share=\"true\"><\/div>\n<p><\/br><\/p>\n<p><em>(Jane Felix\/Ascom CISRUN &#8211; Fotos: Cristiano Lorenzato)<\/em><\/p>\n","protected":false},"excerpt":{"rendered":"<p>A diretoria do Cons\u00f3rcio Intermunicipal de Sa\u00fade da Rede de Urg\u00eancia do Norte de Minas (CISRUN) para o bi\u00eanio 2017\/2018 tomou posse, na manh\u00e3 desta quinta-feira, 9, em solenidade realizada no audit\u00f3rio da Associa\u00e7\u00e3o dos Munic\u00edpios da \u00c1rea Mineira da Sudene (AMAMS), em Montes Claros. O prefeito de Porteirinha, Silvanei Batista, assumiu a presid\u00eancia do [&hellip;]<\/p>\n","protected":false},"author":1,"featured_media":110223,"comment_status":"open","ping_status":"closed","sticky":false,"template":"","format":"standard","meta":{"amp_status":"","footnotes":""},"categories":[1236,40242],"tags":[949,14804,645,22050,22051,38432,141800,141798,141797,141804,141801,141477,22619,141802,210,30571,17364,1711,1194,141799,42341,141803,4040,30583,1814],"class_list":["post-110221","post","type-post","status-publish","format-standard","has-post-thumbnail","hentry","category-norte_de_minas","category-saude-2","tag-amams","tag-associacao-dos-municipios-da-area-mineira-da-sudene","tag-bocaiuva","tag-cisrun","tag-consorcio-intermunicipal-de-saude-da-rede-de-urgencia-do-norte-de-minas","tag-deputado-estadual-paulo-guedes","tag-diretora-executiva-do-cisrun","tag-diretoria-do-cisrun","tag-diretoria-do-cisrun-toma-posse-com-apoio-do-governo-de-minas","tag-diretoria-do-cisrun-toma-posse-para-o-bienio-20172018","tag-ex-presidente-do-cisrun","tag-kely-cristina-lacerda","tag-luiz-rocha-neto","tag-marco-antonio-andrade","tag-montes-claros","tag-nova-diretoria-do-cisrun","tag-paulo-guedes","tag-ponto-chique","tag-porteirinha","tag-posse-diretoria-do-cisrun","tag-prefeito-de-porteirinha","tag-prefeito-de-ubai","tag-samu-macro-norte","tag-silvanei-batista","tag-verdelandia"],"_links":{"self":[{"href":"https:\/\/aconteceunovale.com.br\/portal\/index.php?rest_route=\/wp\/v2\/posts\/110221","targetHints":{"allow":["GET"]}}],"collection":[{"href":"https:\/\/aconteceunovale.com.br\/portal\/index.php?rest_route=\/wp\/v2\/posts"}],"about":[{"href":"https:\/\/aconteceunovale.com.br\/portal\/index.php?rest_route=\/wp\/v2\/types\/post"}],"author":[{"embeddable":true,"href":"https:\/\/aconteceunovale.com.br\/portal\/index.php?rest_route=\/wp\/v2\/users\/1"}],"replies":[{"embeddable":true,"href":"https:\/\/aconteceunovale.com.br\/portal\/index.php?rest_route=%2Fwp%2Fv2%2Fcomments&post=110221"}],"version-history":[{"count":0,"href":"https:\/\/aconteceunovale.com.br\/portal\/index.php?rest_route=\/wp\/v2\/posts\/110221\/revisions"}],"wp:featuredmedia":[{"embeddable":true,"href":"https:\/\/aconteceunovale.com.br\/portal\/index.php?rest_route=\/wp\/v2\/media\/110223"}],"wp:attachment":[{"href":"https:\/\/aconteceunovale.com.br\/portal\/index.php?rest_route=%2Fwp%2Fv2%2Fmedia&parent=110221"}],"wp:term":[{"taxonomy":"category","embeddable":true,"href":"https:\/\/aconteceunovale.com.br\/portal\/index.php?rest_route=%2Fwp%2Fv2%2Fcategories&post=110221"},{"taxonomy":"post_tag","embeddable":true,"href":"https:\/\/aconteceunovale.com.br\/portal\/index.php?rest_route=%2Fwp%2Fv2%2Ftags&post=110221"}],"curies":[{"name":"wp","href":"https:\/\/api.w.org\/{rel}","templated":true}]}}