{"id":110217,"date":"2017-03-09T22:49:45","date_gmt":"2017-03-10T00:49:45","guid":{"rendered":"http:\/\/aconteceunovale.com.br\/portal\/?p=110217"},"modified":"2017-03-09T22:49:45","modified_gmt":"2017-03-10T00:49:45","slug":"motorista-bebado-e-preso-apos-colidir-contra-moto-de-policial-em-montes-claros","status":"publish","type":"post","link":"https:\/\/aconteceunovale.com.br\/portal\/?p=110217","title":{"rendered":"Motorista b\u00eabado \u00e9 preso ap\u00f3s colidir contra moto de policial em Montes Claros"},"content":{"rendered":"<p>Um motorista de 58 anos foi preso por dirigir alcoolizado em Montes Claros, na noite dessa quarta-feira (8). Ele estava em um carro e foi detido ap\u00f3s bater na motocicleta de um Policial Militar. Ningu\u00e9m ficou ferido.<\/p>\n<p>A PM informou que o policial seguia para o trabalho, no Bairro S\u00e3o Geraldo, quando se deparou com o condutor transitando na contram\u00e3o e em ziguezague. Durante o percurso, o homem bateu na moto do militar, que deu ordem de parada para evitar que outras pessoas fossem atingidas. O motorista fugiu em alta velocidade e foi perseguido at\u00e9 a MG-122, onde foi preso em flagrante.<\/p>\n<p>Segundo a PM, ele fez o teste do etil\u00f4metro e ficou constatado 0,66 miligramas de \u00e1lcool por litro de ar. O condutor foi encaminhado \u00e0 delegacia e teve a Carteira de Habilita\u00e7\u00e3o recolhida. O ve\u00edculo foi encaminhado ao p\u00e1tio do Detran.<\/p>\n<p><strong>VER PRIMEIRO<\/strong><\/p>\n<p><strong>Receba as not\u00edcias do Aconteceu no Vale em primeira m\u00e3o. Clique em curtir no endere\u00e7o <a href=\"https:\/\/www.facebook.com\/aconteceunovale\" target=\"_blank\"><font color=\"red\">www.facebook.com\/aconteceunovale<\/font><\/a> ou no box abaixo:<\/strong><\/p>\n<div class=\"fb-like\" data-href=\"https:\/\/www.facebook.com\/aconteceunovale\" data-width=\"120\" data-layout=\"standard\" data-action=\"like\" data-size=\"small\" data-show-faces=\"true\" data-share=\"true\"><\/div>\n<p><\/br><\/p>\n<p><em>(Fonte: G1 Grande Minas)<\/em><\/p>\n","protected":false},"excerpt":{"rendered":"<p>Um motorista de 58 anos foi preso por dirigir alcoolizado em Montes Claros, na noite dessa quarta-feira (8). Ele estava em um carro e foi detido ap\u00f3s bater na motocicleta de um Policial Militar. Ningu\u00e9m ficou ferido. A PM informou que o policial seguia para o trabalho, no Bairro S\u00e3o Geraldo, quando se deparou com [&hellip;]<\/p>\n","protected":false},"author":1,"featured_media":102361,"comment_status":"open","ping_status":"closed","sticky":false,"template":"","format":"standard","meta":{"amp_status":"","footnotes":""},"categories":[1236],"tags":[210,141792,141793,82964,66614,141794],"class_list":["post-110217","post","type-post","status-publish","format-standard","has-post-thumbnail","hentry","category-norte_de_minas","tag-montes-claros","tag-motorista-bebado-e-preso-apos-colidir-contra-moto-de-policial-em-montes-claros","tag-motorista-bebado-preso-em-montes-claros","tag-motorista-preso-em-montes-claros","tag-preso-em-montes-claros","tag-preso-por-dirigir-alcoolizado-em-montes-claros"],"_links":{"self":[{"href":"https:\/\/aconteceunovale.com.br\/portal\/index.php?rest_route=\/wp\/v2\/posts\/110217","targetHints":{"allow":["GET"]}}],"collection":[{"href":"https:\/\/aconteceunovale.com.br\/portal\/index.php?rest_route=\/wp\/v2\/posts"}],"about":[{"href":"https:\/\/aconteceunovale.com.br\/portal\/index.php?rest_route=\/wp\/v2\/types\/post"}],"author":[{"embeddable":true,"href":"https:\/\/aconteceunovale.com.br\/portal\/index.php?rest_route=\/wp\/v2\/users\/1"}],"replies":[{"embeddable":true,"href":"https:\/\/aconteceunovale.com.br\/portal\/index.php?rest_route=%2Fwp%2Fv2%2Fcomments&post=110217"}],"version-history":[{"count":0,"href":"https:\/\/aconteceunovale.com.br\/portal\/index.php?rest_route=\/wp\/v2\/posts\/110217\/revisions"}],"wp:featuredmedia":[{"embeddable":true,"href":"https:\/\/aconteceunovale.com.br\/portal\/index.php?rest_route=\/wp\/v2\/media\/102361"}],"wp:attachment":[{"href":"https:\/\/aconteceunovale.com.br\/portal\/index.php?rest_route=%2Fwp%2Fv2%2Fmedia&parent=110217"}],"wp:term":[{"taxonomy":"category","embeddable":true,"href":"https:\/\/aconteceunovale.com.br\/portal\/index.php?rest_route=%2Fwp%2Fv2%2Fcategories&post=110217"},{"taxonomy":"post_tag","embeddable":true,"href":"https:\/\/aconteceunovale.com.br\/portal\/index.php?rest_route=%2Fwp%2Fv2%2Ftags&post=110217"}],"curies":[{"name":"wp","href":"https:\/\/api.w.org\/{rel}","templated":true}]}}