{"id":110214,"date":"2017-03-09T22:45:31","date_gmt":"2017-03-10T00:45:31","guid":{"rendered":"http:\/\/aconteceunovale.com.br\/portal\/?p=110214"},"modified":"2017-03-09T22:45:31","modified_gmt":"2017-03-10T00:45:31","slug":"adolescente-de-13-anos-e-encontrado-morto-em-praca-de-montes-claros","status":"publish","type":"post","link":"https:\/\/aconteceunovale.com.br\/portal\/?p=110214","title":{"rendered":"Adolescente de 13 anos \u00e9 encontrado morto em pra\u00e7a de Montes Claros"},"content":{"rendered":"<p>O corpo de um adolescente de 13 anos foi encontrado, na manh\u00e3 desta quinta-feira (9), no Bairro Renascen\u00e7a, em Montes Claros, na regi\u00e3o Norte de Minas. De acordo com a Pol\u00edcia Militar (PM), uma pessoa que passava pela Pra\u00e7a Sidney J\u00fanior, por volta das 6h20, viu o menor e chamou a pol\u00edcia.<\/p>\n<p>No primeiro momento, houve suspeita que o adolescente poderia ter sido atropelado, mas o Samu compareceu ao local e percebeu que o rapaz foi atingido por uma facada nas costas; a per\u00edcia foi acionada.<\/p>\n<p>De acordo com a pol\u00edcia, a v\u00edtima foi esfaqueada em uma das ruas do bairro e correu at\u00e9 a pra\u00e7a; h\u00e1 marcas de sangue no local. A motiva\u00e7\u00e3o do crime ainda \u00e9 desconhecida.<\/p>\n<p>Familiares disseram \u00e0 PM que o adolescente estava come\u00e7ando a se envolver com pessoas conhecidas pelos meios policiais. Moradores da regi\u00e3o n\u00e3o souberam repassar detalhes do crime. At\u00e9 o momento ningu\u00e9m foi preso.<\/p>\n<p><img decoding=\"async\" src=\"http:\/\/aconteceunovale.com.br\/portal\/wp-content\/uploads\/2017\/03\/morto_moc_praca.jpg\" alt=\"\" \/><em>Corpo foi encontrado na manh\u00e3 desta quinta-feira (Foto: Pol\u00edcia Militar\/Divulga\u00e7\u00e3o)<\/em><br \/>\n<\/br><\/p>\n<p><strong>VER PRIMEIRO<\/strong><\/p>\n<p><strong>Receba as not\u00edcias do Aconteceu no Vale em primeira m\u00e3o. Clique em curtir no endere\u00e7o <a href=\"https:\/\/www.facebook.com\/aconteceunovale\" target=\"_blank\"><font color=\"red\">www.facebook.com\/aconteceunovale<\/font><\/a> ou no box abaixo:<\/strong><\/p>\n<div class=\"fb-like\" data-href=\"https:\/\/www.facebook.com\/aconteceunovale\" data-width=\"120\" data-layout=\"standard\" data-action=\"like\" data-size=\"small\" data-show-faces=\"true\" data-share=\"true\"><\/div>\n<p><\/br><\/p>\n<p><em>(Fonte: G1 Grande Minas)<\/em><\/p>\n","protected":false},"excerpt":{"rendered":"<p>O corpo de um adolescente de 13 anos foi encontrado, na manh\u00e3 desta quinta-feira (9), no Bairro Renascen\u00e7a, em Montes Claros, na regi\u00e3o Norte de Minas. De acordo com a Pol\u00edcia Militar (PM), uma pessoa que passava pela Pra\u00e7a Sidney J\u00fanior, por volta das 6h20, viu o menor e chamou a pol\u00edcia. No primeiro momento, [&hellip;]<\/p>\n","protected":false},"author":1,"featured_media":110215,"comment_status":"open","ping_status":"closed","sticky":false,"template":"","format":"standard","meta":{"amp_status":"","footnotes":""},"categories":[1236],"tags":[141791,29937,25220,210,63142],"class_list":["post-110214","post","type-post","status-publish","format-standard","has-post-thumbnail","hentry","category-norte_de_minas","tag-adolescente-de-13-anos-e-encontrado-morto-em-praca-de-montes-claros","tag-assassinado-em-montes-claros","tag-homicidio-em-montes-claros","tag-montes-claros","tag-morto-em-montes-claros"],"_links":{"self":[{"href":"https:\/\/aconteceunovale.com.br\/portal\/index.php?rest_route=\/wp\/v2\/posts\/110214","targetHints":{"allow":["GET"]}}],"collection":[{"href":"https:\/\/aconteceunovale.com.br\/portal\/index.php?rest_route=\/wp\/v2\/posts"}],"about":[{"href":"https:\/\/aconteceunovale.com.br\/portal\/index.php?rest_route=\/wp\/v2\/types\/post"}],"author":[{"embeddable":true,"href":"https:\/\/aconteceunovale.com.br\/portal\/index.php?rest_route=\/wp\/v2\/users\/1"}],"replies":[{"embeddable":true,"href":"https:\/\/aconteceunovale.com.br\/portal\/index.php?rest_route=%2Fwp%2Fv2%2Fcomments&post=110214"}],"version-history":[{"count":0,"href":"https:\/\/aconteceunovale.com.br\/portal\/index.php?rest_route=\/wp\/v2\/posts\/110214\/revisions"}],"wp:featuredmedia":[{"embeddable":true,"href":"https:\/\/aconteceunovale.com.br\/portal\/index.php?rest_route=\/wp\/v2\/media\/110215"}],"wp:attachment":[{"href":"https:\/\/aconteceunovale.com.br\/portal\/index.php?rest_route=%2Fwp%2Fv2%2Fmedia&parent=110214"}],"wp:term":[{"taxonomy":"category","embeddable":true,"href":"https:\/\/aconteceunovale.com.br\/portal\/index.php?rest_route=%2Fwp%2Fv2%2Fcategories&post=110214"},{"taxonomy":"post_tag","embeddable":true,"href":"https:\/\/aconteceunovale.com.br\/portal\/index.php?rest_route=%2Fwp%2Fv2%2Ftags&post=110214"}],"curies":[{"name":"wp","href":"https:\/\/api.w.org\/{rel}","templated":true}]}}