{"id":110207,"date":"2017-03-09T22:30:54","date_gmt":"2017-03-10T00:30:54","guid":{"rendered":"http:\/\/aconteceunovale.com.br\/portal\/?p=110207"},"modified":"2017-03-09T22:30:54","modified_gmt":"2017-03-10T00:30:54","slug":"cantor-de-forro-e-preso-suspeito-de-estuprar-filha-da-namorada-no-norte-de-minas","status":"publish","type":"post","link":"https:\/\/aconteceunovale.com.br\/portal\/?p=110207","title":{"rendered":"Cantor de forr\u00f3 \u00e9 preso suspeito de estuprar filha da namorada no Norte de Minas"},"content":{"rendered":"<p>A Pol\u00edcia Civil apresentou em coletiva, na manh\u00e3 desta quinta-feira (9), Jo\u00e3o Jos\u00e9 Pereira Mendes, de 45 anos, acusado de estuprar a filha da companheira dele, em janeiro deste ano. Na ocasi\u00e3o, o homem, que \u00e9 conhecido como Zez\u00e9 dos Teclados, embriagou a crian\u00e7a, de 11 anos, durante uma carona de volta para a casa. Ele nega o crime, mas de acordo com a delegada respons\u00e1vel pelo caso, Karine Maia, o abuso foi constatado em laudo m\u00e9dico, e a crian\u00e7a apresentou detalhes de como o crime aconteceu, em dois depoimentos. O homem foi preso nesta ter\u00e7a-feira (7) mediante mandado de pris\u00e3o preventiva.<\/p>\n<p>De acordo com a delegada, Jo\u00e3o Jos\u00e9 fazia um show em Muqu\u00e9m, zona rural de Mirabela, quando ele combinou com a namorada que levaria a crian\u00e7a de carona para Montes Claros. No trajeto, o m\u00fasico parou por diversas vezes e, enquanto isso, oferecia bebida para a menor. Os dois fizeram o trajeto de 70km, em quatro horas.<\/p>\n<p>\u201cA menina estava na casa da av\u00f3 quando eles combinaram a carona at\u00e9 Montes Claros. No trajeto, ele foi parando em bares para tocar. A menina ficava no carro, mas ele levava e oferecia cerveja e pinga e para ela. Depois de quatro horas, j\u00e1 por volta das 22h, eles chegaram em Montes Claros. Ele ainda a levou para um bar no Bairro Monte Si\u00e3o, perto de onde mora, e depois foram para a casa dele. Para a menina, ele disse que tinha ficado tarde e que n\u00e3o teria condi\u00e7\u00f5es de lev\u00e1-la at\u00e9 a casa da m\u00e3e. De madrugada, a m\u00e3e e um tio, percebendo que a menina n\u00e3o chegava, foram at\u00e9 a casa do autor e encontraram os dois ainda com sinais de embriaguez\u201d, explica Karine Maia.<\/p>\n<p>Na casa, o homem negou ter abusado da menina. Para a m\u00e3e, ele disse que a crian\u00e7a dormiu no quarto de h\u00f3spedes; vers\u00e3o que a fam\u00edlia e nem os policiais acreditaram. \u201cO tio e a m\u00e3e contam que a cama do quarto de visita estava totalmente arrumada, com o forro esticado, e que a \u00fanica cama bagun\u00e7ada era a do quarto dele. A menina, apesar de embriagada, conta detalhes de como tudo aconteceu. Ela fala que n\u00e3o sabia muito bem o que estava fazendo\u201d, detalha a delegada.<\/p>\n<p><img decoding=\"async\" src=\"http:\/\/aconteceunovale.com.br\/portal\/wp-content\/uploads\/2017\/03\/preso_tecladista_1.jpg\" alt=\"\" \/><em>Acusado de abusar de enteada \u00e9 apresentado em coletiva (Foto: Juliana Peixoto\/G1)<\/em><br \/>\n<\/br><\/p>\n<p><strong>Pris\u00e3o preventiva<\/strong><\/p>\n<p>O casal namorava h\u00e1 seis meses quando o crime aconteceu. No dia, a fam\u00edlia foi para Jana\u00faba onde o pai da crian\u00e7a mora. L\u00e1, os envolvidos procuraram a delegacia e fizeram os exames, ainda pela manh\u00e3. A m\u00e3e tamb\u00e9m ser\u00e1 investigada, j\u00e1 que havia se mudado, com a crian\u00e7a, para a casa do acusado depois do crime, fato que chamou a aten\u00e7\u00e3o da PC.<\/p>\n<p>\u201cComo o pai biol\u00f3gico mora em Jana\u00faba, eles tomaram as primeiras provid\u00eancias na delegacia de l\u00e1. Foram feitos os exames e no resultado ficou constatado o rompimento do h\u00edmen; a menina era virgem. O caso foi remetido para a Delegacia da Mulher e n\u00f3s pedimos a pris\u00e3o preventiva dele para protegermos a crian\u00e7a. A m\u00e3e, mesmo depois da confirma\u00e7\u00e3o do abuso pelo exame de corpo de delito, se mudou para l\u00e1, e ainda deixava a crian\u00e7a com ele e ia trabalhar. Ela ser\u00e1 investigada para entendermos a conduta e as circunst\u00e2ncias que a levaram a mudar para l\u00e1 e continuar o relacionamento&#8221;, explica Karine Maia.<\/p>\n<p>No momento da pris\u00e3o, Jo\u00e3o Jos\u00e9 negou os fatos. Ele tamb\u00e9m tentou correr dos policiais civis. Ele foi preso e encaminhado para o Pres\u00eddio Regional de Montes Claros.<\/p>\n<p>\u201cEle nega o crime e fala que a menina perdeu a virgindade com um rapaz da comunidade. Mas n\u00f3s j\u00e1 checamos as situa\u00e7\u00f5es e temos elementos para pedirmos a pris\u00e3o dele. Al\u00e9m de proteger a crian\u00e7a deste ambiente, ele tamb\u00e9m amea\u00e7a familiares, coage a menina em n\u00e3o continuar com o procedimento e tenta manipular provas\u201d, detalha.<\/p>\n<p><img decoding=\"async\" src=\"http:\/\/aconteceunovale.com.br\/portal\/wp-content\/uploads\/2017\/03\/preso_tecladista_2.jpg\" alt=\"\" \/><em>Pris\u00e3o foi feita mediante mandado de pris\u00e3o preventiva (Foto: Pol\u00edcia Civil\/Divulga\u00e7\u00e3o)<\/em><br \/>\n<\/br><\/p>\n<p><strong>Pena<\/strong><\/p>\n<p>Jo\u00e3o Jos\u00e9 Pereira Mendes, se condenado, pode pegar de 8 a 15 anos de pris\u00e3o por crime de estupro de vulner\u00e1vel, com dupla vulnerabilidade. \u201cA crian\u00e7a, al\u00e9m de ser menor de 14 anos, foi embriagada. Recebemos uma informa\u00e7\u00e3o que ele j\u00e1 se envolveu com m\u00e3e e filha, tamb\u00e9m menor de idade, em Belo Horizonte. N\u00f3s vamos checar esta informa\u00e7\u00e3o. Ele n\u00e3o tem passagens pela pol\u00edcia&#8221;, afirma Karine Maia.<\/p>\n<p>H\u00e1 relatos que o homem j\u00e1 teria oferecido bebida alco\u00f3lica outras vezes para a menor. A pol\u00edcia tamb\u00e9m ir\u00e1 checar o procedimento do bar, onde eles foram ao chegar em Montes Claros, em permitir que a crian\u00e7a ingerisse bebida alco\u00f3lica no estabelecimento.<\/p>\n<p><strong>VER PRIMEIRO<\/strong><\/p>\n<p><strong>Receba as not\u00edcias do Aconteceu no Vale em primeira m\u00e3o. Clique em curtir no endere\u00e7o <a href=\"https:\/\/www.facebook.com\/aconteceunovale\" target=\"_blank\"><font color=\"red\">www.facebook.com\/aconteceunovale<\/font><\/a> ou no box abaixo:<\/strong><\/p>\n<div class=\"fb-like\" data-href=\"https:\/\/www.facebook.com\/aconteceunovale\" data-width=\"120\" data-layout=\"standard\" data-action=\"like\" data-size=\"small\" data-show-faces=\"true\" data-share=\"true\"><\/div>\n<p><\/br><\/p>\n<p><em>(Fonte: G1 Grande Minas \/ Reportagem: Juliana Peixoto)<\/em><\/p>\n","protected":false},"excerpt":{"rendered":"<p>A Pol\u00edcia Civil apresentou em coletiva, na manh\u00e3 desta quinta-feira (9), Jo\u00e3o Jos\u00e9 Pereira Mendes, de 45 anos, acusado de estuprar a filha da companheira dele, em janeiro deste ano. Na ocasi\u00e3o, o homem, que \u00e9 conhecido como Zez\u00e9 dos Teclados, embriagou a crian\u00e7a, de 11 anos, durante uma carona de volta para a casa. [&hellip;]<\/p>\n","protected":false},"author":1,"featured_media":110208,"comment_status":"open","ping_status":"closed","sticky":false,"template":"","format":"standard","meta":{"amp_status":"","footnotes":""},"categories":[1236],"tags":[141786,1018,204,141783,128591,1699,210,9414,141784,141785],"class_list":["post-110207","post","type-post","status-publish","format-standard","has-post-thumbnail","hentry","category-norte_de_minas","tag-cantor-de-forro-e-preso-suspeito-de-estuprar-filha-da-namorada-no-norte-de-minas","tag-destaque","tag-janauba","tag-joao-jose-pereira-mendes","tag-karine-maia","tag-mirabela","tag-montes-claros","tag-presidio-regional-de-montes-claros","tag-zeze-dos-teclados","tag-zeze-dos-teclados-muquem"],"_links":{"self":[{"href":"https:\/\/aconteceunovale.com.br\/portal\/index.php?rest_route=\/wp\/v2\/posts\/110207","targetHints":{"allow":["GET"]}}],"collection":[{"href":"https:\/\/aconteceunovale.com.br\/portal\/index.php?rest_route=\/wp\/v2\/posts"}],"about":[{"href":"https:\/\/aconteceunovale.com.br\/portal\/index.php?rest_route=\/wp\/v2\/types\/post"}],"author":[{"embeddable":true,"href":"https:\/\/aconteceunovale.com.br\/portal\/index.php?rest_route=\/wp\/v2\/users\/1"}],"replies":[{"embeddable":true,"href":"https:\/\/aconteceunovale.com.br\/portal\/index.php?rest_route=%2Fwp%2Fv2%2Fcomments&post=110207"}],"version-history":[{"count":0,"href":"https:\/\/aconteceunovale.com.br\/portal\/index.php?rest_route=\/wp\/v2\/posts\/110207\/revisions"}],"wp:featuredmedia":[{"embeddable":true,"href":"https:\/\/aconteceunovale.com.br\/portal\/index.php?rest_route=\/wp\/v2\/media\/110208"}],"wp:attachment":[{"href":"https:\/\/aconteceunovale.com.br\/portal\/index.php?rest_route=%2Fwp%2Fv2%2Fmedia&parent=110207"}],"wp:term":[{"taxonomy":"category","embeddable":true,"href":"https:\/\/aconteceunovale.com.br\/portal\/index.php?rest_route=%2Fwp%2Fv2%2Fcategories&post=110207"},{"taxonomy":"post_tag","embeddable":true,"href":"https:\/\/aconteceunovale.com.br\/portal\/index.php?rest_route=%2Fwp%2Fv2%2Ftags&post=110207"}],"curies":[{"name":"wp","href":"https:\/\/api.w.org\/{rel}","templated":true}]}}