{"id":110193,"date":"2017-03-09T21:58:25","date_gmt":"2017-03-09T23:58:25","guid":{"rendered":"http:\/\/aconteceunovale.com.br\/portal\/?p=110193"},"modified":"2017-03-09T21:58:25","modified_gmt":"2017-03-09T23:58:25","slug":"prefeitura-de-governador-valadares-cria-centro-de-atendimento-em-arboviroses","status":"publish","type":"post","link":"https:\/\/aconteceunovale.com.br\/portal\/?p=110193","title":{"rendered":"Prefeitura de Governador Valadares cria Centro de Atendimento em Arboviroses"},"content":{"rendered":"<p>Para desafogar a demanda no Hospital Municipal e UPA, a Prefeitura de Governador Valadares iniciou nesta quinta-feira (9) o Centro de Atendimento em Arboviroses que atender\u00e1 casos relacionados a dengue, chikungunya e zika. O hor\u00e1rio de atendimento ser\u00e1 das 7h \u00e0s 22h, de segunda a segunda, na Unidade B\u00e1sica de Sa\u00fade do Centro da cidade, na rua Te\u00f3filo Otoni, 263.<\/p>\n<p>No local, ser\u00e3o ofertados os procedimentos de hidrata\u00e7\u00e3o oral e venosa, atendimento m\u00e9dico e de enfermagem e dispensa\u00e7\u00e3o de medicamentos b\u00e1sicos para arboviroses, doen\u00e7as transmitidas por insetos, para amplia\u00e7\u00e3o do acesso e agilidade no atendimento \u00e0 popula\u00e7\u00e3o.<\/p>\n<p>Segundo a Prefeitura, a iniciativa tem como base o grande n\u00famero de casos suspeitos de arboviroses na cidade. Dados do munic\u00edpio apontam que de janeiro at\u00e9 o dia sete deste m\u00eas foram registrados 3.775 casos suspeitos, sendo 1.961 de chikungunya, 1.634 de dengue e 160 de zika.<\/p>\n<p>\u201cDiante desse cen\u00e1rio, espera-se no per\u00edodo de sazonalidade de janeiro a maio de 2017 um aumento no n\u00famero de notifica\u00e7\u00f5es\u201d, alerta a coordenadora do N\u00facleo de Gest\u00e3o Estrat\u00e9gica e Inova\u00e7\u00e3o em Sa\u00fade, Eliane Nobre.<\/p>\n<p><strong>Alto \u00edndice de infesta\u00e7\u00e3o<\/strong><\/p>\n<p>Em janeiro, a Prefeitura divulgou o Levantamento de \u00cdndice R\u00e1pido por Infesta\u00e7\u00e3o de Aedes aegypti (LIRAa) em 9,7%. O valor \u00e9 destacado pelo munic\u00edpio como o mais alto da hist\u00f3ria da cidade, que sinaliza uma possibilidade grande de epidemia, segundo par\u00e2metros definidos pela Organiza\u00e7\u00e3o Mundial de Sa\u00fade.<\/p>\n<p><img decoding=\"async\" src=\"http:\/\/aconteceunovale.com.br\/portal\/wp-content\/uploads\/2017\/03\/arbovirose_gv.jpg\" alt=\"\" \/><em>Centro de Atendimento em Arboviroses funcionar\u00e1 na Unidade B\u00e1sica de Sa\u00fade do Centro da cidade, das 7 h \u00e0s 22 h (Foto: Prefeitura de Governador Valadares\/Divulga\u00e7\u00e3o)<\/em><br \/>\n<\/br><\/p>\n<p><strong>VER PRIMEIRO<\/strong><\/p>\n<p><strong>Receba as not\u00edcias do Aconteceu no Vale em primeira m\u00e3o. Clique em curtir no endere\u00e7o <a href=\"https:\/\/www.facebook.com\/aconteceunovale\" target=\"_blank\"><font color=\"red\">www.facebook.com\/aconteceunovale<\/font><\/a> ou no box abaixo:<\/strong><\/p>\n<div class=\"fb-like\" data-href=\"https:\/\/www.facebook.com\/aconteceunovale\" data-width=\"120\" data-layout=\"standard\" data-action=\"like\" data-size=\"small\" data-show-faces=\"true\" data-share=\"true\"><\/div>\n<p><\/br><\/p>\n<p><em>(Fonte: G1 dos Vales)<\/em><\/p>\n","protected":false},"excerpt":{"rendered":"<p>Para desafogar a demanda no Hospital Municipal e UPA, a Prefeitura de Governador Valadares iniciou nesta quinta-feira (9) o Centro de Atendimento em Arboviroses que atender\u00e1 casos relacionados a dengue, chikungunya e zika. O hor\u00e1rio de atendimento ser\u00e1 das 7h \u00e0s 22h, de segunda a segunda, na Unidade B\u00e1sica de Sa\u00fade do Centro da cidade, [&hellip;]<\/p>\n","protected":false},"author":1,"featured_media":110194,"comment_status":"open","ping_status":"closed","sticky":false,"template":"","format":"standard","meta":{"amp_status":"","footnotes":""},"categories":[121,40242],"tags":[141770,18737,1344,247,35082,141771,67779],"class_list":["post-110193","post","type-post","status-publish","format-standard","has-post-thumbnail","hentry","category-leste","category-saude-2","tag-centro-de-atendimento-em-arboviroses-de-governador-valadares","tag-chikungunya","tag-dengue","tag-governador-valadares","tag-prefeitura-de-governador-valadares","tag-prefeitura-de-governador-valadares-cria-centro-de-atendimento-em-arboviroses","tag-zika"],"_links":{"self":[{"href":"https:\/\/aconteceunovale.com.br\/portal\/index.php?rest_route=\/wp\/v2\/posts\/110193","targetHints":{"allow":["GET"]}}],"collection":[{"href":"https:\/\/aconteceunovale.com.br\/portal\/index.php?rest_route=\/wp\/v2\/posts"}],"about":[{"href":"https:\/\/aconteceunovale.com.br\/portal\/index.php?rest_route=\/wp\/v2\/types\/post"}],"author":[{"embeddable":true,"href":"https:\/\/aconteceunovale.com.br\/portal\/index.php?rest_route=\/wp\/v2\/users\/1"}],"replies":[{"embeddable":true,"href":"https:\/\/aconteceunovale.com.br\/portal\/index.php?rest_route=%2Fwp%2Fv2%2Fcomments&post=110193"}],"version-history":[{"count":0,"href":"https:\/\/aconteceunovale.com.br\/portal\/index.php?rest_route=\/wp\/v2\/posts\/110193\/revisions"}],"wp:featuredmedia":[{"embeddable":true,"href":"https:\/\/aconteceunovale.com.br\/portal\/index.php?rest_route=\/wp\/v2\/media\/110194"}],"wp:attachment":[{"href":"https:\/\/aconteceunovale.com.br\/portal\/index.php?rest_route=%2Fwp%2Fv2%2Fmedia&parent=110193"}],"wp:term":[{"taxonomy":"category","embeddable":true,"href":"https:\/\/aconteceunovale.com.br\/portal\/index.php?rest_route=%2Fwp%2Fv2%2Fcategories&post=110193"},{"taxonomy":"post_tag","embeddable":true,"href":"https:\/\/aconteceunovale.com.br\/portal\/index.php?rest_route=%2Fwp%2Fv2%2Ftags&post=110193"}],"curies":[{"name":"wp","href":"https:\/\/api.w.org\/{rel}","templated":true}]}}