{"id":110190,"date":"2017-03-09T21:52:12","date_gmt":"2017-03-09T23:52:12","guid":{"rendered":"http:\/\/aconteceunovale.com.br\/portal\/?p=110190"},"modified":"2017-03-09T21:52:12","modified_gmt":"2017-03-09T23:52:12","slug":"suspeito-de-assalto-em-sao-pedro-do-suacui-e-preso-com-arma-e-r-17-mil-em-governador-valadares","status":"publish","type":"post","link":"https:\/\/aconteceunovale.com.br\/portal\/?p=110190","title":{"rendered":"Suspeito de assalto em S\u00e3o Pedro do Sua\u00e7u\u00ed \u00e9 preso com arma e R$ 17 mil em Governador Valadares"},"content":{"rendered":"<p>Um jovem de 25 anos foi preso na madrugada desta quinta-feira (9\/3) por porte ilegal de arma de fogo em Governador Valadares, no Vale do Rio Doce. Segundo a Pol\u00edcia Militar (PM), as c\u00e2meras do sistema Olho Vivo localizaram o suspeito armado no Centro, tentando tomar um t\u00e1xi.<\/p>\n<p>Durante a abordagem, os policiais apreenderam um rev\u00f3lver calibre 32, com cinco muni\u00e7\u00f5es, uma bucha de maconha e ainda R$ 17.153,26 em dinheiro. A PM acredita que a quantia seja fruto de um roubo a uma mercearia na cidade de S\u00e3o Pedro do Sua\u00e7u\u00ed na noite do dia anterior. No dia do crime, tr\u00eas indiv\u00edduos renderam o dono do estabelecimento na casa dele, foram at\u00e9 a mercearia e levaram R$ 30 mil em dinheiro e dois cheques no valor de R$ 20 mil que estavam no cofre.<\/p>\n<p>O jovem confessou a posse da arma, alegando ser para a seguran\u00e7a dele, pois estava envolvido com o tr\u00e1fico de drogas e possu\u00eda desafetos, mas n\u00e3o admitiu participa\u00e7\u00e3o no roubo da mercearia. Foi constatado ainda que o suspeito estava em regime fechado at\u00e9 dezembro do ano passado, quando passou para regime de pris\u00e3o domiciliar.<\/p>\n<p>O suspeito foi preso e encaminhado para a Delegacia Civil junto ao material apreendido. Os outros suspeitos que assaltaram a mercearia n\u00e3o foram localizados.<\/p>\n<p><img decoding=\"async\" src=\"http:\/\/aconteceunovale.com.br\/portal\/wp-content\/uploads\/2017\/03\/roubo_gv_sp.jpeg\" alt=\"\" \/><em>Arma e dinheiro apreendidos com o suspeito (Foto: Pol\u00edcia Militar\/Divulga\u00e7\u00e3o)<\/em><br \/>\n<\/br><\/p>\n<p><strong>VER PRIMEIRO<\/strong><\/p>\n<p><strong>Receba as not\u00edcias do Aconteceu no Vale em primeira m\u00e3o. Clique em curtir no endere\u00e7o <a href=\"https:\/\/www.facebook.com\/aconteceunovale\" target=\"_blank\"><font color=\"red\">www.facebook.com\/aconteceunovale<\/font><\/a> ou no box abaixo:<\/strong><\/p>\n<div class=\"fb-like\" data-href=\"https:\/\/www.facebook.com\/aconteceunovale\" data-width=\"120\" data-layout=\"standard\" data-action=\"like\" data-size=\"small\" data-show-faces=\"true\" data-share=\"true\"><\/div>\n<p><\/br><\/p>\n<p><em>(Fonte: G1 dos Vales)<\/em><\/p>\n","protected":false},"excerpt":{"rendered":"<p>Um jovem de 25 anos foi preso na madrugada desta quinta-feira (9\/3) por porte ilegal de arma de fogo em Governador Valadares, no Vale do Rio Doce. Segundo a Pol\u00edcia Militar (PM), as c\u00e2meras do sistema Olho Vivo localizaram o suspeito armado no Centro, tentando tomar um t\u00e1xi. Durante a abordagem, os policiais apreenderam um [&hellip;]<\/p>\n","protected":false},"author":1,"featured_media":110191,"comment_status":"open","ping_status":"closed","sticky":false,"template":"","format":"standard","meta":{"amp_status":"","footnotes":""},"categories":[121],"tags":[133386,141767,141766,247,133385,48037,141768,322,141769],"class_list":["post-110190","post","type-post","status-publish","format-standard","has-post-thumbnail","hentry","category-leste","tag-assaltante-preso-em-governador-valadares","tag-assalto-em-sao-pedro-do-suacui","tag-bandido-preso-em-governador-valadares","tag-governador-valadares","tag-ladrao-preso-em-governador-valadares","tag-preso-em-governador-valadares","tag-roubo-em-sao-pedro-do-suacui","tag-sao-pedro-do-suacui","tag-suspeito-de-assalto-em-sao-pedro-do-suacui-e-preso-com-arma-e-r-17-mil-em-governador-valadares"],"_links":{"self":[{"href":"https:\/\/aconteceunovale.com.br\/portal\/index.php?rest_route=\/wp\/v2\/posts\/110190","targetHints":{"allow":["GET"]}}],"collection":[{"href":"https:\/\/aconteceunovale.com.br\/portal\/index.php?rest_route=\/wp\/v2\/posts"}],"about":[{"href":"https:\/\/aconteceunovale.com.br\/portal\/index.php?rest_route=\/wp\/v2\/types\/post"}],"author":[{"embeddable":true,"href":"https:\/\/aconteceunovale.com.br\/portal\/index.php?rest_route=\/wp\/v2\/users\/1"}],"replies":[{"embeddable":true,"href":"https:\/\/aconteceunovale.com.br\/portal\/index.php?rest_route=%2Fwp%2Fv2%2Fcomments&post=110190"}],"version-history":[{"count":0,"href":"https:\/\/aconteceunovale.com.br\/portal\/index.php?rest_route=\/wp\/v2\/posts\/110190\/revisions"}],"wp:featuredmedia":[{"embeddable":true,"href":"https:\/\/aconteceunovale.com.br\/portal\/index.php?rest_route=\/wp\/v2\/media\/110191"}],"wp:attachment":[{"href":"https:\/\/aconteceunovale.com.br\/portal\/index.php?rest_route=%2Fwp%2Fv2%2Fmedia&parent=110190"}],"wp:term":[{"taxonomy":"category","embeddable":true,"href":"https:\/\/aconteceunovale.com.br\/portal\/index.php?rest_route=%2Fwp%2Fv2%2Fcategories&post=110190"},{"taxonomy":"post_tag","embeddable":true,"href":"https:\/\/aconteceunovale.com.br\/portal\/index.php?rest_route=%2Fwp%2Fv2%2Ftags&post=110190"}],"curies":[{"name":"wp","href":"https:\/\/api.w.org\/{rel}","templated":true}]}}