{"id":110187,"date":"2017-03-09T21:44:05","date_gmt":"2017-03-09T23:44:05","guid":{"rendered":"http:\/\/aconteceunovale.com.br\/portal\/?p=110187"},"modified":"2017-03-09T21:44:05","modified_gmt":"2017-03-09T23:44:05","slug":"homem-e-preso-apos-matar-desafeto-a-facadas-no-municipio-de-jenipapo-de-minas","status":"publish","type":"post","link":"https:\/\/aconteceunovale.com.br\/portal\/?p=110187","title":{"rendered":"Homem \u00e9 preso ap\u00f3s matar desafeto a facadas no munic\u00edpio de Jenipapo de Minas"},"content":{"rendered":"<p>Foi sepultado na manh\u00e3 desta quinta-feira (9), no cemit\u00e9rio de Jenipapo de Minas, no Vale do Jequitinhonha, o corpo do lavrador Odalmo Moreira Caldas, de 42 anos. Ele foi morto a facadas, na noite de ter\u00e7a-feira, ap\u00f3s discuss\u00e3o com outro lavrador, identificado como Jos\u00e9 Janis dos Santos, de 40, que foi preso em flagrante, com a arma do crime, na casa da m\u00e3e.<\/p>\n<p>O crime ocorreu, por volta das 23h15, em um bar onde as v\u00edtimas estavam bebendo, na Comunidade Ribeir\u00e3o do Bosque, zona rural do munic\u00edpio.<\/p>\n<p>De acordo com a ocorr\u00eancia, a v\u00edtima foi socorrida e transferida para o hospital de Ara\u00e7ua\u00ed. O lavrador  passou por uma cirurgia e teve que amputar um dos bra\u00e7os.<\/p>\n<p>Ele foi golpeado com 10 facadas mas n\u00e3o resistiu aos ferimentos e faleceu na madrugada de quarta-feira (8). O corpo foi levado para o IML de Almenara e liberado para a fam\u00edlia, ap\u00f3s exames periciais.<\/p>\n<p>A Pol\u00edcia Militar informou que o autor do crime apresentava sintomas de embriaguez. Ele foi preso e encaminhado para o pres\u00eddio de Capelinha, onde ficar\u00e1 \u00e0 disposi\u00e7\u00e3o da Justi\u00e7a.<\/p>\n<p>Ainda segundo a PM, Jos\u00e9 Janis \u00e9 solteiro e mora com a m\u00e3e, que foi agredida por ele em 2010. O homem chegou a ficar preso por 7 dias e foi liberado para responder pelo crime em liberdade. Se for condenado pelo crime de homic\u00eddio, poder\u00e1 pegar de 12 a 30 anos de pris\u00e3o.<\/p>\n<p><img decoding=\"async\" src=\"http:\/\/aconteceunovale.com.br\/portal\/wp-content\/uploads\/2017\/03\/preso_jenipapo.jpg\" alt=\"\" \/><em>Autor do crime foi preso pela Pol\u00edcia Militar (Foto: Divulga\u00e7\u00e3o\/PM)<\/em><br \/>\n<\/br><\/p>\n<p><strong>VER PRIMEIRO<\/strong><\/p>\n<p><strong>Receba as not\u00edcias do Aconteceu no Vale em primeira m\u00e3o. Clique em curtir no endere\u00e7o <a href=\"https:\/\/www.facebook.com\/aconteceunovale\" target=\"_blank\"><font color=\"red\">www.facebook.com\/aconteceunovale<\/font><\/a> ou no box abaixo:<\/strong><\/p>\n<div class=\"fb-like\" data-href=\"https:\/\/www.facebook.com\/aconteceunovale\" data-width=\"120\" data-layout=\"standard\" data-action=\"like\" data-size=\"small\" data-show-faces=\"true\" data-share=\"true\"><\/div>\n<p><\/br><\/p>\n<p><em>(Fonte: Gazeta de Ara\u00e7ua\u00ed)<\/em><\/p>\n","protected":false},"excerpt":{"rendered":"<p>Foi sepultado na manh\u00e3 desta quinta-feira (9), no cemit\u00e9rio de Jenipapo de Minas, no Vale do Jequitinhonha, o corpo do lavrador Odalmo Moreira Caldas, de 42 anos. Ele foi morto a facadas, na noite de ter\u00e7a-feira, ap\u00f3s discuss\u00e3o com outro lavrador, identificado como Jos\u00e9 Janis dos Santos, de 40, que foi preso em flagrante, com [&hellip;]<\/p>\n","protected":false},"author":1,"featured_media":110188,"comment_status":"open","ping_status":"closed","sticky":false,"template":"","format":"standard","meta":{"amp_status":"","footnotes":""},"categories":[120],"tags":[186,132,141765,96437,1218,141763,141764,68647,141762],"class_list":["post-110187","post","type-post","status-publish","format-standard","has-post-thumbnail","hentry","category-jequi","tag-aracuai","tag-capelinha","tag-homem-e-preso-apos-matar-desafeto-a-facadas-no-municipio-de-jenipapo-de-minas","tag-homicidio-jenipapo-de-minas","tag-jenipapo-de-minas","tag-jose-janis-dos-santos","tag-morte-em-jenipapo-de-minas","tag-morto-em-jenipapo-de-minas","tag-odalmo-moreira-caldas"],"_links":{"self":[{"href":"https:\/\/aconteceunovale.com.br\/portal\/index.php?rest_route=\/wp\/v2\/posts\/110187","targetHints":{"allow":["GET"]}}],"collection":[{"href":"https:\/\/aconteceunovale.com.br\/portal\/index.php?rest_route=\/wp\/v2\/posts"}],"about":[{"href":"https:\/\/aconteceunovale.com.br\/portal\/index.php?rest_route=\/wp\/v2\/types\/post"}],"author":[{"embeddable":true,"href":"https:\/\/aconteceunovale.com.br\/portal\/index.php?rest_route=\/wp\/v2\/users\/1"}],"replies":[{"embeddable":true,"href":"https:\/\/aconteceunovale.com.br\/portal\/index.php?rest_route=%2Fwp%2Fv2%2Fcomments&post=110187"}],"version-history":[{"count":0,"href":"https:\/\/aconteceunovale.com.br\/portal\/index.php?rest_route=\/wp\/v2\/posts\/110187\/revisions"}],"wp:featuredmedia":[{"embeddable":true,"href":"https:\/\/aconteceunovale.com.br\/portal\/index.php?rest_route=\/wp\/v2\/media\/110188"}],"wp:attachment":[{"href":"https:\/\/aconteceunovale.com.br\/portal\/index.php?rest_route=%2Fwp%2Fv2%2Fmedia&parent=110187"}],"wp:term":[{"taxonomy":"category","embeddable":true,"href":"https:\/\/aconteceunovale.com.br\/portal\/index.php?rest_route=%2Fwp%2Fv2%2Fcategories&post=110187"},{"taxonomy":"post_tag","embeddable":true,"href":"https:\/\/aconteceunovale.com.br\/portal\/index.php?rest_route=%2Fwp%2Fv2%2Ftags&post=110187"}],"curies":[{"name":"wp","href":"https:\/\/api.w.org\/{rel}","templated":true}]}}