{"id":110181,"date":"2017-03-09T21:16:05","date_gmt":"2017-03-09T23:16:05","guid":{"rendered":"http:\/\/aconteceunovale.com.br\/portal\/?p=110181"},"modified":"2017-03-09T21:16:05","modified_gmt":"2017-03-09T23:16:05","slug":"suspeitos-de-atirar-em-sargento-da-pm-sao-presos-no-norte-de-minas","status":"publish","type":"post","link":"https:\/\/aconteceunovale.com.br\/portal\/?p=110181","title":{"rendered":"Suspeitos de atirar em sargento da PM s\u00e3o presos no Norte de Minas"},"content":{"rendered":"<p>Quatro suspeitos de integrar a mesma quadrilha de um homem que atirou contra o sargento da Pol\u00edcia Militar (PM) Jo\u00e3o Jos\u00e9 Machado Neto, de 34 anos, na noite do \u00faltimo s\u00e1bado (4), em Ja\u00edba, no Norte de Minas, foram presos pela Pol\u00edcia Civil em Manga, na mesma regi\u00e3o do Estado, na tarde desta quinta-feira (9). Eles estavam escondidos em um matagal na cidade.<\/p>\n<p>Os suspeitos foram localizados em uma opera\u00e7\u00e3o conjunta entre policiais de Ja\u00edba e Manga. O respons\u00e1vel pelo disparo n\u00e3o foi encontrado com o grupo. Segundo a Pol\u00edcia Civil, o homem foragido seria o l\u00edder da gangue conhecida como &#8220;Linha 1&#8221;. Os quatro presos estariam com ele na noite em que o crime ocorreu.<\/p>\n<p>De acordo com a PM de Ja\u00edba, o sargento continua internado em estado grave em um hospital em Montes Claros. Ele foi baleado na cabe\u00e7a durante uma abordagem na noite de s\u00e1bado.<\/p>\n<p>No momento do crime, o sargento estava acompanhado de outros policiais ao buscar por um homem com mandado de pris\u00e3o em aberto. No local, um dos integrantes da quadrilha atirou na cabe\u00e7a do militar. Todos eles conseguiram fugir ap\u00f3s o disparo.<\/p>\n<p><img decoding=\"async\" src=\"http:\/\/aconteceunovale.com.br\/portal\/wp-content\/uploads\/2017\/03\/presos_manga_jaiba.jpg\" alt=\"\" \/><em>Presos em Manga n\u00e3o tiveram nome e idade divulgados (Foto: Pol\u00edcia Civil\/Divulga\u00e7\u00e3o)<\/em><br \/>\n<\/br><\/p>\n<p><strong>VER PRIMEIRO<\/strong><\/p>\n<p><strong>Receba as not\u00edcias do Aconteceu no Vale em primeira m\u00e3o. Clique em curtir no endere\u00e7o <a href=\"https:\/\/www.facebook.com\/aconteceunovale\" target=\"_blank\"><font color=\"red\">www.facebook.com\/aconteceunovale<\/font><\/a> ou no box abaixo:<\/strong><\/p>\n<div class=\"fb-like\" data-href=\"https:\/\/www.facebook.com\/aconteceunovale\" data-width=\"120\" data-layout=\"standard\" data-action=\"like\" data-size=\"small\" data-show-faces=\"true\" data-share=\"true\"><\/div>\n<p><\/br><\/p>\n<p><em>(Fonte: O Tempo\/Ailton do Vale)<\/em><\/p>\n","protected":false},"excerpt":{"rendered":"<p>Quatro suspeitos de integrar a mesma quadrilha de um homem que atirou contra o sargento da Pol\u00edcia Militar (PM) Jo\u00e3o Jos\u00e9 Machado Neto, de 34 anos, na noite do \u00faltimo s\u00e1bado (4), em Ja\u00edba, no Norte de Minas, foram presos pela Pol\u00edcia Civil em Manga, na mesma regi\u00e3o do Estado, na tarde desta quinta-feira (9). [&hellip;]<\/p>\n","protected":false},"author":1,"featured_media":110182,"comment_status":"open","ping_status":"closed","sticky":false,"template":"","format":"standard","meta":{"amp_status":"","footnotes":""},"categories":[1236],"tags":[1058,204,141208,1356,141206,210,141410,141409,141204,141205,141207,141209,141761,221],"class_list":["post-110181","post","type-post","status-publish","format-standard","has-post-thumbnail","hentry","category-norte_de_minas","tag-jaiba","tag-janauba","tag-joao-jose-machado-neto","tag-manga","tag-militar-baleado-em-jaiba","tag-montes-claros","tag-operacao-busca-criminosos-que-balearam-policial-militar-em-jaiba","tag-operacao-busca-criminosos-que-balearam-policial-militar-no-norte-de-minas","tag-pm-baleado-em-jaiba","tag-policial-baleado-em-jaiba","tag-policial-militar-e-baleado-na-cabeca-durante-ocorrencia-em-jaiba","tag-sargento-joao-jose-machado-neto","tag-suspeitos-de-atirar-em-sargento-da-pm-sao-presos-no-norte-de-minas","tag-uberlandia"],"_links":{"self":[{"href":"https:\/\/aconteceunovale.com.br\/portal\/index.php?rest_route=\/wp\/v2\/posts\/110181","targetHints":{"allow":["GET"]}}],"collection":[{"href":"https:\/\/aconteceunovale.com.br\/portal\/index.php?rest_route=\/wp\/v2\/posts"}],"about":[{"href":"https:\/\/aconteceunovale.com.br\/portal\/index.php?rest_route=\/wp\/v2\/types\/post"}],"author":[{"embeddable":true,"href":"https:\/\/aconteceunovale.com.br\/portal\/index.php?rest_route=\/wp\/v2\/users\/1"}],"replies":[{"embeddable":true,"href":"https:\/\/aconteceunovale.com.br\/portal\/index.php?rest_route=%2Fwp%2Fv2%2Fcomments&post=110181"}],"version-history":[{"count":0,"href":"https:\/\/aconteceunovale.com.br\/portal\/index.php?rest_route=\/wp\/v2\/posts\/110181\/revisions"}],"wp:featuredmedia":[{"embeddable":true,"href":"https:\/\/aconteceunovale.com.br\/portal\/index.php?rest_route=\/wp\/v2\/media\/110182"}],"wp:attachment":[{"href":"https:\/\/aconteceunovale.com.br\/portal\/index.php?rest_route=%2Fwp%2Fv2%2Fmedia&parent=110181"}],"wp:term":[{"taxonomy":"category","embeddable":true,"href":"https:\/\/aconteceunovale.com.br\/portal\/index.php?rest_route=%2Fwp%2Fv2%2Fcategories&post=110181"},{"taxonomy":"post_tag","embeddable":true,"href":"https:\/\/aconteceunovale.com.br\/portal\/index.php?rest_route=%2Fwp%2Fv2%2Ftags&post=110181"}],"curies":[{"name":"wp","href":"https:\/\/api.w.org\/{rel}","templated":true}]}}