{"id":110178,"date":"2017-03-09T21:09:56","date_gmt":"2017-03-09T23:09:56","guid":{"rendered":"http:\/\/aconteceunovale.com.br\/portal\/?p=110178"},"modified":"2017-03-09T21:09:56","modified_gmt":"2017-03-09T23:09:56","slug":"operacao-apreende-r-150-mil-em-cabelo-contrabandeado-em-belo-horizonte","status":"publish","type":"post","link":"https:\/\/aconteceunovale.com.br\/portal\/?p=110178","title":{"rendered":"Opera\u00e7\u00e3o apreende R$ 150 mil em cabelo contrabandeado em Belo Horizonte"},"content":{"rendered":"<p>Chamada de Opera\u00e7\u00e3o Bonita, campanha da Receita Federal apreendeu mais de R$ 150 mil em cabelos contrabandeados que eram comercializados na Galeria do Ouvidor, no Centro de Belo Horizonte. A opera\u00e7\u00e3o, que aconteceu ontem (8), \u00e9 a segunda do g\u00eanero em dois anos.<\/p>\n<p>Com apoio da Pol\u00edcia Militar, os agentes federais visitaram 15 estabelecimentos comerciais. Deles, apenas dois n\u00e3o foram autuados. De acordo com Leonardo Martins, diretor da Divis\u00e3o de Repress\u00e3o ao Contrabando e Descaminho (Direp), foram apreendidos 30 sacos de rafia cheios de mechas de cabelos. O material, que teria origem em pa\u00edses como a China e \u00cdndia, tem valor de mercado estimado entre R$ 150 mil e R$ 200 mil.<\/p>\n<p>Martins explica que os comerciantes foram autuados e as den\u00fancias ser\u00e3o encaminhadas ao Minist\u00e9rio P\u00fablico Federal. Os implicados pela a\u00e7\u00e3o ir\u00e3o responder a processo e podem ser condenados a at\u00e9 cinco anos de reclus\u00e3o.<\/p>\n<p>Al\u00e9m disso, &#8220;as lojas podem ser representadas junto \u00e0 prefeitura, correndo o risco de ter seu alvar\u00e1 cassado&#8221;, explica. Os envolvidos tamb\u00e9m podem perder a condi\u00e7\u00e3o de optante do Simples Nacional, caso estejam enquadrados nesta condi\u00e7\u00e3o tribut\u00e1ria. <\/p>\n<p><strong>Reincid\u00eancia<\/strong><\/p>\n<p>Martins informou que, em 2015, uma opera\u00e7\u00e3o do g\u00eanero j\u00e1 havia resultado na apreens\u00e3o de cabelos na Galeria do Ouvidor. De acordo com o diretor do Direp, agentes notaram que o com\u00e9rcio irregular voltou a ser realizado no local, o que levou a nova opera\u00e7\u00e3o. &#8220;Estamos em constante monitoramento dessas pr\u00e1ticas&#8221;, afirma.<\/p>\n<p><img decoding=\"async\" src=\"http:\/\/aconteceunovale.com.br\/portal\/wp-content\/uploads\/2017\/03\/apreensao_de_cabelo_bh.jpg\" alt=\"\" \/><em>Valor da apreens\u00e3o \u00e9 superior a R$ 150 mil (Foto: Divulga\u00e7\u00e3o\/Receita Federal)<\/em><br \/>\n<\/br><\/p>\n<p><strong>VER PRIMEIRO<\/strong><\/p>\n<p><strong>Receba as not\u00edcias do Aconteceu no Vale em primeira m\u00e3o. Clique em curtir no endere\u00e7o <a href=\"https:\/\/www.facebook.com\/aconteceunovale\" target=\"_blank\"><font color=\"red\">www.facebook.com\/aconteceunovale<\/font><\/a> ou no box abaixo:<\/strong><\/p>\n<div class=\"fb-like\" data-href=\"https:\/\/www.facebook.com\/aconteceunovale\" data-width=\"120\" data-layout=\"standard\" data-action=\"like\" data-size=\"small\" data-show-faces=\"true\" data-share=\"true\"><\/div>\n<p><\/br><\/p>\n<p><em>(Fonte: O Tempo\/Alex Bessas)<\/em><\/p>\n","protected":false},"excerpt":{"rendered":"<p>Chamada de Opera\u00e7\u00e3o Bonita, campanha da Receita Federal apreendeu mais de R$ 150 mil em cabelos contrabandeados que eram comercializados na Galeria do Ouvidor, no Centro de Belo Horizonte. A opera\u00e7\u00e3o, que aconteceu ontem (8), \u00e9 a segunda do g\u00eanero em dois anos. Com apoio da Pol\u00edcia Militar, os agentes federais visitaram 15 estabelecimentos comerciais. [&hellip;]<\/p>\n","protected":false},"author":1,"featured_media":110179,"comment_status":"open","ping_status":"closed","sticky":false,"template":"","format":"standard","meta":{"amp_status":"","footnotes":""},"categories":[123],"tags":[141753,194,1017,141759,141758,141755,141757,141760,141754,141756],"class_list":["post-110178","post","type-post","status-publish","format-standard","has-post-thumbnail","hentry","category-gerais","tag-apreensao-de-cabelo-em-bh","tag-belo-horizonte","tag-bh","tag-direp","tag-diretor-da-divisao-de-repressao-ao-contrabando-e-descaminho","tag-galeria-do-ouvidor","tag-leonardo-martins","tag-operacao-apreende-r-150-mil-em-cabelo-contrabandeado-em-belo-horizonte","tag-operacao-bonita","tag-r-150-mil-em-cabelos-contrabandeados-que-eram-comercializados-na-galeria-do-ouvidor"],"_links":{"self":[{"href":"https:\/\/aconteceunovale.com.br\/portal\/index.php?rest_route=\/wp\/v2\/posts\/110178","targetHints":{"allow":["GET"]}}],"collection":[{"href":"https:\/\/aconteceunovale.com.br\/portal\/index.php?rest_route=\/wp\/v2\/posts"}],"about":[{"href":"https:\/\/aconteceunovale.com.br\/portal\/index.php?rest_route=\/wp\/v2\/types\/post"}],"author":[{"embeddable":true,"href":"https:\/\/aconteceunovale.com.br\/portal\/index.php?rest_route=\/wp\/v2\/users\/1"}],"replies":[{"embeddable":true,"href":"https:\/\/aconteceunovale.com.br\/portal\/index.php?rest_route=%2Fwp%2Fv2%2Fcomments&post=110178"}],"version-history":[{"count":0,"href":"https:\/\/aconteceunovale.com.br\/portal\/index.php?rest_route=\/wp\/v2\/posts\/110178\/revisions"}],"wp:featuredmedia":[{"embeddable":true,"href":"https:\/\/aconteceunovale.com.br\/portal\/index.php?rest_route=\/wp\/v2\/media\/110179"}],"wp:attachment":[{"href":"https:\/\/aconteceunovale.com.br\/portal\/index.php?rest_route=%2Fwp%2Fv2%2Fmedia&parent=110178"}],"wp:term":[{"taxonomy":"category","embeddable":true,"href":"https:\/\/aconteceunovale.com.br\/portal\/index.php?rest_route=%2Fwp%2Fv2%2Fcategories&post=110178"},{"taxonomy":"post_tag","embeddable":true,"href":"https:\/\/aconteceunovale.com.br\/portal\/index.php?rest_route=%2Fwp%2Fv2%2Ftags&post=110178"}],"curies":[{"name":"wp","href":"https:\/\/api.w.org\/{rel}","templated":true}]}}