{"id":110175,"date":"2017-03-09T21:00:37","date_gmt":"2017-03-09T23:00:37","guid":{"rendered":"http:\/\/aconteceunovale.com.br\/portal\/?p=110175"},"modified":"2017-03-09T21:00:37","modified_gmt":"2017-03-09T23:00:37","slug":"ex-jogador-do-democrata-de-governador-valadares-e-preso-por-roubo-de-moto","status":"publish","type":"post","link":"https:\/\/aconteceunovale.com.br\/portal\/?p=110175","title":{"rendered":"Ex-jogador do Democrata de Governador Valadares \u00e9 preso por roubo de moto"},"content":{"rendered":"<p>Um ex-jogador de futebol do Esporte Clube Democrata, de Governador Valadares, na regi\u00e3o do Rio Doce, foi preso, na noite dessa quarta-feira (8\/3), por roubo a m\u00e3o armada. Mauro L\u00facio Dias, 39, foi detido no munic\u00edpio de Alpercata, cidade vizinha.<\/p>\n<p>A v\u00edtima, de 28 anos, contou \u00e0 Pol\u00edcia Militar (PM) que estava sentado no banco da moto de um amigo, na rua Tr\u00eas, no bairro JK II, quando dois homens em uma motocicleta se aproximaram. O garupa, usando capacete, desceu do ve\u00edculo, sacou uma arma e mandou que fosse entregue a chave da moto. A v\u00edtima seguiu o que ele disse e tamb\u00e9m teve um capacete roubado. Os dois homens fugiram, sentido BR-116.<\/p>\n<p>Com as caracter\u00edsticas dos suspeitos, a PM iniciou as buscas. Os policiais de Alpercata tamb\u00e9m foram acionados e encontraram os suspeitos na rodovia. Eles foram perseguidos e, com ajuda de mais policiais, foram abordados.<\/p>\n<p>Dias estava na moto roubada e tentou se livrar de um rev\u00f3lver calibre 38. O comparsa dele conseguiu fugir. Ele passou a identifica\u00e7\u00e3o do homem para a PM, que ainda n\u00e3o o localizou.<\/p>\n<p>Ap\u00f3s receber atendimento m\u00e9dico, Dias foi encaminhado para uma delegacia. A v\u00edtima o reconheceu por foto.<\/p>\n<p><strong>Meio Campo<\/strong><\/p>\n<p>Mauro L\u00facio Dias, no meio do futebol conhecido como Mauro Dias, foi meio campo do Democrata em meados de 1990. <\/p>\n<p>Ex-atletas e torcedores mais antigos est\u00e3o chocados com a hist\u00f3ria, segundo a assessoria do Democrata. Algumas pessoas na cidade est\u00e3o se organizando para contratar um advogado para cuidador do caso de Dias.<\/p>\n<p><img decoding=\"async\" src=\"http:\/\/aconteceunovale.com.br\/portal\/wp-content\/uploads\/2017\/03\/jogador_preso.jpg\" alt=\"\" \/><em>Ex-jogador foi preso por roubo a m\u00e3o armada (Foto: Reprodu\u00e7\u00e3o\/Caso de Pol\u00edcia)<\/em><br \/>\n<\/br><\/p>\n<p><strong>VER PRIMEIRO<\/strong><\/p>\n<p><strong>Receba as not\u00edcias do Aconteceu no Vale em primeira m\u00e3o. Clique em curtir no endere\u00e7o <a href=\"https:\/\/www.facebook.com\/aconteceunovale\" target=\"_blank\"><font color=\"red\">www.facebook.com\/aconteceunovale<\/font><\/a> ou no box abaixo:<\/strong><\/p>\n<div class=\"fb-like\" data-href=\"https:\/\/www.facebook.com\/aconteceunovale\" data-width=\"120\" data-layout=\"standard\" data-action=\"like\" data-size=\"small\" data-show-faces=\"true\" data-share=\"true\"><\/div>\n<p><\/br><\/p>\n<p><em>(Fonte: O Tempo \/ Fernanda Viegas)<\/em><\/p>\n","protected":false},"excerpt":{"rendered":"<p>Um ex-jogador de futebol do Esporte Clube Democrata, de Governador Valadares, na regi\u00e3o do Rio Doce, foi preso, na noite dessa quarta-feira (8\/3), por roubo a m\u00e3o armada. Mauro L\u00facio Dias, 39, foi detido no munic\u00edpio de Alpercata, cidade vizinha. A v\u00edtima, de 28 anos, contou \u00e0 Pol\u00edcia Militar (PM) que estava sentado no banco [&hellip;]<\/p>\n","protected":false},"author":1,"featured_media":110176,"comment_status":"open","ping_status":"closed","sticky":false,"template":"","format":"standard","meta":{"amp_status":"","footnotes":""},"categories":[59,121],"tags":[274,4376,4369,100190,141749,141748,141747,247,141752,141751,141750],"class_list":["post-110175","post","type-post","status-publish","format-standard","has-post-thumbnail","hentry","category-sports","category-leste","tag-alpercata","tag-democrata","tag-democrata-de-governador-valadares","tag-esporte-clube-democrata","tag-ex-jogador-do-democrata-de-governador-valadares","tag-ex-jogador-do-democrata-de-governador-valadares-e-preso","tag-ex-jogador-do-democrata-de-governador-valadares-e-preso-por-roubo-de-moto","tag-governador-valadares","tag-mauro-dias","tag-mauro-lucio-dias","tag-prisao-de-ex-jogador-do-democrata-de-governador-valadares"],"_links":{"self":[{"href":"https:\/\/aconteceunovale.com.br\/portal\/index.php?rest_route=\/wp\/v2\/posts\/110175","targetHints":{"allow":["GET"]}}],"collection":[{"href":"https:\/\/aconteceunovale.com.br\/portal\/index.php?rest_route=\/wp\/v2\/posts"}],"about":[{"href":"https:\/\/aconteceunovale.com.br\/portal\/index.php?rest_route=\/wp\/v2\/types\/post"}],"author":[{"embeddable":true,"href":"https:\/\/aconteceunovale.com.br\/portal\/index.php?rest_route=\/wp\/v2\/users\/1"}],"replies":[{"embeddable":true,"href":"https:\/\/aconteceunovale.com.br\/portal\/index.php?rest_route=%2Fwp%2Fv2%2Fcomments&post=110175"}],"version-history":[{"count":0,"href":"https:\/\/aconteceunovale.com.br\/portal\/index.php?rest_route=\/wp\/v2\/posts\/110175\/revisions"}],"wp:featuredmedia":[{"embeddable":true,"href":"https:\/\/aconteceunovale.com.br\/portal\/index.php?rest_route=\/wp\/v2\/media\/110176"}],"wp:attachment":[{"href":"https:\/\/aconteceunovale.com.br\/portal\/index.php?rest_route=%2Fwp%2Fv2%2Fmedia&parent=110175"}],"wp:term":[{"taxonomy":"category","embeddable":true,"href":"https:\/\/aconteceunovale.com.br\/portal\/index.php?rest_route=%2Fwp%2Fv2%2Fcategories&post=110175"},{"taxonomy":"post_tag","embeddable":true,"href":"https:\/\/aconteceunovale.com.br\/portal\/index.php?rest_route=%2Fwp%2Fv2%2Ftags&post=110175"}],"curies":[{"name":"wp","href":"https:\/\/api.w.org\/{rel}","templated":true}]}}