{"id":110171,"date":"2017-03-09T20:46:32","date_gmt":"2017-03-09T22:46:32","guid":{"rendered":"http:\/\/aconteceunovale.com.br\/portal\/?p=110171"},"modified":"2017-03-09T20:46:32","modified_gmt":"2017-03-09T22:46:32","slug":"homem-esfaqueia-irmao-em-minas-apos-ser-criticado-por-ter-orgao-genital-pequeno","status":"publish","type":"post","link":"https:\/\/aconteceunovale.com.br\/portal\/?p=110171","title":{"rendered":"Homem esfaqueia irm\u00e3o em Minas ap\u00f3s ser criticado por ter \u00f3rg\u00e3o genital pequeno"},"content":{"rendered":"<p>A Pol\u00edcia Civil vai ouvir nos pr\u00f3ximos dias um homem de 56 anos que foi esfaqueado pelo irm\u00e3o, de 48, em Uberl\u00e2ndia, na Regi\u00e3o do Tri\u00e2ngulo Mineiro. Em depoimento, o agressor, que foi preso, alegou que cometeu o crime porque a v\u00edtima o ridicularizou, afirmando que ele tem o \u00f3rg\u00e3o genital pequeno e que por isso n\u00e3o conseguiria se casar. O ferido segue internado no hospital da cidade.<\/p>\n<p>A tentativa de homic\u00eddio ocorreu nesta ter\u00e7a-feira, no Bairro Nossa Senhora Aparecida. Os dois irm\u00e3os estavam na porta de uma casa quando come\u00e7aram a discutir. Na briga, o mais novo pegou uma faca e desferiu v\u00e1rios golpes na v\u00edtima, que foi ferida no pesco\u00e7o, ombro e abd\u00f4men. Ele foi socorrido pelo Corpo de Bombeiros e encaminhado para o Hospital de Cl\u00ednicas da Universidade Federal de Uberl\u00e2ndia (HC-UFU), onde segue internado. <\/p>\n<p>Depois do crime, o agressor fugiu. Ele acabou preso em flagrante pela Pol\u00edcia Militar (PM) no Bairro Brasil. Segundo a Pol\u00edcia Civil, na delegacia o homem confessou o ataque. Em depoimento, disse que j\u00e1 tinha uma desaven\u00e7a antiga com o irm\u00e3o. O motivo, segundo ele, \u00e9 que o irm\u00e3o o ironizava, dizendo que, por ter o \u00f3rg\u00e3o genital pequeno, n\u00e3o conseguiria se casar. <\/p>\n<p>Nesta ter\u00e7a-feira, a discuss\u00e3o come\u00e7ou depois que o irm\u00e3o mais novo fundiu o motor da moto do mais velho. A pol\u00edcia aguarda a conclus\u00e3o dos laudos de corpo de delito e da per\u00edcia do local do crime.<\/p>\n<p><strong>VER PRIMEIRO<\/strong><\/p>\n<p><strong>Receba as not\u00edcias do Aconteceu no Vale em primeira m\u00e3o. Clique em curtir no endere\u00e7o <a href=\"https:\/\/www.facebook.com\/aconteceunovale\" target=\"_blank\"><font color=\"red\">www.facebook.com\/aconteceunovale<\/font><\/a> ou no box abaixo:<\/strong><\/p>\n<div class=\"fb-like\" data-href=\"https:\/\/www.facebook.com\/aconteceunovale\" data-width=\"120\" data-layout=\"standard\" data-action=\"like\" data-size=\"small\" data-show-faces=\"true\" data-share=\"true\"><\/div>\n<p><\/br><\/p>\n<p><em>(Fonte: Estado de Minas)<\/em><\/p>\n","protected":false},"excerpt":{"rendered":"<p>A Pol\u00edcia Civil vai ouvir nos pr\u00f3ximos dias um homem de 56 anos que foi esfaqueado pelo irm\u00e3o, de 48, em Uberl\u00e2ndia, na Regi\u00e3o do Tri\u00e2ngulo Mineiro. Em depoimento, o agressor, que foi preso, alegou que cometeu o crime porque a v\u00edtima o ridicularizou, afirmando que ele tem o \u00f3rg\u00e3o genital pequeno e que por [&hellip;]<\/p>\n","protected":false},"author":1,"featured_media":71442,"comment_status":"open","ping_status":"closed","sticky":false,"template":"","format":"standard","meta":{"amp_status":"","footnotes":""},"categories":[123],"tags":[141746,141745,141744,70777,141743,70776,221],"class_list":["post-110171","post","type-post","status-publish","format-standard","has-post-thumbnail","hentry","category-gerais","tag-briga-em-uberlandia","tag-esfaqueado-em-uberlandia","tag-esfaqueado-em-uberlandia-por-ter-orgao-sexual-pequeno","tag-hc-ufu","tag-homem-esfaqueia-irmao-em-minas-apos-ser-criticado-por-ter-orgao-genital-pequeno","tag-hospital-de-clinicas-da-universidade-federal-de-uberlandia","tag-uberlandia"],"_links":{"self":[{"href":"https:\/\/aconteceunovale.com.br\/portal\/index.php?rest_route=\/wp\/v2\/posts\/110171","targetHints":{"allow":["GET"]}}],"collection":[{"href":"https:\/\/aconteceunovale.com.br\/portal\/index.php?rest_route=\/wp\/v2\/posts"}],"about":[{"href":"https:\/\/aconteceunovale.com.br\/portal\/index.php?rest_route=\/wp\/v2\/types\/post"}],"author":[{"embeddable":true,"href":"https:\/\/aconteceunovale.com.br\/portal\/index.php?rest_route=\/wp\/v2\/users\/1"}],"replies":[{"embeddable":true,"href":"https:\/\/aconteceunovale.com.br\/portal\/index.php?rest_route=%2Fwp%2Fv2%2Fcomments&post=110171"}],"version-history":[{"count":0,"href":"https:\/\/aconteceunovale.com.br\/portal\/index.php?rest_route=\/wp\/v2\/posts\/110171\/revisions"}],"wp:featuredmedia":[{"embeddable":true,"href":"https:\/\/aconteceunovale.com.br\/portal\/index.php?rest_route=\/wp\/v2\/media\/71442"}],"wp:attachment":[{"href":"https:\/\/aconteceunovale.com.br\/portal\/index.php?rest_route=%2Fwp%2Fv2%2Fmedia&parent=110171"}],"wp:term":[{"taxonomy":"category","embeddable":true,"href":"https:\/\/aconteceunovale.com.br\/portal\/index.php?rest_route=%2Fwp%2Fv2%2Fcategories&post=110171"},{"taxonomy":"post_tag","embeddable":true,"href":"https:\/\/aconteceunovale.com.br\/portal\/index.php?rest_route=%2Fwp%2Fv2%2Ftags&post=110171"}],"curies":[{"name":"wp","href":"https:\/\/api.w.org\/{rel}","templated":true}]}}