{"id":110169,"date":"2017-03-09T20:28:43","date_gmt":"2017-03-09T22:28:43","guid":{"rendered":"http:\/\/aconteceunovale.com.br\/portal\/?p=110169"},"modified":"2017-03-09T20:28:43","modified_gmt":"2017-03-09T22:28:43","slug":"direto-de-brasilia-coluna-jerusia-arruda-11","status":"publish","type":"post","link":"https:\/\/aconteceunovale.com.br\/portal\/?p=110169","title":{"rendered":"Direto de Bras\u00edlia \u2013 Coluna Jer\u00fasia Arruda"},"content":{"rendered":"<p><center><img decoding=\"async\" src=\"http:\/\/aconteceunovale.com.br\/portal\/wp-content\/uploads\/2017\/01\/jerusia_arruda.jpg\" alt=\"\" \/><a href=\"https:\/\/www.facebook.com\/jerusia.arruda\" target=\"_blank\">JER\u00daSIA ARRUDA &#8211; <font color=\"blue\">www.facebook.com\/jerusia.arruda<\/font><\/a><\/center><br \/>\n<\/br><\/p>\n<p><strong>SOB PROTESTO<\/strong><br \/>\nNo Distrito Federal, o Dia Internacional da Mulher, comemorado nesta quarta-feira (8), foi marcado por manifesta\u00e7\u00f5es pelo direito das mulheres, na Esplanada dos Minist\u00e9rios. Segundo dados da Pol\u00edcia Militar, cerca de 5 mil pessoas, entre feministas e movimentos sindicais, se reuniram para protestar contra a desigualdade de g\u00eanero e outras demandas da milit\u00e2ncia, como a legaliza\u00e7\u00e3o do aborto, o racismo contra mulheres negras e a cultura do estupro.<\/p>\n<p><strong>CONTA DE LUZ MAIS CARA<\/strong><br \/>\nCostumam-se dizer que no Brasil o ano come\u00e7a mesmo somente depois do Carnaval. Coincid\u00eancia ou n\u00e3o, a verdade \u00e9 que essa semana come\u00e7ou a todo vapor, com not\u00edcias nem sempre animadoras. Uma delas foi o an\u00fancio do Governo Federal de que a conta de luz vai ficar mais cara para garantir o pagamento das d\u00edvidas da Eletrobras com a Petrobras pelo fornecimento de combust\u00edvel a usinas de gera\u00e7\u00e3o. Com a medida, aprovada na \u00faltima ter\u00e7a-feira pela diretoria da Ag\u00eancia Nacional de Energia El\u00e9trica (Aneel), o consumidor vai arcar com mais essa conta porque os repasses ser\u00e3o feitos pela Conta de Desenvolvimento Energ\u00e9tico, que \u00e9 abastecida com um encargo cobrado nas contas de luz. A previs\u00e3o \u00e9 de inclus\u00e3o de R$1,1 bilh\u00e3o no or\u00e7amento de um fundo do setor el\u00e9trico em 2017. <\/p>\n<p><strong>MINISTRO OTIMISTA<\/strong><br \/>\nEnquanto o cidad\u00e3o brasileiro sofre para honrar o pagamento dos altos tributos que lhe s\u00e3o impostos pelo Governo, o ministro da Fazenda, Henrique Meirelles, diz que a economia brasileira tem motivos para comemorar. Na abertura da reuni\u00e3o do Conselh\u00e3o, no Pal\u00e1cio do Planalto, na ter\u00e7a-feira, Meireles comentou sobre a queda de 3,6% do Produto Interno Bruto (PIB), divulgada na mesma ter\u00e7a-feira, e disse que os dados mostram a economia pelo espelho retrovisor. Segundo o ministro, o aumento das vendas nos supermercados e de emplacamento de ve\u00edculos, e a circula\u00e7\u00e3o de ve\u00edculos leves nas estradas s\u00e3o exemplos de retomada da atividade econ\u00f4mica cujos resultados aparecer\u00e3o l\u00e1 na frente. <\/p>\n<p><strong>CORRUPTO CONTUMAZ<\/strong><br \/>\nNem mesmo a pris\u00e3o foi suficiente para conter o ex-ministro-chefe da Casa Civil do governo de Luiz In\u00e1cio Lula da Silva, Jos\u00e9 Dirceu, de cometer crimes de corrup\u00e7\u00e3o. A afirma\u00e7\u00e3o \u00e9 do juiz S\u00e9rgio Moro, que, nesta quarta-feira, condenou o ex-ministro pelos crimes de corrup\u00e7\u00e3o passiva e lavagem de dinheiro. Ele recebeu pena de 11 anos e tr\u00eas meses de reclus\u00e3o. Esta \u00e9 a segunda senten\u00e7a de Dirceu na Lava Jato. No ano passado, ele foi condenado a 20 anos e 10 meses de pris\u00e3o. Atualmente, o ex-ministro cumpre pena no Paran\u00e1 pelo esc\u00e2ndalo do mensal\u00e3o. Na senten\u00e7a, Moro afirma que o ex-ministro praticou o crime &#8220;inclusive enquanto estava sendo processado e julgado pelo Plen\u00e1rio do Supremo Tribunal Federal\u201d.<\/p>\n<p><strong>RESTITUI\u00c7\u00c3O DE IR<\/strong><br \/>\nA Receita Federal liberou a consulta a mais um lote de restitui\u00e7\u00f5es do Imposto de Renda de 2008 a 2016 que ca\u00edram na malha fina e foram regularizadas. As restitui\u00e7\u00f5es totalizam R$ 281,5 milh\u00f5es e devem ser pagas na pr\u00f3xima quarta-feira (15). O dinheiro \u00e9 depositado na conta indicada pelo contribuinte em sua declara\u00e7\u00e3o.<\/p>\n<p><strong>NOVA DEFINI\u00c7\u00c3O DE FAM\u00cdLIA <\/strong><br \/>\nA Comiss\u00e3o de Constitui\u00e7\u00e3o, Justi\u00e7a e Cidadania do Senado (CCJ) aprovou nesta quarta-feira o projeto de lei que permite a uni\u00e3o est\u00e1vel entre pessoas do mesmo sexo e que possibilita a convers\u00e3o dessa uni\u00e3o em casamento. O texto pode ser encaminhado para vota\u00e7\u00e3o na C\u00e2mara desde que n\u00e3o haja pedido de recurso para vota\u00e7\u00e3o no plen\u00e1rio do Senado nos pr\u00f3ximos cinco dias. Se aprovado e sancionado, o projeto de lei altera a defini\u00e7\u00e3o de fam\u00edlia estabelecendo que a entidade familiar seria &#8220;a uni\u00e3o est\u00e1vel entre duas pessoas&#8221;. Atualmente, o C\u00f3digo Civil reconhece como entidade familiar \u201ca uni\u00e3o est\u00e1vel entre o homem e a mulher\u201d.<\/p>\n<p><strong>GREVE ANUNCIADA<\/strong><br \/>\nPais e alunos da rede p\u00fablica de ensino do DF est\u00e3o apreensivos com o an\u00fancio de greve dos professores, prevista para iniciar no pr\u00f3ximo dia 15. Nesta quarta-feira, professores e educadores educacionais realizaram uma assembleia-geral no estacionamento do Teatro Nacional e referendaram a ades\u00e3o \u00e0 greve geral. A categoria protesta contra a reforma da Previd\u00eancia e as pol\u00edticas antipopulares que diz que est\u00e3o sendo implantadas pelo GDF.<\/p>\n<p><strong>VER PRIMEIRO<\/strong><\/p>\n<p><strong>Receba as not\u00edcias do Aconteceu no Vale em primeira m\u00e3o. Clique em curtir no endere\u00e7o <a href=\"https:\/\/www.facebook.com\/aconteceunovale\" target=\"_blank\"><font color=\"red\">www.facebook.com\/aconteceunovale<\/font><\/a> ou no box abaixo:<\/strong><\/p>\n<div class=\"fb-like\" data-href=\"https:\/\/www.facebook.com\/aconteceunovale\" data-width=\"120\" data-layout=\"standard\" data-action=\"like\" data-size=\"small\" data-show-faces=\"true\" data-share=\"true\"><\/div>\n<p><\/br><\/p>\n","protected":false},"excerpt":{"rendered":"<p>JER\u00daSIA ARRUDA &#8211; www.facebook.com\/jerusia.arruda SOB PROTESTO No Distrito Federal, o Dia Internacional da Mulher, comemorado nesta quarta-feira (8), foi marcado por manifesta\u00e7\u00f5es pelo direito das mulheres, na Esplanada dos Minist\u00e9rios. Segundo dados da Pol\u00edcia Militar, cerca de 5 mil pessoas, entre feministas e movimentos sindicais, se reuniram para protestar contra a desigualdade de g\u00eanero e [&hellip;]<\/p>\n","protected":false},"author":1,"featured_media":106574,"comment_status":"open","ping_status":"closed","sticky":false,"template":"","format":"standard","meta":{"amp_status":"","footnotes":""},"categories":[4927],"tags":[4606,135443,135343,135442,137424,139963,206036],"class_list":["post-110169","post","type-post","status-publish","format-standard","has-post-thumbnail","hentry","category-colunistas","tag-brasilia","tag-coluna-direto-de-brasilia","tag-coluna-jerusia-arruda","tag-direto-de-brasilia","tag-direto-de-brasilia-jerusia-arruda","tag-direto-de-brasilia-coluna-jerusia-arruda","tag-jerusia-arruda"],"_links":{"self":[{"href":"https:\/\/aconteceunovale.com.br\/portal\/index.php?rest_route=\/wp\/v2\/posts\/110169","targetHints":{"allow":["GET"]}}],"collection":[{"href":"https:\/\/aconteceunovale.com.br\/portal\/index.php?rest_route=\/wp\/v2\/posts"}],"about":[{"href":"https:\/\/aconteceunovale.com.br\/portal\/index.php?rest_route=\/wp\/v2\/types\/post"}],"author":[{"embeddable":true,"href":"https:\/\/aconteceunovale.com.br\/portal\/index.php?rest_route=\/wp\/v2\/users\/1"}],"replies":[{"embeddable":true,"href":"https:\/\/aconteceunovale.com.br\/portal\/index.php?rest_route=%2Fwp%2Fv2%2Fcomments&post=110169"}],"version-history":[{"count":0,"href":"https:\/\/aconteceunovale.com.br\/portal\/index.php?rest_route=\/wp\/v2\/posts\/110169\/revisions"}],"wp:featuredmedia":[{"embeddable":true,"href":"https:\/\/aconteceunovale.com.br\/portal\/index.php?rest_route=\/wp\/v2\/media\/106574"}],"wp:attachment":[{"href":"https:\/\/aconteceunovale.com.br\/portal\/index.php?rest_route=%2Fwp%2Fv2%2Fmedia&parent=110169"}],"wp:term":[{"taxonomy":"category","embeddable":true,"href":"https:\/\/aconteceunovale.com.br\/portal\/index.php?rest_route=%2Fwp%2Fv2%2Fcategories&post=110169"},{"taxonomy":"post_tag","embeddable":true,"href":"https:\/\/aconteceunovale.com.br\/portal\/index.php?rest_route=%2Fwp%2Fv2%2Ftags&post=110169"}],"curies":[{"name":"wp","href":"https:\/\/api.w.org\/{rel}","templated":true}]}}