{"id":110165,"date":"2017-03-09T20:11:12","date_gmt":"2017-03-09T22:11:12","guid":{"rendered":"http:\/\/aconteceunovale.com.br\/portal\/?p=110165"},"modified":"2017-03-09T20:11:12","modified_gmt":"2017-03-09T22:11:12","slug":"azul-vai-ter-passagens-mais-baratas-para-passageiro-que-nao-despachar-bagagens","status":"publish","type":"post","link":"https:\/\/aconteceunovale.com.br\/portal\/?p=110165","title":{"rendered":"Azul vai ter passagens mais baratas para passageiro que n\u00e3o despachar bagagens"},"content":{"rendered":"<p>A companhia a\u00e9rea Azul informou hoje (9) que vai oferecer uma nova op\u00e7\u00e3o de tarifa com pre\u00e7os reduzidos para quem n\u00e3o despachar bagagem. A empresa disse que vai continuar oferecendo a franquia de bagagens de 23 quilos em seus voos dom\u00e9sticos e manter\u00e1 os pre\u00e7os das passagens a\u00e9reas praticados atualmente.<\/p>\n<p>A permiss\u00e3o para que as empresas a\u00e9reas cobrem para despachar a bagagem, aprovada pela Ag\u00eancia Nacional de Avia\u00e7\u00e3o Civil (Anac), vale para quem comprar passagens a partir do dia 14 deste m\u00eas. O peso permitido para a bagagem de m\u00e3o vai passar de 5 quilos para 10 quilos. Entretanto, o Minist\u00e9rio P\u00fablico Federal em S\u00e3o Paulo (MPF-SP) entrou com a\u00e7\u00e3o hoje, em car\u00e1ter liminar, pedindo a suspens\u00e3o da regra. O pedido ainda ser\u00e1 analisado pela Justi\u00e7a.<\/p>\n<p>O cliente que escolher a nova categoria da  Azul pagar\u00e1 mais barato pela passagem na compara\u00e7\u00e3o com a tarifa atual e poder\u00e1 optar pela compra do servi\u00e7o de bagagem despachada. Se mudar de ideia, o passageiro poder\u00e1 incluir os 23 quilos de bagagem a qualquer momento por R$ 30 e, caso ultrapasse essa cota, ser\u00e1 mantida a atual cobran\u00e7a por quilo excedente.<\/p>\n<p>Nos voos da Azul com destino aos Estados Unidos e \u00e0 Europa, os clientes poder\u00e3o despachar dois volumes de 23 quilos cada, no caso da classe econ\u00f4mica, e tr\u00eas volumes de 23 quilos para a primeira classe. O volume extra vai custar US$ 100. Para os voos na Am\u00e9rica do Sul, a franquia ser\u00e1 de um volume de at\u00e9 23 quilos de bagagem por cliente, e o volume extra vai custar US$ 50 por volume<\/p>\n<p><strong>Outras empresas<\/strong><\/p>\n<p>A empresa a\u00e9rea Latam j\u00e1 informou que ainda este ano passar\u00e1 a cobrar R$ 50 pela primeira mala de 23 quilos despachada pelos passageiros nos voos dom\u00e9sticos. A segunda mala de mesmo peso custar\u00e1 R$ 80. O excesso de peso vai custar entre R$ 120 e R$ 200. Nos pr\u00f3ximos meses, o despacho da primeira bagagem de 23 quilos ainda ser\u00e1 gratuito, e a cobran\u00e7a ser\u00e1 apenas sobre o excesso.<\/p>\n<p>A GOL anunciou que ter\u00e1 uma classe tarif\u00e1ria mais barata para aqueles clientes que n\u00e3o despacharem bagagens, mas manter\u00e1 a op\u00e7\u00e3o de envio de volumes ao adquirir o bilhete, mediante cobran\u00e7a de tarifas do passageiro. Os valores dos volumes despachados ainda ser\u00e3o definidos.<\/p>\n<p>A Avianca Brasil informou que implementar\u00e1 as novas regras aprovadas pela Anac no prazo determinado. Por meio de nota, a companhia afirmou que compromete-se a informar os clientes sobre as mudan\u00e7as em tempo h\u00e1bil e de forma ampla e transparente.<\/p>\n<p><strong>VER PRIMEIRO<\/strong><\/p>\n<p><strong>Receba as not\u00edcias do Aconteceu no Vale em primeira m\u00e3o. Clique em curtir no endere\u00e7o <a href=\"https:\/\/www.facebook.com\/aconteceunovale\" target=\"_blank\"><font color=\"red\">www.facebook.com\/aconteceunovale<\/font><\/a> ou no box abaixo:<\/strong><\/p>\n<div class=\"fb-like\" data-href=\"https:\/\/www.facebook.com\/aconteceunovale\" data-width=\"120\" data-layout=\"standard\" data-action=\"like\" data-size=\"small\" data-show-faces=\"true\" data-share=\"true\"><\/div>\n<p><\/br><\/p>\n<p><em>(Ag\u00eancia Brasil)<\/em><\/p>\n","protected":false},"excerpt":{"rendered":"<p>A companhia a\u00e9rea Azul informou hoje (9) que vai oferecer uma nova op\u00e7\u00e3o de tarifa com pre\u00e7os reduzidos para quem n\u00e3o despachar bagagem. A empresa disse que vai continuar oferecendo a franquia de bagagens de 23 quilos em seus voos dom\u00e9sticos e manter\u00e1 os pre\u00e7os das passagens a\u00e9reas praticados atualmente. A permiss\u00e3o para que as [&hellip;]<\/p>\n","protected":false},"author":1,"featured_media":102113,"comment_status":"open","ping_status":"closed","sticky":false,"template":"","format":"standard","meta":{"amp_status":"","footnotes":""},"categories":[6],"tags":[2581,84416,77876,141740,141736,130148,25253,100304,141738,141739,141737],"class_list":["post-110165","post","type-post","status-publish","format-standard","has-post-thumbnail","hentry","category-br","tag-anac","tag-avianca","tag-azul","tag-azul-vai-ter-passagens-mais-baratas-para-passageiro-que-nao-despachar-bagagens","tag-companhia-aerea-azul","tag-franquia-de-bagagem","tag-gol","tag-latam","tag-para-quem-nao-despachar-bagagem","tag-passagem-barata-para-quem-nao-despachar-bagagem","tag-tarifa-com-precos-reduzidos-para-quem-nao-despachar-bagagem"],"_links":{"self":[{"href":"https:\/\/aconteceunovale.com.br\/portal\/index.php?rest_route=\/wp\/v2\/posts\/110165","targetHints":{"allow":["GET"]}}],"collection":[{"href":"https:\/\/aconteceunovale.com.br\/portal\/index.php?rest_route=\/wp\/v2\/posts"}],"about":[{"href":"https:\/\/aconteceunovale.com.br\/portal\/index.php?rest_route=\/wp\/v2\/types\/post"}],"author":[{"embeddable":true,"href":"https:\/\/aconteceunovale.com.br\/portal\/index.php?rest_route=\/wp\/v2\/users\/1"}],"replies":[{"embeddable":true,"href":"https:\/\/aconteceunovale.com.br\/portal\/index.php?rest_route=%2Fwp%2Fv2%2Fcomments&post=110165"}],"version-history":[{"count":0,"href":"https:\/\/aconteceunovale.com.br\/portal\/index.php?rest_route=\/wp\/v2\/posts\/110165\/revisions"}],"wp:featuredmedia":[{"embeddable":true,"href":"https:\/\/aconteceunovale.com.br\/portal\/index.php?rest_route=\/wp\/v2\/media\/102113"}],"wp:attachment":[{"href":"https:\/\/aconteceunovale.com.br\/portal\/index.php?rest_route=%2Fwp%2Fv2%2Fmedia&parent=110165"}],"wp:term":[{"taxonomy":"category","embeddable":true,"href":"https:\/\/aconteceunovale.com.br\/portal\/index.php?rest_route=%2Fwp%2Fv2%2Fcategories&post=110165"},{"taxonomy":"post_tag","embeddable":true,"href":"https:\/\/aconteceunovale.com.br\/portal\/index.php?rest_route=%2Fwp%2Fv2%2Ftags&post=110165"}],"curies":[{"name":"wp","href":"https:\/\/api.w.org\/{rel}","templated":true}]}}