{"id":110163,"date":"2017-03-09T20:07:34","date_gmt":"2017-03-09T22:07:34","guid":{"rendered":"http:\/\/aconteceunovale.com.br\/portal\/?p=110163"},"modified":"2017-03-09T20:07:34","modified_gmt":"2017-03-09T22:07:34","slug":"carnaval-de-bh-registrou-um-caso-de-violencia-contra-mulher-a-cada-42-minutos","status":"publish","type":"post","link":"https:\/\/aconteceunovale.com.br\/portal\/?p=110163","title":{"rendered":"Carnaval de BH registrou um caso de viol\u00eancia contra mulher a cada 42 minutos"},"content":{"rendered":"<p>A Pol\u00edcia Civil de Minas Gerais divulgou hoje (9) levantamento dos casos de viol\u00eancia contra mulheres no carnaval de Belo Horizonte. Durante os seis dias da folia, entre a sexta-feira e a Quarta-feira de Cinzas foram registradas 205 ocorr\u00eancias. Isto significa que houve uma v\u00edtima a cada 42 minutos de folia.<\/p>\n<p>Foram 150 casos de agress\u00e3o e 46 de les\u00e3o corporal. As nove ocorr\u00eancias restantes envolveram estupro, estupro de vulner\u00e1vel e outras infra\u00e7\u00f5es contra a dignidade sexual.<\/p>\n<p>Os n\u00fameros apontam para uma realidade diferente da que foi apresentada pelo secret\u00e1rio municipal de Seguran\u00e7a P\u00fablica e Preven\u00e7\u00e3o, Cl\u00e1udio Beato, em entrevista coletiva na qual apresentou o balan\u00e7o da prefeitura sobre o carnaval. &#8220;Tivemos apenas uma ocorr\u00eancia mais not\u00e1vel de crime de g\u00eanero, e o acusado est\u00e1 tendo que se explicar hoje na delegacia. O trabalho das for\u00e7as de seguran\u00e7a foi muito positivo. Mas n\u00e3o foi s\u00f3 ele. A sociedade tamb\u00e9m estava mobilizada e preparada para lidar com este tipo de ocorr\u00eancia&#8221;, disse Beato.<\/p>\n<p>Ele se referia ao caso que ganhou destaque na imprensa em que uma mulher foi assediada e recebeu uma cabe\u00e7ada no nariz. A v\u00edtima e testemunhas reconheceram e identificaram o agressor em fotos nas redes sociais. O caso est\u00e1 em investiga\u00e7\u00e3o, por meio de inqu\u00e9rito aberto pela Pol\u00edcia Civil. O homem prestou depoimento na semana passada.<\/p>\n<p>O combate ao ass\u00e9dio havia sido tema de uma campanha e de uma marchinha lan\u00e7ada por foli\u00e3s de Belo Horizonte. A iniciativa contou com o apoio de cerca de 30 blocos, al\u00e9m de entidades como o Sindicato dos Jornalistas Profissionais de Minas Gerais.<\/p>\n<p>Apesar do grande n\u00famero de ocorr\u00eancias neste carnaval, houve queda de 12,76% em rela\u00e7\u00e3o aos n\u00fameros do ano passado (235 casos).<\/p>\n<p><strong>VER PRIMEIRO<\/strong><\/p>\n<p><strong>Receba as not\u00edcias do Aconteceu no Vale em primeira m\u00e3o. Clique em curtir no endere\u00e7o <a href=\"https:\/\/www.facebook.com\/aconteceunovale\" target=\"_blank\"><font color=\"red\">www.facebook.com\/aconteceunovale<\/font><\/a> ou no box abaixo:<\/strong><\/p>\n<div class=\"fb-like\" data-href=\"https:\/\/www.facebook.com\/aconteceunovale\" data-width=\"120\" data-layout=\"standard\" data-action=\"like\" data-size=\"small\" data-show-faces=\"true\" data-share=\"true\"><\/div>\n<p><\/br><\/p>\n<p><em>(Fonte: Ag\u00eancia Brasil)<\/em><\/p>\n","protected":false},"excerpt":{"rendered":"<p>A Pol\u00edcia Civil de Minas Gerais divulgou hoje (9) levantamento dos casos de viol\u00eancia contra mulheres no carnaval de Belo Horizonte. Durante os seis dias da folia, entre a sexta-feira e a Quarta-feira de Cinzas foram registradas 205 ocorr\u00eancias. Isto significa que houve uma v\u00edtima a cada 42 minutos de folia. Foram 150 casos de [&hellip;]<\/p>\n","protected":false},"author":1,"featured_media":109762,"comment_status":"open","ping_status":"closed","sticky":false,"template":"","format":"standard","meta":{"amp_status":"","footnotes":""},"categories":[125],"tags":[194,1017,135651,139390,139391,30519,141734,33249,139389,141126,140791,140795,1018,47713,135895,139640,140789,140794,140792,128565,140786,140785,140793,140787,140788,140790,141735],"class_list":["post-110163","post","type-post","status-publish","format-standard","has-post-thumbnail","hentry","category-noticias","tag-belo-horizonte","tag-bh","tag-carnaval-2017","tag-carnaval-2017-em-belo-horizonte","tag-carnaval-2017-em-bh","tag-carnaval-de-belo-horizonte","tag-carnaval-de-bh-registrou-um-caso-de-violencia-contra-mulher-a-cada-42-minutos","tag-carnaval-em-belo-horizonte","tag-carnaval-em-bh","tag-carnaval-movimentou-mais-de-r-500-milhoes-em-bh","tag-carnavalia","tag-carnivalia","tag-destaque","tag-febre-amarela","tag-febre-amarela-em-belo-horizonte","tag-febre-amarela-em-bh","tag-febre-amarela-parque-das-mangabeiras","tag-fechado","tag-local-do-carnavalia","tag-parque-das-mangabeiras","tag-parque-que-receberia-evento-de-carnaval-em-bh","tag-parque-que-receberia-evento-de-carnaval-em-bh-e-fechado-devido-a-febre-amarela","tag-proibicao-de-eventos-no-parque-das-mangabeiras","tag-suspeita-de-febre-amarela-em-belo-horizonte","tag-suspeita-de-febre-amarela-em-bh","tag-suspeita-de-febre-amarela-parque-das-mangabeiras","tag-violencia-contra-mulher"],"_links":{"self":[{"href":"https:\/\/aconteceunovale.com.br\/portal\/index.php?rest_route=\/wp\/v2\/posts\/110163","targetHints":{"allow":["GET"]}}],"collection":[{"href":"https:\/\/aconteceunovale.com.br\/portal\/index.php?rest_route=\/wp\/v2\/posts"}],"about":[{"href":"https:\/\/aconteceunovale.com.br\/portal\/index.php?rest_route=\/wp\/v2\/types\/post"}],"author":[{"embeddable":true,"href":"https:\/\/aconteceunovale.com.br\/portal\/index.php?rest_route=\/wp\/v2\/users\/1"}],"replies":[{"embeddable":true,"href":"https:\/\/aconteceunovale.com.br\/portal\/index.php?rest_route=%2Fwp%2Fv2%2Fcomments&post=110163"}],"version-history":[{"count":0,"href":"https:\/\/aconteceunovale.com.br\/portal\/index.php?rest_route=\/wp\/v2\/posts\/110163\/revisions"}],"wp:featuredmedia":[{"embeddable":true,"href":"https:\/\/aconteceunovale.com.br\/portal\/index.php?rest_route=\/wp\/v2\/media\/109762"}],"wp:attachment":[{"href":"https:\/\/aconteceunovale.com.br\/portal\/index.php?rest_route=%2Fwp%2Fv2%2Fmedia&parent=110163"}],"wp:term":[{"taxonomy":"category","embeddable":true,"href":"https:\/\/aconteceunovale.com.br\/portal\/index.php?rest_route=%2Fwp%2Fv2%2Fcategories&post=110163"},{"taxonomy":"post_tag","embeddable":true,"href":"https:\/\/aconteceunovale.com.br\/portal\/index.php?rest_route=%2Fwp%2Fv2%2Ftags&post=110163"}],"curies":[{"name":"wp","href":"https:\/\/api.w.org\/{rel}","templated":true}]}}