{"id":110158,"date":"2017-03-09T20:01:05","date_gmt":"2017-03-09T22:01:05","guid":{"rendered":"http:\/\/aconteceunovale.com.br\/portal\/?p=110158"},"modified":"2017-03-09T20:01:05","modified_gmt":"2017-03-09T22:01:05","slug":"lei-que-concede-a-blumenau-titulo-de-capital-nacional-da-cerveja-e-sancionada","status":"publish","type":"post","link":"https:\/\/aconteceunovale.com.br\/portal\/?p=110158","title":{"rendered":"Lei que concede a Blumenau t\u00edtulo de capital nacional da cerveja \u00e9 sancionada"},"content":{"rendered":"<p>Ao sancionar hoje (9) a lei que concede a Blumenau (SC) o t\u00edtulo de capital nacional da cerveja, o presidente Michel Temer destacou o aspecto agregador da bebida. Em discurso no Pal\u00e1cio do Planalto, o autor do projeto que resultou na nova lei, o deputado federal D\u00e9cio Lima (PT-SC), disse que o t\u00edtulo de capital da cerveja dado a Blumenau representa \u201cuma express\u00e3o de amor pelo estado e pela cidade\u201d,<\/p>\n<p>Temer tamb\u00e9m destacou a relev\u00e2ncia do t\u00edtulo para Blumenau. \u201cSuas palavras, D\u00e9cio Lima, revelaram que isso \u00e9 fruto do amor. Na verdade, a ideia de amor, de fraternidade e de confraterniza\u00e7\u00e3o\u201d, disse o presidente. \u201cA cerveja, ali\u00e1s, \u00e9 um fen\u00f4meno de agrega\u00e7\u00e3o e de congrega\u00e7\u00e3o. Voc\u00ea nunca v\u00ea algu\u00e9m tomando cerveja sozinho. Voc\u00ea v\u00ea algu\u00e9m no bar em uma mesa com quatro ou cinco pessoas tomando cerveja e conversando animadamente. Esse \u00e9 o \u00e2nimo que preside a cidade de Blumenau\u201d, acrescentou.<\/p>\n<p>Em diversos momentos, Temer destacou o aspecto agregador e pac\u00edfico da Oktoberfest, festa tradicional que re\u00fane cervejeiros e turistas em Blumenau. \u201c\u00c9 interessante como esse fen\u00f4meno do chope e da cerveja \u00e9 sempre retratado por fotos e quadros como gesto de grande alegria. As pessoas dan\u00e7am, conversam, sorriem. A Oktoberfest \u00e9 uma festa de pacifica\u00e7\u00e3o. Nunca soube que na Oktoberfest houvesse divis\u00f5es, de um lado uns e de outro lado, outros. Ao contr\u00e1rio: de um lado s\u00f3, todos\u201d, destacou o presidente.<\/p>\n<p>\u201cL\u00e1 o que se verifica \u00e9 uma grande confraterniza\u00e7\u00e3o, que n\u00e3o \u00e9 s\u00f3 na cidade. \u00c9 nacional, e at\u00e9 internacional, porque muita gente vai para l\u00e1 nessas oportunidades. Eu n\u00e3o tive ainda essa alegria, mas vamos ver se agora, ap\u00f3s os convites feitos pelos senhores, eu vou tomar pelo menos umas tr\u00eas canecas. As canecas eu at\u00e9 recebi. N\u00e3o trouxeram a cerveja. Ent\u00e3o vou tomar a cerveja l\u00e1\u201d, brincou.<\/p>\n<p>Temer destacou ainda a exist\u00eancia, na cidade, de um grande parque econ\u00f4mico que vai al\u00e9m da cerveja. \u201cPrecisamos muito dessa produ\u00e7\u00e3o industrial acentuada, do turismo\u201d, disse. \u201cSabemos que Blumenau \u00e9 um centro tur\u00edstico extraordin\u00e1rio, especialmente agora, quando a economia come\u00e7a a respirar. Temos os primeiros sintomas disso, com a infla\u00e7\u00e3o e os juros caindo sensivelmente e com a retomada, ainda que lenta, da economia. Penso ent\u00e3o que este momento seja de celebra\u00e7\u00e3o, porque n\u00e3o s\u00f3 ganham os apreciadores de cerveja com r\u00f3tulos para todos os paladares. Ganham os blumenauenses, com empregos, renda e reconhecimento, porque em mat\u00e9ria de arte cervejeira eles n\u00e3o perdem para ningu\u00e9m\u201d, completou.<\/p>\n<p><img decoding=\"async\" src=\"http:\/\/aconteceunovale.com.br\/portal\/wp-content\/uploads\/2017\/03\/oktoberfest.jpg\" alt=\"\" \/><em>Blumenau agora \u00e9 a capital nacional da cerveja (Foto: Divulga\u00e7\u00e3o)<\/em><br \/>\n<\/br><\/p>\n<p><strong>VER PRIMEIRO<\/strong><\/p>\n<p><strong>Receba as not\u00edcias do Aconteceu no Vale em primeira m\u00e3o. Clique em curtir no endere\u00e7o <a href=\"https:\/\/www.facebook.com\/aconteceunovale\" target=\"_blank\"><font color=\"red\">www.facebook.com\/aconteceunovale<\/font><\/a> ou no box abaixo:<\/strong><\/p>\n<div class=\"fb-like\" data-href=\"https:\/\/www.facebook.com\/aconteceunovale\" data-width=\"120\" data-layout=\"standard\" data-action=\"like\" data-size=\"small\" data-show-faces=\"true\" data-share=\"true\"><\/div>\n<p><\/br><\/p>\n<p><em>(Fonte: Ag\u00eancia Brasil)<\/em><\/p>\n","protected":false},"excerpt":{"rendered":"<p>Ao sancionar hoje (9) a lei que concede a Blumenau (SC) o t\u00edtulo de capital nacional da cerveja, o presidente Michel Temer destacou o aspecto agregador da bebida. Em discurso no Pal\u00e1cio do Planalto, o autor do projeto que resultou na nova lei, o deputado federal D\u00e9cio Lima (PT-SC), disse que o t\u00edtulo de capital [&hellip;]<\/p>\n","protected":false},"author":1,"featured_media":110159,"comment_status":"open","ping_status":"closed","sticky":false,"template":"","format":"standard","meta":{"amp_status":"","footnotes":""},"categories":[6],"tags":[122949,141725,141720,141722,141721,96064,141723,1018,141719,20181,141724,61731,26959],"class_list":["post-110158","post","type-post","status-publish","format-standard","has-post-thumbnail","hentry","category-br","tag-blumenau","tag-blumenau-agora-e-a-capital-nacional-da-cerveja","tag-blumenau-e-a-capital-nacional-da-cerveja","tag-capital-brasileira-da-cerveja","tag-capital-nacional-da-cerveja","tag-cerveja","tag-decio-lima","tag-destaque","tag-lei-que-concede-a-blumenau-titulo-de-capital-nacional-da-cerveja-e-sancionada","tag-michel-temer","tag-oktoberfest","tag-palacio-do-planalto","tag-sancao"],"_links":{"self":[{"href":"https:\/\/aconteceunovale.com.br\/portal\/index.php?rest_route=\/wp\/v2\/posts\/110158","targetHints":{"allow":["GET"]}}],"collection":[{"href":"https:\/\/aconteceunovale.com.br\/portal\/index.php?rest_route=\/wp\/v2\/posts"}],"about":[{"href":"https:\/\/aconteceunovale.com.br\/portal\/index.php?rest_route=\/wp\/v2\/types\/post"}],"author":[{"embeddable":true,"href":"https:\/\/aconteceunovale.com.br\/portal\/index.php?rest_route=\/wp\/v2\/users\/1"}],"replies":[{"embeddable":true,"href":"https:\/\/aconteceunovale.com.br\/portal\/index.php?rest_route=%2Fwp%2Fv2%2Fcomments&post=110158"}],"version-history":[{"count":0,"href":"https:\/\/aconteceunovale.com.br\/portal\/index.php?rest_route=\/wp\/v2\/posts\/110158\/revisions"}],"wp:featuredmedia":[{"embeddable":true,"href":"https:\/\/aconteceunovale.com.br\/portal\/index.php?rest_route=\/wp\/v2\/media\/110159"}],"wp:attachment":[{"href":"https:\/\/aconteceunovale.com.br\/portal\/index.php?rest_route=%2Fwp%2Fv2%2Fmedia&parent=110158"}],"wp:term":[{"taxonomy":"category","embeddable":true,"href":"https:\/\/aconteceunovale.com.br\/portal\/index.php?rest_route=%2Fwp%2Fv2%2Fcategories&post=110158"},{"taxonomy":"post_tag","embeddable":true,"href":"https:\/\/aconteceunovale.com.br\/portal\/index.php?rest_route=%2Fwp%2Fv2%2Ftags&post=110158"}],"curies":[{"name":"wp","href":"https:\/\/api.w.org\/{rel}","templated":true}]}}