{"id":110135,"date":"2017-03-09T19:19:42","date_gmt":"2017-03-09T21:19:42","guid":{"rendered":"http:\/\/aconteceunovale.com.br\/portal\/?p=110135"},"modified":"2017-03-09T21:23:44","modified_gmt":"2017-03-09T23:23:44","slug":"deputado-mineiro-diz-que-gosta-do-modelo-de-mulher-silenciosa-no-plenario","status":"publish","type":"post","link":"https:\/\/aconteceunovale.com.br\/portal\/?p=110135","title":{"rendered":"Deputado mineiro diz que gosta do &#8220;modelo de mulher silenciosa&#8221; no plen\u00e1rio"},"content":{"rendered":"<p>Em pleno Dia Internacional das Mulheres, o deputado estadual Jo\u00e3o Leite (PSDB) fez uma declara\u00e7\u00e3o pol\u00eamica na Assembleia Legislativa de Minas Gerais (ALMG). Durante seu tempo de fala, o parlamentar quis elogiar a deputada Geisa Teixeira (PT), que presidia a sess\u00e3o em homenagem \u00e0 data, e acabou cometendo uma gafe ao dizer que gostou do modelo de mulher &#8220;silenciosa&#8221; na mesa.<\/p>\n<p>&#8220;Eu queria agradecer a paci\u00eancia da presidente, Geisa Teixeira, t\u00e3o am\u00e1vel. Gostei desse modelo de mulher na mesa, educada, am\u00e1vel, silenciosa&#8221;, disse Leite. A frase n\u00e3o passou batida e viralizou nas redes sociais nesta quinta-feira (9). &#8220;&#8216;Este modelo de mulher&#8230;&#8217; Somos modelos agora, que nem carro? Com motor silencioso?&#8221;, questionou uma internauta.<\/p>\n<p>A reuni\u00e3o desta quarta foi marcada por pronunciamentos em torno da discuss\u00e3o sobre machismo e homenagens \u00e0s mulheres. A deputada Mar\u00edlia Campos (PT), por exemplo, pediu a vota\u00e7\u00e3o da Proposta de Emenda \u00e0 Constitui\u00e7\u00e3o (PEC) 16\/15, que garante a presen\u00e7a de pelo menos uma mulher na Mesa da ALMG. O texto chegou a passar por todas as comiss\u00f5es necess\u00e1rias e ser discutido em plen\u00e1rio em agosto do ano passado, por\u00e9m, a vota\u00e7\u00e3o foi adiada em seis ocasi\u00f5es por falta de qu\u00f3rum.<\/p>\n<p>A pr\u00f3pria &#8220;homenageada&#8221; por Jo\u00e3o Leite, Geisa Teixeira, aproveitou o tempo de falar para apresentar dados de viol\u00eancia dom\u00e9stica e afirmar que \u00e9 necess\u00e1ria uma mudan\u00e7a na cultura, para que todos entendam que a mulher n\u00e3o \u00e9 um objeto a servi\u00e7o do homem.<\/p>\n<p><strong>&#8216;Tenho convic\u00e7\u00e3o do que a mulher faz pela casa&#8217;, diz Temer<\/strong><\/p>\n<p>O deputado tucano n\u00e3o foi o \u00fanico a cometer uma gafe durante homenagem ao dia das mulheres. Em cerim\u00f4nia no Pal\u00e1cio do Planalto, o presidente Michel Temer (PMDB) afirmou que sabe o quanto as mulheres fazem &#8220;pela casa&#8221;, &#8220;pelo lar&#8221; e, tamb\u00e9m, que as elas t\u00eam uma &#8220;grande participa\u00e7\u00e3o&#8221; na economia porque ningu\u00e9m \u00e9 mais capaz do que elas para &#8220;indicar os desajustes de pre\u00e7o no supermercado e ningu\u00e9m \u00e9 melhor para detectar as eventuais flutua\u00e7\u00f5es econ\u00f4micas, pelo or\u00e7amento dom\u00e9stico maior ou menor&#8221;.<\/p>\n<p>Em sua declara\u00e7\u00e3o, o presidente chegou a falar que a forma\u00e7\u00e3o dos filhos \u00e9 feita pelas mulheres, e n\u00e3o pelos homens. &#8220;Tenho absoluta convic\u00e7\u00e3o, at\u00e9 por forma\u00e7\u00e3o familiar, por estar ao lado da Marcela (Temer), o quanto a mulher faz pela casa, o quanto faz pelo lar, o quanto faz pelos filhos. Se a sociedade, de alguma maneira, vai bem, e os filhos crescem, \u00e9 porque tiveram uma adequada forma\u00e7\u00e3o em suas casas, e seguramente isto quem faz n\u00e3o \u00e9 o homem, mas a mulher&#8221;, disse.<\/p>\n<p>Temer tamb\u00e9m disse que, com as perspectivas de recupera\u00e7\u00e3o econ\u00f4mica, as mulheres ter\u00e3o mais oportunidades de emprego, al\u00e9m de cuidar dos &#8220;afazeres dom\u00e9sticos&#8221;. &#8220;Com a queda da infla\u00e7\u00e3o e dos juros, com o super\u00e1vit recorde da balan\u00e7a comercial, com o crescimento do investimento externo, isso significa emprego, e significa tamb\u00e9m que a mulher, al\u00e9m de cuidar dos afazeres dom\u00e9sticos, ter\u00e1 um campo cada vez mais largo de emprego&#8221;, afirmou, ressaltando que tem dito a empres\u00e1rios que a recess\u00e3o &#8220;est\u00e1 indo embora&#8221;.<\/p>\n<p><strong>V\u00eddeo<\/strong><\/p>\n<p><iframe loading=\"lazy\" width=\"640\" height=\"360\" src=\"https:\/\/www.youtube.com\/embed\/YWuZu1THIa4\" frameborder=\"0\" allowfullscreen><\/iframe><br \/>\n<\/br><\/p>\n<p><strong>VER PRIMEIRO<\/strong><\/p>\n<p><strong>Receba as not\u00edcias do Aconteceu no Vale em primeira m\u00e3o. Clique em curtir no endere\u00e7o <a href=\"https:\/\/www.facebook.com\/aconteceunovale\" target=\"_blank\"><font color=\"red\">www.facebook.com\/aconteceunovale<\/font><\/a> ou no box abaixo:<\/strong><\/p>\n<div class=\"fb-like\" data-href=\"https:\/\/www.facebook.com\/aconteceunovale\" data-width=\"120\" data-layout=\"standard\" data-action=\"like\" data-size=\"small\" data-show-faces=\"true\" data-share=\"true\"><\/div>\n<p><\/br><\/p>\n<p><em>(Fonte: O Tempo \/ Jos\u00e9 V\u00edtor Camilo)<\/em><\/p>\n","protected":false},"excerpt":{"rendered":"<p>Em pleno Dia Internacional das Mulheres, o deputado estadual Jo\u00e3o Leite (PSDB) fez uma declara\u00e7\u00e3o pol\u00eamica na Assembleia Legislativa de Minas Gerais (ALMG). Durante seu tempo de fala, o parlamentar quis elogiar a deputada Geisa Teixeira (PT), que presidia a sess\u00e3o em homenagem \u00e0 data, e acabou cometendo uma gafe ao dizer que gostou do [&hellip;]<\/p>\n","protected":false},"author":1,"featured_media":110139,"comment_status":"open","ping_status":"closed","sticky":false,"template":"","format":"standard","meta":{"amp_status":"","footnotes":""},"categories":[123,40240],"tags":[141692,141688,5283,141690,141691,28996,141689,20181,94729,7882],"class_list":["post-110135","post","type-post","status-publish","format-standard","has-post-thumbnail","hentry","category-gerais","category-politica-2","tag-deputado-mineiro-diz-que-gosta-do-modelo-de-mulher-silenciosa-no-plenario","tag-deputado-mineiro-diz-que-gosta-do-modelo-mulher-silenciosa-no-plenario","tag-dia-internacional-da-mulher","tag-gafe-joao-leite","tag-geisa-teixeira","tag-joao-leite","tag-joao-leite-diz-que-gosta-do-modelo-mulher-silenciosa-no-plenario","tag-michel-temer","tag-presidente-michel-temer","tag-psdb"],"_links":{"self":[{"href":"https:\/\/aconteceunovale.com.br\/portal\/index.php?rest_route=\/wp\/v2\/posts\/110135","targetHints":{"allow":["GET"]}}],"collection":[{"href":"https:\/\/aconteceunovale.com.br\/portal\/index.php?rest_route=\/wp\/v2\/posts"}],"about":[{"href":"https:\/\/aconteceunovale.com.br\/portal\/index.php?rest_route=\/wp\/v2\/types\/post"}],"author":[{"embeddable":true,"href":"https:\/\/aconteceunovale.com.br\/portal\/index.php?rest_route=\/wp\/v2\/users\/1"}],"replies":[{"embeddable":true,"href":"https:\/\/aconteceunovale.com.br\/portal\/index.php?rest_route=%2Fwp%2Fv2%2Fcomments&post=110135"}],"version-history":[{"count":0,"href":"https:\/\/aconteceunovale.com.br\/portal\/index.php?rest_route=\/wp\/v2\/posts\/110135\/revisions"}],"wp:featuredmedia":[{"embeddable":true,"href":"https:\/\/aconteceunovale.com.br\/portal\/index.php?rest_route=\/wp\/v2\/media\/110139"}],"wp:attachment":[{"href":"https:\/\/aconteceunovale.com.br\/portal\/index.php?rest_route=%2Fwp%2Fv2%2Fmedia&parent=110135"}],"wp:term":[{"taxonomy":"category","embeddable":true,"href":"https:\/\/aconteceunovale.com.br\/portal\/index.php?rest_route=%2Fwp%2Fv2%2Fcategories&post=110135"},{"taxonomy":"post_tag","embeddable":true,"href":"https:\/\/aconteceunovale.com.br\/portal\/index.php?rest_route=%2Fwp%2Fv2%2Ftags&post=110135"}],"curies":[{"name":"wp","href":"https:\/\/api.w.org\/{rel}","templated":true}]}}