{"id":110130,"date":"2017-03-09T18:49:37","date_gmt":"2017-03-09T20:49:37","guid":{"rendered":"http:\/\/aconteceunovale.com.br\/portal\/?p=110130"},"modified":"2017-03-09T18:57:52","modified_gmt":"2017-03-09T20:57:52","slug":"rota-area-ligando-bh-a-almenara-sera-inaugurada-nesta-sexta-feira","status":"publish","type":"post","link":"https:\/\/aconteceunovale.com.br\/portal\/?p=110130","title":{"rendered":"Rota a\u00e9rea ligando BH a Almenara ser\u00e1 inaugurada nesta sexta-feira"},"content":{"rendered":"<p>O Governo de Minas Gerais, por meio da Companhia de Desenvolvimento Econ\u00f4mico (Codemig) e da Secretaria de Estado de Transportes e Obras P\u00fablicas (Setop), iniciar\u00e1 nesta sexta-feira (10\/03\/2017) a implanta\u00e7\u00e3o do Projeto de Integra\u00e7\u00e3o Regional de Minas Gerais \u2013 Modal A\u00e9reo (PIRMA) entre Almenara e Belo Horizonte. A partir de segunda-feira, (13\/03) ser\u00e3o oferecidos voos, sem escalas, ligando o Aeroporto da Pampulha \u00e0 cidade do Vale do Jequitinhonha.<\/p>\n<p>O voo inaugural ser\u00e1 realizado nesta sexta-feira e levar\u00e1 funcion\u00e1rios da empresa, e trar\u00e1 de volta, caso tenha passageiros, pessoas da capital para Almenara. O presidente da Codemig destacou a import\u00e2ncia da avia\u00e7\u00e3o regional para o desenvolvimento de diversos territ\u00f3rios de Minas Gerais: \u201c\u00c9 uma iniciativa in\u00e9dita do Governo do Estado para estimular neg\u00f3cios e dinamizar a economia dessas regi\u00f5es. O transporte a\u00e9reo \u00e9 sempre um fator de transforma\u00e7\u00e3o\u201d, salientou Castello Branco.<\/p>\n<p>As vendas dos vouchers de voo s\u00e3o feitas pelo site <strong><a href=\"http:\/\/www.voeminasgerais.com.br\" target=\"_blank\">www.voeminasgerais.com.br<\/a><\/strong>. As viagens s\u00e3o oferecidas em avi\u00f5es de pequeno porte, modelo Cessna Grand Caravan 208 B, homologados pela Ag\u00eancia Nacional de Avia\u00e7\u00e3o Civil (ANAC) para o transporte de at\u00e9 nove passageiros. A companhia a\u00e9rea que presta o servi\u00e7o \u00e9 a Two T\u00e1xi A\u00e9reo, vencedora da licita\u00e7\u00e3o realizada pela Codemig.<\/p>\n<p>O uso de aeronaves de pequeno porte para o transporte de passageiros e cargas \u00e9 usual na regi\u00e3o Norte do Brasil. Em Minas Gerais, a Codemig est\u00e1 investindo no empreendimento para estimular a cultura da avia\u00e7\u00e3o regional, com potencial para se tornar uma opera\u00e7\u00e3o sustent\u00e1vel, capaz de fomentar o turismo e os neg\u00f3cios em todas as regi\u00f5es do estado.<\/p>\n<p><strong>PIRMA e Avia\u00e7\u00e3o<\/strong><\/p>\n<p>O Projeto de Integra\u00e7\u00e3o Regional de Minas Gerais \u2013 Modal A\u00e9reo busca fomentar os neg\u00f3cios regionais, desenvolver o turismo e facilitar o deslocamento de moradores do interior a Belo Horizonte, permitindo que tenham acesso r\u00e1pido a eventos e servi\u00e7os dispon\u00edveis na capital.  Para Minas Gerais, que possui uma \u00e1rea total de quase 600 mil quil\u00f4metros quadrados, o investimento na regionaliza\u00e7\u00e3o por meio do transporte a\u00e9reo \u00e9 estrat\u00e9gico contribui para a redu\u00e7\u00e3o das desigualdades nos 17 territ\u00f3rios de desenvolvimento definidos pelo Governo do Estado.<\/p>\n<p>Segundo informa\u00e7\u00f5es da ANAC, Minas Gerais conta atualmente com 121 aer\u00f3dromos privados e 86 p\u00fablicos. A administra\u00e7\u00e3o, manuten\u00e7\u00e3o e explora\u00e7\u00e3o dos aer\u00f3dromos p\u00fablicos s\u00e3o atribui\u00e7\u00f5es da Uni\u00e3o. A Setop vem trabalhando em processos de delega\u00e7\u00e3o Uni\u00e3o \u2013 Estado, possibilitando investimentos do Governo estadual em reformas, melhorias e posterior delega\u00e7\u00e3o aos munic\u00edpios ou empresas, para opera\u00e7\u00e3o e manuten\u00e7\u00e3o.<\/p>\n<p><img decoding=\"async\" src=\"http:\/\/aconteceunovale.com.br\/portal\/wp-content\/uploads\/2017\/03\/voo_almenara_bh.jpg\" alt=\"\" \/><em>Valores divulgados no site da empresa a\u00e9rea (Divulga\u00e7\u00e3o)<\/em><br \/>\n<\/br><\/p>\n<p><strong>VER PRIMEIRO<\/strong><\/p>\n<p><strong>Receba as not\u00edcias do Aconteceu no Vale em primeira m\u00e3o. Clique em curtir no endere\u00e7o <a href=\"https:\/\/www.facebook.com\/aconteceunovale\" target=\"_blank\"><font color=\"red\">www.facebook.com\/aconteceunovale<\/font><\/a> ou no box abaixo:<\/strong><\/p>\n<div class=\"fb-like\" data-href=\"https:\/\/www.facebook.com\/aconteceunovale\" data-width=\"120\" data-layout=\"standard\" data-action=\"like\" data-size=\"small\" data-show-faces=\"true\" data-share=\"true\"><\/div>\n<p><\/br><\/p>\n<p><em>(Via Di\u00e1rio do Jequi)<\/em><\/p>\n","protected":false},"excerpt":{"rendered":"<p>O Governo de Minas Gerais, por meio da Companhia de Desenvolvimento Econ\u00f4mico (Codemig) e da Secretaria de Estado de Transportes e Obras P\u00fablicas (Setop), iniciar\u00e1 nesta sexta-feira (10\/03\/2017) a implanta\u00e7\u00e3o do Projeto de Integra\u00e7\u00e3o Regional de Minas Gerais \u2013 Modal A\u00e9reo (PIRMA) entre Almenara e Belo Horizonte. A partir de segunda-feira, (13\/03) ser\u00e3o oferecidos voos, [&hellip;]<\/p>\n","protected":false},"author":1,"featured_media":110132,"comment_status":"open","ping_status":"closed","sticky":false,"template":"","format":"standard","meta":{"amp_status":"","footnotes":""},"categories":[120],"tags":[77881,142,1504,27549,194,1017,28355,124977,124978,197,1018,198,199,206,207,209,131,124972,124971,1502,124975,141686,141685,141684,141683,213,214,105855,217,216,124973,141687,141680,218,124976,164,105857,219,223,18771,124974,141682,141681],"class_list":["post-110130","post","type-post","status-publish","format-standard","has-post-thumbnail","hentry","category-jequi","tag-aeroporto-da-pampulha","tag-almenara","tag-araxa","tag-aviacao","tag-belo-horizonte","tag-bh","tag-codemig","tag-comprar-passagens-pirma","tag-comprar-passagens-voe-minas-gerais","tag-curvelo","tag-destaque","tag-diamantina","tag-divinopolis","tag-juiz-de-fora","tag-lavras","tag-manhuacu","tag-minas-gerais","tag-minas-gerais-inaugura-rotas-aereas-ligando-bh-e-municipios-do-interior","tag-minas-gerais-inaugura-rotas-aereas-ligando-bh-e-municipios-do-interior-do-estado","tag-muriae","tag-pagina-voe-minas-gerais","tag-passagem-area-de-belo-horizonte-para-almenara","tag-passagem-area-de-bh-para-almenara","tag-passagem-de-belo-horizonte-para-almenara","tag-passagem-de-bh-para-almenara","tag-passos","tag-patos-de-minas","tag-pirma","tag-ponte-nova","tag-pouso-alegre","tag-projeto-de-integracao-regional-modal-aereo","tag-rota-aerea-ligando-bh-a-almenara-sera-inaugurada-nesta-sexta-feira","tag-rota-area-ligando-bh-a-almenara-sera-inaugurada-nesta-sexta-feira","tag-sao-joao-del-rei","tag-site-voe-minas-gerais","tag-teofilo-otoni","tag-two-taxi-aereo","tag-uba","tag-varginha","tag-vicosa","tag-voe-minas-gerais","tag-voo-entre-belo-horizonte-e-almenara","tag-voo-entre-bh-e-almenara"],"_links":{"self":[{"href":"https:\/\/aconteceunovale.com.br\/portal\/index.php?rest_route=\/wp\/v2\/posts\/110130","targetHints":{"allow":["GET"]}}],"collection":[{"href":"https:\/\/aconteceunovale.com.br\/portal\/index.php?rest_route=\/wp\/v2\/posts"}],"about":[{"href":"https:\/\/aconteceunovale.com.br\/portal\/index.php?rest_route=\/wp\/v2\/types\/post"}],"author":[{"embeddable":true,"href":"https:\/\/aconteceunovale.com.br\/portal\/index.php?rest_route=\/wp\/v2\/users\/1"}],"replies":[{"embeddable":true,"href":"https:\/\/aconteceunovale.com.br\/portal\/index.php?rest_route=%2Fwp%2Fv2%2Fcomments&post=110130"}],"version-history":[{"count":0,"href":"https:\/\/aconteceunovale.com.br\/portal\/index.php?rest_route=\/wp\/v2\/posts\/110130\/revisions"}],"wp:featuredmedia":[{"embeddable":true,"href":"https:\/\/aconteceunovale.com.br\/portal\/index.php?rest_route=\/wp\/v2\/media\/110132"}],"wp:attachment":[{"href":"https:\/\/aconteceunovale.com.br\/portal\/index.php?rest_route=%2Fwp%2Fv2%2Fmedia&parent=110130"}],"wp:term":[{"taxonomy":"category","embeddable":true,"href":"https:\/\/aconteceunovale.com.br\/portal\/index.php?rest_route=%2Fwp%2Fv2%2Fcategories&post=110130"},{"taxonomy":"post_tag","embeddable":true,"href":"https:\/\/aconteceunovale.com.br\/portal\/index.php?rest_route=%2Fwp%2Fv2%2Ftags&post=110130"}],"curies":[{"name":"wp","href":"https:\/\/api.w.org\/{rel}","templated":true}]}}