{"id":110123,"date":"2017-03-09T17:57:14","date_gmt":"2017-03-09T19:57:14","guid":{"rendered":"http:\/\/aconteceunovale.com.br\/portal\/?p=110123"},"modified":"2017-03-09T18:00:27","modified_gmt":"2017-03-09T20:00:27","slug":"governo-de-minas-inaugura-creas-regional-do-mucuri","status":"publish","type":"post","link":"https:\/\/aconteceunovale.com.br\/portal\/?p=110123","title":{"rendered":"Governo de Minas inaugura Creas Regional do Mucuri"},"content":{"rendered":"<p>O Governo de Minas inaugura, nesta sexta-feira (10\/3), em \u00c1guas Formosas, a unidade do Centro de Refer\u00eancia Especializado de Assist\u00eancia Social (Creas) Regional do Mucuri, que atender\u00e1 indiv\u00edduos e fam\u00edlias em situa\u00e7\u00e3o de risco pessoal ou social.<\/p>\n<p>O servi\u00e7o vai atender a popula\u00e7\u00e3o residente em \u00c1guas Formosas, Bert\u00f3polis, Cris\u00f3lita, Fronteira dos Vales, Santa Helena de Minas e Umburatiba.<\/p>\n<p>Pela primeira vez o Estado assume, por meio da Secretaria de Estado de Trabalho e Desenvolvimento Social (Sedese), a oferta de servi\u00e7os de Prote\u00e7\u00e3o Social Especial (PSE) de forma regionalizada para um conjunto de munic\u00edpios e exerce o papel de articulador da prote\u00e7\u00e3o social em todo o Territ\u00f3rio de Desenvolvimento onde o Creas est\u00e1 localizado. <\/p>\n<p>Tamb\u00e9m na sexta-feira ser\u00e1 inaugurado, em Almenara, o Creas Regional do M\u00e9dio e Baixo Jequitinhonha. Em Minas Gerais, atualmente existem 246 Creas, sob a responsabilidade das prefeituras, em 225 munic\u00edpios. Os dois Creas regionais s\u00e3o os primeiros equipamentos estaduais criados para promover direitos e fortalecer fam\u00edlias na sua fun\u00e7\u00e3o protetiva.<\/p>\n<p>O investimento estadual nas duas unidades foi de  aproximadamente meio milh\u00e3o de reais (R$ 502.889,38) e o custo mensal ser\u00e1 de R$ 170.000,00 (as duas unidades).<\/p>\n<p>No Creas Regional h\u00e1 a oferta do Servi\u00e7o de Prote\u00e7\u00e3o e Atendimento Especializado a Fam\u00edlia e Indiv\u00edduos &#8211; Paefi, que faz atendimento a fam\u00edlias e indiv\u00edduos que sofreram viola\u00e7\u00e3o de direitos, como viol\u00eancia f\u00edsica, psicol\u00f3gica, sexual, entre outras.<\/p>\n<p><img decoding=\"async\" src=\"http:\/\/aconteceunovale.com.br\/portal\/wp-content\/uploads\/2017\/03\/creas_regional_mucuri.jpg\" alt=\"\" \/><em>Creas Regional do Mucuri ser\u00e1 inaugurado nesta sexta (Divulga\u00e7\u00e3o)<\/em><br \/>\n<\/br><\/p>\n<p><strong>Promo\u00e7\u00e3o e prote\u00e7\u00e3o de direitos sociais<\/strong><\/p>\n<p>Com capacidade de atendimento de 80 fam\u00edlias ou indiv\u00edduos, a equipe do Creas \u00e9 composta por um coordenador, dois assistentes sociais, dois psic\u00f3logos, um advogado, quatro profissionais de n\u00edvel superior ou m\u00e9dio, dois auxiliares administrativos, um vigia, um motorista e um auxiliar de servi\u00e7os gerais.<\/p>\n<p>A equipe apoia, orienta e acompanha os indiv\u00edduos e as fam\u00edlias que possuem membro em situa\u00e7\u00e3o de amea\u00e7a ou viola\u00e7\u00e3o de direitos. O objetivo \u00e9 o fortalecimento da fam\u00edlia no desempenho de sua fun\u00e7\u00e3o protetiva, sua inclus\u00e3o no sistema de prote\u00e7\u00e3o social e nos demais servi\u00e7os p\u00fablicos (conforme necessidade), a restaura\u00e7\u00e3o e preserva\u00e7\u00e3o da integridade e das condi\u00e7\u00f5es de autonomia dos usu\u00e1rios, a contribui\u00e7\u00e3o para o rompimento com padr\u00f5es violadores de direitos no interior das fam\u00edlias e a preven\u00e7\u00e3o de sua reincid\u00eancia.<\/p>\n<p>A implanta\u00e7\u00e3o de Creas Regionais est\u00e1 prevista no Plano Estadual de Regionaliza\u00e7\u00e3o da Prote\u00e7\u00e3o Social Especial em Minas Gerais. Pactuado na Comiss\u00e3o Intergestora Bipartite (CIB), em 15 de julho de 2015, e aprovado por unanimidade pelo Conselho Estadual de Assist\u00eancia Social (Ceas), em 17 de julho de 2015, o plano cont\u00e9m as diretrizes para a regionaliza\u00e7\u00e3o dos servi\u00e7os especializados para a popula\u00e7\u00e3o em situa\u00e7\u00e3o de viola\u00e7\u00e3o de direito no estado e o planejamento para iniciar a implanta\u00e7\u00e3o dos servi\u00e7os regionais.<\/p>\n<p>A Regionaliza\u00e7\u00e3o da PSE tamb\u00e9m foi um dos temas de discuss\u00e3o das 15 Confer\u00eancias Regionais de Assist\u00eancia Social, realizadas em 2015. Amplamente debatida pelos participantes, a regionaliza\u00e7\u00e3o da PSE gerou demanda, tamb\u00e9m apresentada nos F\u00f3runs Regionais de Governo, que vem ao encontro da proposta governamental: a implementa\u00e7\u00e3o de Creas, mantidos pelo Governo Estadual nos territ\u00f3rios de desenvolvimento e para atender munic\u00edpios de pequeno porte.<\/p>\n<p><strong>Como acessar o servi\u00e7o<\/strong><\/p>\n<p>A demanda pelo servi\u00e7o se d\u00e1 de forma espont\u00e2nea ou via encaminhamento pelos t\u00e9cnicos da Prote\u00e7\u00e3o Social Especial da Secretaria Municipal de Assist\u00eancia Social; pelo Judici\u00e1rio e pelos Conselhos Tutelares e Conselho Municipal da Assist\u00eancia Social; Conselho Municipal dos Direitos da Crian\u00e7a e do Adolescente; Conselho Municipal dos Direitos do Idoso, Conselho Municipal dos Direitos da Mulher e Conselho Municipal dos Direitos das Pessoas com Defici\u00eancia, dentre outros.<\/p>\n<p>Como nem sempre os casos de viol\u00eancia, abandono e abuso s\u00e3o denunciados, os t\u00e9cnicos da equipe do Creas tamb\u00e9m realizam a busca ativa, visitando as \u00e1reas de maior vulnerabilidade nos munic\u00edpios, como pra\u00e7as, entroncamentos de estradas, fronteiras, espa\u00e7os p\u00fablicos onde se realizam atividades laborais, locais de intensa circula\u00e7\u00e3o de pessoas e exist\u00eancia de com\u00e9rcio, terminais de \u00f4nibus e trens.<\/p>\n<p>Com esta abordagem \u00e9 poss\u00edvel atingir a popula\u00e7\u00e3o em situa\u00e7\u00e3o de rua, crian\u00e7as e adolescentes com trajet\u00f3ria de rua e ou em explora\u00e7\u00e3o sexual, atendendo \u00e0s necessidades imediatas desses indiv\u00edduos e incluindo-os na rede socioassistencial.<\/p>\n<p><strong>Servi\u00e7o\/Inaugura\u00e7\u00e3o dos Creas em \u00c1guas Formosas<\/strong><\/p>\n<p><strong>Local:<\/strong> Rua Olinto Medrado 54 \u2013 Centro \u2013 \u00c1guas Formosas<\/p>\n<p><strong>Data:<\/strong> 10 de mar\u00e7o (sexta-feira)<\/p>\n<p><strong>Hor\u00e1rio:<\/strong> 15h30<\/p>\n<p><strong>VER PRIMEIRO<\/strong><\/p>\n<p><strong>Receba as not\u00edcias do Aconteceu no Vale em primeira m\u00e3o. Clique em curtir no endere\u00e7o <a href=\"https:\/\/www.facebook.com\/aconteceunovale\" target=\"_blank\"><font color=\"red\">www.facebook.com\/aconteceunovale<\/font><\/a> ou no box abaixo:<\/strong><\/p>\n<div class=\"fb-like\" data-href=\"https:\/\/www.facebook.com\/aconteceunovale\" data-width=\"120\" data-layout=\"standard\" data-action=\"like\" data-size=\"small\" data-show-faces=\"true\" data-share=\"true\"><\/div>\n<p><\/br><\/p>\n<p><em>(Ag\u00eancia Minas)<\/em><\/p>\n","protected":false},"excerpt":{"rendered":"<p>O Governo de Minas inaugura, nesta sexta-feira (10\/3), em \u00c1guas Formosas, a unidade do Centro de Refer\u00eancia Especializado de Assist\u00eancia Social (Creas) Regional do Mucuri, que atender\u00e1 indiv\u00edduos e fam\u00edlias em situa\u00e7\u00e3o de risco pessoal ou social. O servi\u00e7o vai atender a popula\u00e7\u00e3o residente em \u00c1guas Formosas, Bert\u00f3polis, Cris\u00f3lita, Fronteira dos Vales, Santa Helena de [&hellip;]<\/p>\n","protected":false},"author":1,"featured_media":110124,"comment_status":"open","ping_status":"closed","sticky":false,"template":"","format":"standard","meta":{"amp_status":"","footnotes":""},"categories":[122],"tags":[1536,142,1798,141661,141662,141664,141663,141666,2453,510,6546,141660,141665,990,1812],"class_list":["post-110123","post","type-post","status-publish","format-standard","has-post-thumbnail","hentry","category-mucuri","tag-aguas-formosas","tag-almenara","tag-bertopolis","tag-centro-de-referencia-especializado-de-assistencia-social","tag-creas","tag-creas-regional-do-medio-e-baixo-jequitinhonha","tag-creas-regional-do-mucuri","tag-creas-regional-do-mucuri-sera-inaugurado-nesta-sexta","tag-crisolita","tag-fronteira-dos-vales","tag-governo-de-minas","tag-governo-de-minas-inaugura-creas-regional-do-mucuri","tag-inauguracao-dos-creas-em-aguas-formosas","tag-santa-helena-de-minas","tag-umburatiba"],"_links":{"self":[{"href":"https:\/\/aconteceunovale.com.br\/portal\/index.php?rest_route=\/wp\/v2\/posts\/110123","targetHints":{"allow":["GET"]}}],"collection":[{"href":"https:\/\/aconteceunovale.com.br\/portal\/index.php?rest_route=\/wp\/v2\/posts"}],"about":[{"href":"https:\/\/aconteceunovale.com.br\/portal\/index.php?rest_route=\/wp\/v2\/types\/post"}],"author":[{"embeddable":true,"href":"https:\/\/aconteceunovale.com.br\/portal\/index.php?rest_route=\/wp\/v2\/users\/1"}],"replies":[{"embeddable":true,"href":"https:\/\/aconteceunovale.com.br\/portal\/index.php?rest_route=%2Fwp%2Fv2%2Fcomments&post=110123"}],"version-history":[{"count":0,"href":"https:\/\/aconteceunovale.com.br\/portal\/index.php?rest_route=\/wp\/v2\/posts\/110123\/revisions"}],"wp:featuredmedia":[{"embeddable":true,"href":"https:\/\/aconteceunovale.com.br\/portal\/index.php?rest_route=\/wp\/v2\/media\/110124"}],"wp:attachment":[{"href":"https:\/\/aconteceunovale.com.br\/portal\/index.php?rest_route=%2Fwp%2Fv2%2Fmedia&parent=110123"}],"wp:term":[{"taxonomy":"category","embeddable":true,"href":"https:\/\/aconteceunovale.com.br\/portal\/index.php?rest_route=%2Fwp%2Fv2%2Fcategories&post=110123"},{"taxonomy":"post_tag","embeddable":true,"href":"https:\/\/aconteceunovale.com.br\/portal\/index.php?rest_route=%2Fwp%2Fv2%2Ftags&post=110123"}],"curies":[{"name":"wp","href":"https:\/\/api.w.org\/{rel}","templated":true}]}}