{"id":110120,"date":"2017-03-09T17:44:32","date_gmt":"2017-03-09T19:44:32","guid":{"rendered":"http:\/\/aconteceunovale.com.br\/portal\/?p=110120"},"modified":"2017-03-09T17:44:32","modified_gmt":"2017-03-09T19:44:32","slug":"exportacoes-do-agronegocio-mineiro-alcancam-u-116-bilhao-no-primeiro-bimestre","status":"publish","type":"post","link":"https:\/\/aconteceunovale.com.br\/portal\/?p=110120","title":{"rendered":"Exporta\u00e7\u00f5es do agroneg\u00f3cio mineiro alcan\u00e7am U$ 1,16 bilh\u00e3o no primeiro bimestre"},"content":{"rendered":"<p>A receita das exporta\u00e7\u00f5es mineiras do agroneg\u00f3cio, no primeiro bimestre de 2017, somou US$ 1,16 bilh\u00e3o, valor 16,9% superior ao registrado no mesmo per\u00edodo do ano passado. A cifra alcan\u00e7ada pelas vendas externas equivale a 28,7% do total das exporta\u00e7\u00f5es estaduais, que somaram US$ 4,05 bilh\u00f5es.<\/p>\n<p>O agroneg\u00f3cio tamb\u00e9m se consolidou como segmento importante na balan\u00e7a comercial do pa\u00eds, no per\u00edodo, respondendo por aproximadamente 39% das exporta\u00e7\u00f5es brasileiras, totalizando US$ 11,7 bilh\u00f5es. A informa\u00e7\u00e3o \u00e9 da Secretaria de Agricultura, Pecu\u00e1ria e Abastecimento (Seapa), com base em dados do Minist\u00e9rio de Desenvolvimento, Ind\u00fastria e Com\u00e9rcio Exterior (MDIC).<\/p>\n<p>Em rela\u00e7\u00e3o ao volume, houve queda de 4,8%, totalizando 1,03 milh\u00e3o de toneladas. Segundo o superintendente de Abastecimento e Economia Agr\u00edcola da Seapa, Jo\u00e3o Ricardo Albanez, o saldo positivo das exporta\u00e7\u00f5es se deve ao aumento dos pre\u00e7os pagos pelos produtos exportados, j\u00e1 que houve redu\u00e7\u00e3o na quantidade exportada.<\/p>\n<p>Foi o que aconteceu com o caf\u00e9, principal produto do agroneg\u00f3cio na balan\u00e7a comercial do estado, respondendo por 54,6% da pauta mineira de exporta\u00e7\u00f5es. \u201cO volume embarcado foi praticamente o mesmo em rela\u00e7\u00e3o ao primeiro bimestre do ano passado, com uma diferen\u00e7a positiva de apenas 0,2%, mas registrou aumento de 17,7% nos pre\u00e7os, somando US$ 635 milh\u00f5es\u201d, explica o superintendente.<\/p>\n<p>A soja tamb\u00e9m acompanhou a tend\u00eancia de valoriza\u00e7\u00e3o dos pre\u00e7os. O pre\u00e7o m\u00e9dio pago pela tonelada saltou de US$ 350 nos dois primeiros meses de 2016 para US$ 395 no in\u00edcio deste ano. A varia\u00e7\u00e3o nos pre\u00e7os \u00e9 de 12,8% e o faturamento foi de US$ 33,6 milh\u00f5es.<\/p>\n<p>O segmento das carnes (bovina, su\u00edna, frango e peru) foi o segundo produto da pauta de exporta\u00e7\u00e3o do agroneg\u00f3cio mineiro no per\u00edodo, totalizando US$ 153,8 milh\u00f5es (+27,5%). J\u00e1 o setor sucroalcooleiro registrou faturamento de US$ 144 milh\u00f5es (+13%).<\/p>\n<p>De acordo com o superintendente da Secretaria de Agricultura, estas valoriza\u00e7\u00f5es dos pre\u00e7os das commodities coincidem com um estudo elaborado pela FAO, Organiza\u00e7\u00e3o das Na\u00e7\u00f5es Unidas para Alimenta\u00e7\u00e3o e Agricultura, que prev\u00ea esta tend\u00eancia de crescimento nos pre\u00e7os para este ano.<\/p>\n<p>\u201cO estudo atribuiu valor 100 para analisar o comportamento de cinco grupos (carnes, l\u00e1cteos, cereais, \u00f3leos vegetais e a\u00e7\u00facar). No ano passado, o \u00edndice obtido ficou em 162 e, j\u00e1 neste primeiro bimestre do ano, a sinaliza\u00e7\u00e3o \u00e9 de que o indicador fique em 175, comprovando essa tend\u00eancia do mercado para este ano\u201d, analisa Albanez.<\/p>\n<p>Os principais pa\u00edses compradores, nos dois primeiros meses do ano, foram Alemanha, EUA, China, It\u00e1lia, Jap\u00e3o. Juntos esses pa\u00edses respondem por 46% das exporta\u00e7\u00f5es do agroneg\u00f3cio mineiro.<\/p>\n<p><strong>Exporta\u00e7\u00f5es do Agroneg\u00f3cio \u2013 1\u00ba Bimestre 2017<\/strong><\/p>\n<p>&#8211; Caf\u00e9 \u2013 US$ 635,2 milh\u00f5es (54,6% do agroneg\u00f3cio mineiro)<\/p>\n<p>&#8211; Carnes \u2013 US$ 153,8 milh\u00f5es (14,2%)<\/p>\n<p>&#8211; Complexo Sucroalcooleiro \u2013 US$ 144,1 milh\u00f5es (13,3%)<\/p>\n<p>&#8211; Complexo Soja \u2013 US$ 61,8 milh\u00f5es (5,7%)<\/p>\n<p>&#8211; Produtos Florestais \u2013 US$ 100,9 milh\u00f5es (9,3%)<\/p>\n<p><img decoding=\"async\" src=\"http:\/\/aconteceunovale.com.br\/portal\/wp-content\/uploads\/2017\/03\/cafezal.jpg\" alt=\"\" \/><em>Caf\u00e9 continua sendo o principal produto do agroneg\u00f3cio mineiro (Alexandre Soares\/Emater-MG)<\/em><br \/>\n<\/br><\/p>\n<p><strong>VER PRIMEIRO<\/strong><\/p>\n<p><strong>Receba as not\u00edcias do Aconteceu no Vale em primeira m\u00e3o. Clique em curtir no endere\u00e7o <a href=\"https:\/\/www.facebook.com\/aconteceunovale\" target=\"_blank\"><font color=\"red\">www.facebook.com\/aconteceunovale<\/font><\/a> ou no box abaixo:<\/strong><\/p>\n<div class=\"fb-like\" data-href=\"https:\/\/www.facebook.com\/aconteceunovale\" data-width=\"120\" data-layout=\"standard\" data-action=\"like\" data-size=\"small\" data-show-faces=\"true\" data-share=\"true\"><\/div>\n<p><\/br><\/p>\n<p><em>(Ag\u00eancia Minas)<\/em><\/p>\n","protected":false},"excerpt":{"rendered":"<p>A receita das exporta\u00e7\u00f5es mineiras do agroneg\u00f3cio, no primeiro bimestre de 2017, somou US$ 1,16 bilh\u00e3o, valor 16,9% superior ao registrado no mesmo per\u00edodo do ano passado. A cifra alcan\u00e7ada pelas vendas externas equivale a 28,7% do total das exporta\u00e7\u00f5es estaduais, que somaram US$ 4,05 bilh\u00f5es. O agroneg\u00f3cio tamb\u00e9m se consolidou como segmento importante na [&hellip;]<\/p>\n","protected":false},"author":1,"featured_media":110121,"comment_status":"open","ping_status":"closed","sticky":false,"template":"","format":"standard","meta":{"amp_status":"","footnotes":""},"categories":[123,28848],"tags":[91836,141655,26381,22396,44521,141658,30594,141659,1018,50315,45566,141657,26380,141654,29228,18920,18645,29230,29229,138980,27578,141656],"class_list":["post-110120","post","type-post","status-publish","format-standard","has-post-thumbnail","hentry","category-gerais","category-mundo","tag-agronegocio-de-minas-gerais","tag-agronegocio-em-minas-gerais","tag-agronegocio-mineiro","tag-alemanha","tag-cafe","tag-carnes","tag-china","tag-complexo-sucroalcooleiro","tag-destaque","tag-eua","tag-exportacao-de-cafe-em-minas-gerais","tag-exportacoes-do-agronegocio-1o-bimestre-2017","tag-exportacoes-do-agronegocio-mineiro","tag-exportacoes-do-agronegocio-mineiro-alcancam-u-1-16-bilhao-no-primeiro-bimestre","tag-exportacoes-mineiras-do-agronegocio","tag-italia","tag-japao","tag-joao-ricardo-albanez","tag-mdic","tag-receita-das-exportacoes-mineiras-do-agronegocio","tag-seapa","tag-superintendente-de-abastecimento-e-economia-agricola-da-seapa"],"_links":{"self":[{"href":"https:\/\/aconteceunovale.com.br\/portal\/index.php?rest_route=\/wp\/v2\/posts\/110120","targetHints":{"allow":["GET"]}}],"collection":[{"href":"https:\/\/aconteceunovale.com.br\/portal\/index.php?rest_route=\/wp\/v2\/posts"}],"about":[{"href":"https:\/\/aconteceunovale.com.br\/portal\/index.php?rest_route=\/wp\/v2\/types\/post"}],"author":[{"embeddable":true,"href":"https:\/\/aconteceunovale.com.br\/portal\/index.php?rest_route=\/wp\/v2\/users\/1"}],"replies":[{"embeddable":true,"href":"https:\/\/aconteceunovale.com.br\/portal\/index.php?rest_route=%2Fwp%2Fv2%2Fcomments&post=110120"}],"version-history":[{"count":0,"href":"https:\/\/aconteceunovale.com.br\/portal\/index.php?rest_route=\/wp\/v2\/posts\/110120\/revisions"}],"wp:featuredmedia":[{"embeddable":true,"href":"https:\/\/aconteceunovale.com.br\/portal\/index.php?rest_route=\/wp\/v2\/media\/110121"}],"wp:attachment":[{"href":"https:\/\/aconteceunovale.com.br\/portal\/index.php?rest_route=%2Fwp%2Fv2%2Fmedia&parent=110120"}],"wp:term":[{"taxonomy":"category","embeddable":true,"href":"https:\/\/aconteceunovale.com.br\/portal\/index.php?rest_route=%2Fwp%2Fv2%2Fcategories&post=110120"},{"taxonomy":"post_tag","embeddable":true,"href":"https:\/\/aconteceunovale.com.br\/portal\/index.php?rest_route=%2Fwp%2Fv2%2Ftags&post=110120"}],"curies":[{"name":"wp","href":"https:\/\/api.w.org\/{rel}","templated":true}]}}