{"id":110116,"date":"2017-03-09T17:34:34","date_gmt":"2017-03-09T19:34:34","guid":{"rendered":"http:\/\/aconteceunovale.com.br\/portal\/?p=110116"},"modified":"2017-03-09T17:34:34","modified_gmt":"2017-03-09T19:34:34","slug":"pesquisa-traca-o-perfil-dos-visitantes-em-minas-gerais","status":"publish","type":"post","link":"https:\/\/aconteceunovale.com.br\/portal\/?p=110116","title":{"rendered":"Pesquisa tra\u00e7a o perfil dos visitantes em Minas Gerais"},"content":{"rendered":"<p>Com o objetivo de tra\u00e7ar o perfil dos visitantes em Minas Gerais durante a baixa e m\u00e9dia temporada do ano de 2017, o Governo de Minas Gerais, por meio da Secretaria de Estado de Turismo de Minas Gerais (Setur-MG), realizou a Pesquisa de Demanda Tur\u00edstica.<\/p>\n<p>As informa\u00e7\u00f5es foram recolhidas entre os dias 16 a 29 de janeiro, com aplica\u00e7\u00e3o de 2.733 question\u00e1rios em 39 munic\u00edpios mineiros determinados de forma estrat\u00e9gica. A margem de erro \u00e9 de 2%. A pesquisa prioriza ainda detectar as motiva\u00e7\u00f5es, a satisfa\u00e7\u00e3o e as expectativas de quem esteve em diversos destinos tur\u00edsticos do Estado. <\/p>\n<p>A motiva\u00e7\u00e3o de viagem dos visitantes que visitaram Minas Gerais foi bem distribu\u00edda, sendo que 37% das pessoas viajaram a lazer ou a passeio. Logo atr\u00e1s, est\u00e3o os motivados a visitar amigos e parentes (30%) e, em seguida, aparecem os motivados a neg\u00f3cios com 16%.<\/p>\n<p>Dentre as pessoas que viajaram motivadas a lazer ou passeio, 46% buscaram o turismo cultural. Essa informa\u00e7\u00e3o tamb\u00e9m foi observada durante a s\u00e9rie hist\u00f3rica da pesquisa, que resultou na cria\u00e7\u00e3o da campanha da Setur-MG:  \u201cVenha viver a sua hist\u00f3ria\u201d.<\/p>\n<p>Os que buscaram o contato com a natureza \u2013 ecoturistas \u2013 representaram 33%, seguidos dos 6% que procuraram eventos e\/ou divers\u00e3o noturna.<\/p>\n<p>De acordo com o perfil levantado, 62% dos visitantes s\u00e3o do pr\u00f3prio estado de Minas Gerais, seguido por S\u00e3o Paulo (15%) e Rio de Janeiro (10%). A idade m\u00e9dia dos pesquisados foi de 37 anos.<\/p>\n<p>Em rela\u00e7\u00e3o \u00e0 organiza\u00e7\u00e3o da viagem, 50% dos visitantes afirmaram que j\u00e1 conheciam a cidade na qual foram entrevistados e 93% citaram que organizaram a viagem por conta pr\u00f3pria. Nota-se tamb\u00e9m que 52% chegaram \u00e0 cidade visitada de \u00f4nibus.<\/p>\n<p>De forma positiva, 88,2% dos entrevistados afirmaram que a visita em Minas Gerais atendeu ou superou as expectativas, e 90% dos visitantes ainda afirmaram que pretendem retornar ao estado nos pr\u00f3ximos dois anos.<\/p>\n<p>O n\u00edvel de satisfa\u00e7\u00e3o do visitante, que abrange servi\u00e7os ou dimens\u00f5es tur\u00edsticas tais como seguran\u00e7a p\u00fablica, qualidade de hospedagem e op\u00e7\u00f5es de lazer, recebeu nota m\u00e9dia de 8 numa escala de 1 a 10. Com as maiores avalia\u00e7\u00f5es, destacaram os servi\u00e7os de hospitalidade (8,9), gastronomia\/restaurantes (8,8) e qualidade da hospedagem (8,8).<\/p>\n<p>O tempo m\u00e9dio de perman\u00eancia no estado durante essa temporada foi de 8,7 dias. Os visitantes motivados pelo lazer ficaram em m\u00e9dia 4,4 dias e os visitantes motivados a neg\u00f3cios permaneceram 16,7 dias.<\/p>\n<p>Em rela\u00e7\u00e3o aos gastos realizados durante a viagem, a pesquisa apontou que cada visitante desembolsou, em m\u00e9dia, R$106,60 por dia, totalizando um gasto m\u00e9dio de R$ 927,42 em toda a sua viagem.<\/p>\n<p>Planejando uma pr\u00f3xima viagem, alguns circuitos mineiros geraram mais interesse pelos visitantes. O Circuito Tur\u00edstico Serra da Canastra foi o mais citado, com 28,5% (Arax\u00e1, Sacramento e S\u00e3o Roque de Minas s\u00e3o alguns munic\u00edpios que comp\u00f5em o circuito).<\/p>\n<p>A cidade de Belo Horizonte foi lembrada por 17% dos entrevistados, entrando na lista ocupando o segundo lugar das inten\u00e7\u00f5es de destinos. O Circuito Tur\u00edstico dos Diamantes ficou em terceiro lugar, com 15% (Diamantina, Gouveia e Serro s\u00e3o alguns dos munic\u00edpios que fazem parte do circuito).<\/p>\n<p>A gastronomia foi considerada como a principal imagem do Estado pelos visitantes: 24% dos entrevistados afirmaram que ao pensarem nas palavras \u201cMinas Gerais\u201d, produtos da culin\u00e1ria tradicional mineira foram os mais citados.<\/p>\n<p>Para o secret\u00e1rio de Estado de Turismo de Minas Gerais, Ricardo Faria, a pesquisa, que \u00e9 realizada desde 2006, \u00e9 essencial para tra\u00e7ar as estrat\u00e9gias de gest\u00e3o e do setor de forma ampla.<\/p>\n<p>\u201cO estudo fornece uma s\u00e9rie hist\u00f3rica de grande import\u00e2ncia para an\u00e1lises estat\u00edsticas, gerando dados concretos do turismo. Assim, conseguimos criar pol\u00edticas eficazes para as atividades que envolvem o setor alcan\u00e7ando resultados positivos em demandas desenvolvidas pela nossa equipe\u201d, diz o secret\u00e1rio.<\/p>\n<p>Vale ressaltar que em julho deste ano uma nova etapa da pesquisa de demanda tur\u00edstica ser\u00e1 realizada nos mesmos destinos, considerando a alta temporada.<\/p>\n<p><img decoding=\"async\" src=\"http:\/\/aconteceunovale.com.br\/portal\/wp-content\/uploads\/2017\/03\/turismo_mg_1.png\" alt=\"\" \/><img decoding=\"async\" src=\"http:\/\/aconteceunovale.com.br\/portal\/wp-content\/uploads\/2017\/03\/turismo_mg_2.png\" alt=\"\" \/><br \/>\n<\/br><\/p>\n<p><strong>VER PRIMEIRO<\/strong><\/p>\n<p><strong>Receba as not\u00edcias do Aconteceu no Vale em primeira m\u00e3o. Clique em curtir no endere\u00e7o <a href=\"https:\/\/www.facebook.com\/aconteceunovale\" target=\"_blank\"><font color=\"red\">www.facebook.com\/aconteceunovale<\/font><\/a> ou no box abaixo:<\/strong><\/p>\n<div class=\"fb-like\" data-href=\"https:\/\/www.facebook.com\/aconteceunovale\" data-width=\"120\" data-layout=\"standard\" data-action=\"like\" data-size=\"small\" data-show-faces=\"true\" data-share=\"true\"><\/div>\n<p><\/br><\/p>\n<p><em>(Ag\u00eancia Minas)<\/em><\/p>\n","protected":false},"excerpt":{"rendered":"<p>Com o objetivo de tra\u00e7ar o perfil dos visitantes em Minas Gerais durante a baixa e m\u00e9dia temporada do ano de 2017, o Governo de Minas Gerais, por meio da Secretaria de Estado de Turismo de Minas Gerais (Setur-MG), realizou a Pesquisa de Demanda Tur\u00edstica. As informa\u00e7\u00f5es foram recolhidas entre os dias 16 a 29 [&hellip;]<\/p>\n","protected":false},"author":1,"featured_media":86110,"comment_status":"open","ping_status":"closed","sticky":false,"template":"","format":"standard","meta":{"amp_status":"","footnotes":""},"categories":[123],"tags":[1504,194,141652,141650,141649,141646,198,2998,141648,141647,141645,141653,1505,12268,154,69429,141651],"class_list":["post-110116","post","type-post","status-publish","format-standard","has-post-thumbnail","hentry","category-gerais","tag-araxa","tag-belo-horizonte","tag-cidades-mais-visitadas-em-minas-gerais","tag-circuito-turistico-dos-diamantes","tag-circuito-turistico-serra-da-canastra","tag-demanda-turistica","tag-diamantina","tag-gouveia","tag-perfil-dos-turistas-de-minas-gerais","tag-perfil-dos-visitantes-de-minas-gerais","tag-pesquisa-de-demanda-turistica","tag-pesquisa-traca-o-perfil-dos-visitantes-em-minas-gerais","tag-sacramento","tag-sao-roque-de-minas","tag-serro","tag-turismo-em-minas-gerais","tag-turismo-mineiro"],"_links":{"self":[{"href":"https:\/\/aconteceunovale.com.br\/portal\/index.php?rest_route=\/wp\/v2\/posts\/110116","targetHints":{"allow":["GET"]}}],"collection":[{"href":"https:\/\/aconteceunovale.com.br\/portal\/index.php?rest_route=\/wp\/v2\/posts"}],"about":[{"href":"https:\/\/aconteceunovale.com.br\/portal\/index.php?rest_route=\/wp\/v2\/types\/post"}],"author":[{"embeddable":true,"href":"https:\/\/aconteceunovale.com.br\/portal\/index.php?rest_route=\/wp\/v2\/users\/1"}],"replies":[{"embeddable":true,"href":"https:\/\/aconteceunovale.com.br\/portal\/index.php?rest_route=%2Fwp%2Fv2%2Fcomments&post=110116"}],"version-history":[{"count":0,"href":"https:\/\/aconteceunovale.com.br\/portal\/index.php?rest_route=\/wp\/v2\/posts\/110116\/revisions"}],"wp:featuredmedia":[{"embeddable":true,"href":"https:\/\/aconteceunovale.com.br\/portal\/index.php?rest_route=\/wp\/v2\/media\/86110"}],"wp:attachment":[{"href":"https:\/\/aconteceunovale.com.br\/portal\/index.php?rest_route=%2Fwp%2Fv2%2Fmedia&parent=110116"}],"wp:term":[{"taxonomy":"category","embeddable":true,"href":"https:\/\/aconteceunovale.com.br\/portal\/index.php?rest_route=%2Fwp%2Fv2%2Fcategories&post=110116"},{"taxonomy":"post_tag","embeddable":true,"href":"https:\/\/aconteceunovale.com.br\/portal\/index.php?rest_route=%2Fwp%2Fv2%2Ftags&post=110116"}],"curies":[{"name":"wp","href":"https:\/\/api.w.org\/{rel}","templated":true}]}}