{"id":110106,"date":"2017-03-09T12:29:18","date_gmt":"2017-03-09T14:29:18","guid":{"rendered":"http:\/\/aconteceunovale.com.br\/portal\/?p=110106"},"modified":"2017-03-09T12:29:18","modified_gmt":"2017-03-09T14:29:18","slug":"enem-2017-sera-em-dois-domingos-consecutivos-5-e-12-de-novembro","status":"publish","type":"post","link":"https:\/\/aconteceunovale.com.br\/portal\/?p=110106","title":{"rendered":"Enem 2017 ser\u00e1 em dois domingos consecutivos: 5 e 12 de novembro"},"content":{"rendered":"<p>O Minist\u00e9rio da Educa\u00e7\u00e3o (MEC) anunciou mudan\u00e7as no Exame Nacional do Ensino M\u00e9dio (Enem) que, este ano, ser\u00e1 realizado em dois domingos consecutivos &#8211; dias 5 e 12 de novembro &#8211; e n\u00e3o mais em um \u00fanico fim de semana. As inscri\u00e7\u00f5es estar\u00e3o abertas de 8 a 19 de maio.<\/p>\n<p>A medida dever\u00e1 beneficiar os sabatistas, integrantes de religi\u00f5es que guardam o s\u00e1bado. At\u00e9 o ano passado, eles tinham que ficar isolados em uma sala das 13h (hor\u00e1rio de in\u00edcio da prova) at\u00e9 o sol de p\u00f4r e faziam as provas de s\u00e1bado \u00e0 noite. <\/p>\n<p>Os candidatos interessados em fazer o exame devem pagar uma taxa de inscri\u00e7\u00e3o. S\u00e3o isentos do pagamento da taxa os estudantes concluintes do ensino m\u00e9dio em escolas p\u00fablicas e os participantes de baixa renda. Os estudantes isentos que n\u00e3o comparecerem e n\u00e3o justificarem a aus\u00eancia perder\u00e3o o benef\u00edcio em 2018, caso queiram fazer a prova novamente. <\/p>\n<p>As mudan\u00e7as foram feitas com base em consulta p\u00fablica realizada pelo minist\u00e9rio.<\/p>\n<p><strong>VER PRIMEIRO<\/strong><\/p>\n<p><strong>Receba as not\u00edcias do Aconteceu no Vale em primeira m\u00e3o. Clique em curtir no endere\u00e7o <a href=\"https:\/\/www.facebook.com\/aconteceunovale\" target=\"_blank\"><font color=\"red\">www.facebook.com\/aconteceunovale<\/font><\/a> ou no box abaixo:<\/strong><\/p>\n<div class=\"fb-like\" data-href=\"https:\/\/www.facebook.com\/aconteceunovale\" data-width=\"120\" data-layout=\"standard\" data-action=\"like\" data-size=\"small\" data-show-faces=\"true\" data-share=\"true\"><\/div>\n<p><\/br><\/p>\n<p><em>(Fonte: Ag\u00eancia Brasil)<\/em><\/p>\n","protected":false},"excerpt":{"rendered":"<p>O Minist\u00e9rio da Educa\u00e7\u00e3o (MEC) anunciou mudan\u00e7as no Exame Nacional do Ensino M\u00e9dio (Enem) que, este ano, ser\u00e1 realizado em dois domingos consecutivos &#8211; dias 5 e 12 de novembro &#8211; e n\u00e3o mais em um \u00fanico fim de semana. As inscri\u00e7\u00f5es estar\u00e3o abertas de 8 a 19 de maio. A medida dever\u00e1 beneficiar os [&hellip;]<\/p>\n","protected":false},"author":1,"featured_media":89156,"comment_status":"open","ping_status":"closed","sticky":false,"template":"","format":"standard","meta":{"amp_status":"","footnotes":""},"categories":[6,40238],"tags":[141629,141626,141627,141628,141625,141624,524,136442,141623,141622,19776,1168,22390,88818],"class_list":["post-110106","post","type-post","status-publish","format-standard","has-post-thumbnail","hentry","category-br","category-educacao-2","tag-alteracoes-enem","tag-aplicacao-das-provas-do-enem-2017","tag-aplicacao-do-enem-2017","tag-calendario-enem-2017","tag-data-das-provas-do-enem-2017","tag-data-enem-2017","tag-enem","tag-enem-2017","tag-enem-2017-sera-em-dois-domingos-consecutivos","tag-enem-2017-sera-em-dois-domingos-consecutivos-5-e-12-de-novembro","tag-exame-nacional-do-ensino-medio","tag-mec","tag-ministerio-da-educacao","tag-mudancas-enem"],"_links":{"self":[{"href":"https:\/\/aconteceunovale.com.br\/portal\/index.php?rest_route=\/wp\/v2\/posts\/110106","targetHints":{"allow":["GET"]}}],"collection":[{"href":"https:\/\/aconteceunovale.com.br\/portal\/index.php?rest_route=\/wp\/v2\/posts"}],"about":[{"href":"https:\/\/aconteceunovale.com.br\/portal\/index.php?rest_route=\/wp\/v2\/types\/post"}],"author":[{"embeddable":true,"href":"https:\/\/aconteceunovale.com.br\/portal\/index.php?rest_route=\/wp\/v2\/users\/1"}],"replies":[{"embeddable":true,"href":"https:\/\/aconteceunovale.com.br\/portal\/index.php?rest_route=%2Fwp%2Fv2%2Fcomments&post=110106"}],"version-history":[{"count":0,"href":"https:\/\/aconteceunovale.com.br\/portal\/index.php?rest_route=\/wp\/v2\/posts\/110106\/revisions"}],"wp:featuredmedia":[{"embeddable":true,"href":"https:\/\/aconteceunovale.com.br\/portal\/index.php?rest_route=\/wp\/v2\/media\/89156"}],"wp:attachment":[{"href":"https:\/\/aconteceunovale.com.br\/portal\/index.php?rest_route=%2Fwp%2Fv2%2Fmedia&parent=110106"}],"wp:term":[{"taxonomy":"category","embeddable":true,"href":"https:\/\/aconteceunovale.com.br\/portal\/index.php?rest_route=%2Fwp%2Fv2%2Fcategories&post=110106"},{"taxonomy":"post_tag","embeddable":true,"href":"https:\/\/aconteceunovale.com.br\/portal\/index.php?rest_route=%2Fwp%2Fv2%2Ftags&post=110106"}],"curies":[{"name":"wp","href":"https:\/\/api.w.org\/{rel}","templated":true}]}}