{"id":110101,"date":"2017-03-09T12:18:31","date_gmt":"2017-03-09T14:18:31","guid":{"rendered":"http:\/\/aconteceunovale.com.br\/portal\/?p=110101"},"modified":"2017-03-09T12:18:31","modified_gmt":"2017-03-09T14:18:31","slug":"fabio-ramalho-se-justifica-sobre-proposta-polemica-e-diz-que-lugar-de-estuprador-e-na-cadeia","status":"publish","type":"post","link":"https:\/\/aconteceunovale.com.br\/portal\/?p=110101","title":{"rendered":"F\u00e1bio Ramalho se justifica sobre proposta pol\u00eamica e diz que \u201clugar de estuprador \u00e9 na cadeia\u201d"},"content":{"rendered":"<p>O deputado federal F\u00e1bio Ramalho (PMDB-MG), primeiro vice-presidente da C\u00e2mara, divulgou v\u00eddeo na segunda-feira (6) para se justificar sobre o pol\u00eamico relat\u00f3rio apresentado por ele na condi\u00e7\u00e3o de relator do projeto que transforma em crime hediondo a divulga\u00e7\u00e3o de cenas de viol\u00eancia sexual e as ocorr\u00eancias de estupro coletivo.<\/p>\n<p>O deputado iniciou o v\u00eddeo afirmando que, ao contr\u00e1rio do que disseram alguns ve\u00edculos de comunica\u00e7\u00e3o, que fizeram parecer que ele estava a defender penas mais brandas para estupradores, a sua posi\u00e7\u00e3o \u00e9 a de que \u201clugar de estuprador \u00e9 na cadeia\u201d.<\/p>\n<p>Por\u00e9m, ele explicou que, da maneira como a lei atualmente interpreta, o estuprador consegue se safar pagando uma multa ou convertendo o seu crime em simples contraven\u00e7\u00e3o. Ainda segundo o deputado, \u00e9 preciso pegar os exemplos de outros pa\u00edses, aonde quem pratica esse tipo de crime vai realmente para a cadeia e aplicar essa mesma realidade aqui no Brasil.<\/p>\n<p>A \u00edntegra do relat\u00f3rio da CCJ sobre o tema <span style=\"color: #ff0000;\"><a href=\"http:\/\/www.camara.gov.br\/proposicoesWeb\/prop_mostrarintegra;jsessionid=5781A430BE27854136FD0E61C198498E.proposicoesWebExterno1?codteor=1516351&amp;filename=Parecer-CCJC-12-12-2016\" target=\"_blank\"><span style=\"color: #ff0000;\">pode ser acessada aqui<\/span><\/a><\/span>.<\/p>\n<p><img decoding=\"async\" src=\"http:\/\/aconteceunovale.com.br\/portal\/wp-content\/uploads\/2017\/03\/fabio_ramalho_deputado.jpg\" alt=\"\" \/><em>F\u00e1bio Ramalho, primeiro vice-presidente da C\u00e2mara (Luis Macedo\/C\u00e2mara dos Deputados)<\/em><br \/>\n<\/br><\/p>\n<h4>Confira o v\u00eddeo divulgado pelo deputado<\/h4>\n<p><iframe loading=\"lazy\" src=\"https:\/\/www.facebook.com\/plugins\/video.php?href=https%3A%2F%2Fwww.facebook.com%2Fdeputadofabioramalho4311%2Fvideos%2F1305165462862453%2F&#038;show_text=0&#038;width=400\" width=\"400\" height=\"600\" style=\"border:none;overflow:hidden\" scrolling=\"no\" frameborder=\"0\" allowTransparency=\"true\" allowFullScreen=\"true\"><\/iframe><br \/>\n<\/br><\/p>\n<p><strong>VER PRIMEIRO<\/strong><\/p>\n<p><strong>Receba as not\u00edcias do Aconteceu no Vale em primeira m\u00e3o. Clique em curtir no endere\u00e7o <a href=\"https:\/\/www.facebook.com\/aconteceunovale\" target=\"_blank\"><font color=\"red\">www.facebook.com\/aconteceunovale<\/font><\/a> ou no box abaixo:<\/strong><\/p>\n<div class=\"fb-like\" data-href=\"https:\/\/www.facebook.com\/aconteceunovale\" data-width=\"120\" data-layout=\"standard\" data-action=\"like\" data-size=\"small\" data-show-faces=\"true\" data-share=\"true\"><\/div>\n<p><\/br><\/p>\n<p><em>(Via Minas Rep\u00f3rter)<\/em><\/p>\n","protected":false},"excerpt":{"rendered":"<p>O deputado federal F\u00e1bio Ramalho (PMDB-MG), primeiro vice-presidente da C\u00e2mara, divulgou v\u00eddeo na segunda-feira (6) para se justificar sobre o pol\u00eamico relat\u00f3rio apresentado por ele na condi\u00e7\u00e3o de relator do projeto que transforma em crime hediondo a divulga\u00e7\u00e3o de cenas de viol\u00eancia sexual e as ocorr\u00eancias de estupro coletivo. O deputado iniciou o v\u00eddeo afirmando [&hellip;]<\/p>\n","protected":false},"author":1,"featured_media":108187,"comment_status":"open","ping_status":"closed","sticky":false,"template":"","format":"standard","meta":{"amp_status":"","footnotes":""},"categories":[6,40240],"tags":[141551,1018,96515,115037,505,41240,141549,141618,141619,140718,141550,141620,141554,141552,141621,141553,140719],"class_list":["post-110101","post","type-post","status-publish","format-standard","has-post-thumbnail","hentry","category-br","category-politica-2","tag-crime-de-estupro-de-vulneravel-quando-o-ato-nao-envolver-penetracao-ou-sexo-oral","tag-destaque","tag-estupro","tag-estupro-de-vulneravel","tag-fabinho-ramalho","tag-fabio-ramalho","tag-fabio-ramalho-propoe-reduzir-pena-para-estupro-de-vulneravel","tag-fabio-ramalho-se-justifica-sobre-proposta-polemica-e-diz-lugar-de-estuprador-e-na-cadeia","tag-fabio-ramalho-se-justifica-sobre-proposta-polemica-e-diz-que-lugar-de-estuprador-e-na-cadeia","tag-primeiro-vice-presidente-da-camara","tag-projeto-de-lei-atualmente-em-tramitacao-na-camara-dos-deputados-propoe-reduzir-de-um-sexto-ate-dois-tercos-a-pena-para-o-crime-de-estupro-de-vulneravel-quando-o-ato-nao-envolver-penetracao-ou-sexo-ora","tag-projeto-polemico","tag-punicao-para-estupro-de-vulneravel","tag-reducao-da-pena-para-crime-de-estupro-de-vulneravel-quando-o-ato-nao-envolver-penetracao-ou-sexo-oral","tag-tipificacao-de-penas","tag-vanessa-grazziotin","tag-vice-presidente-da-camara"],"_links":{"self":[{"href":"https:\/\/aconteceunovale.com.br\/portal\/index.php?rest_route=\/wp\/v2\/posts\/110101","targetHints":{"allow":["GET"]}}],"collection":[{"href":"https:\/\/aconteceunovale.com.br\/portal\/index.php?rest_route=\/wp\/v2\/posts"}],"about":[{"href":"https:\/\/aconteceunovale.com.br\/portal\/index.php?rest_route=\/wp\/v2\/types\/post"}],"author":[{"embeddable":true,"href":"https:\/\/aconteceunovale.com.br\/portal\/index.php?rest_route=\/wp\/v2\/users\/1"}],"replies":[{"embeddable":true,"href":"https:\/\/aconteceunovale.com.br\/portal\/index.php?rest_route=%2Fwp%2Fv2%2Fcomments&post=110101"}],"version-history":[{"count":0,"href":"https:\/\/aconteceunovale.com.br\/portal\/index.php?rest_route=\/wp\/v2\/posts\/110101\/revisions"}],"wp:featuredmedia":[{"embeddable":true,"href":"https:\/\/aconteceunovale.com.br\/portal\/index.php?rest_route=\/wp\/v2\/media\/108187"}],"wp:attachment":[{"href":"https:\/\/aconteceunovale.com.br\/portal\/index.php?rest_route=%2Fwp%2Fv2%2Fmedia&parent=110101"}],"wp:term":[{"taxonomy":"category","embeddable":true,"href":"https:\/\/aconteceunovale.com.br\/portal\/index.php?rest_route=%2Fwp%2Fv2%2Fcategories&post=110101"},{"taxonomy":"post_tag","embeddable":true,"href":"https:\/\/aconteceunovale.com.br\/portal\/index.php?rest_route=%2Fwp%2Fv2%2Ftags&post=110101"}],"curies":[{"name":"wp","href":"https:\/\/api.w.org\/{rel}","templated":true}]}}